{"id":1069,"date":"2016-06-29T19:53:00","date_gmt":"2016-06-29T19:53:00","guid":{"rendered":"https:\/\/izvak.org\/?p=1069"},"modified":"2024-12-11T20:00:21","modified_gmt":"2024-12-11T20:00:21","slug":"izvakta-kongre-gunu","status":"publish","type":"post","link":"https:\/\/izvak.org\/index.php\/2016\/06\/29\/izvakta-kongre-gunu\/","title":{"rendered":"\u0130ZVAK&#8217;TA KONGRE G\u00dcN\u00dc"},"content":{"rendered":"\n<p>\u0130ZM\u0130R G\u00fcc\u00fc Spor Vakf\u0131\u2019n\u0131n ola\u011fan\u00fcst\u00fc genel kurulu Hilton Oteli\u2019nde yap\u0131lacak. Ba\u015fkan Erdo\u011fan T\u00f6zge; yeni bir y\u00f6netimle vakf\u0131n yola devam edece\u011fini belirtti.<\/p>\n\n\n\n<p>SON ola\u011fan genel kurulda kapat\u0131lmas\u0131 i\u00e7in tavsiye karar\u0131 al\u0131nan \u0130zmir G\u00fcc\u00fc Spor Vakf\u0131 (\u0130ZVAK) i\u00e7in yeni bir umut do\u011fdu. Erdo\u011fan T\u00f6zge ba\u015fkanl\u0131\u011f\u0131ndaki \u0130ZVAK y\u00f6netimi, bir s\u00fcredir vakf\u0131n hayat\u0131n\u0131 devam ettirebilmesi i\u00e7in gerekli temaslar\u0131 s\u00fcrd\u00fcr\u00fcp, Haziran ay\u0131 ba\u015f\u0131nda ola\u011fan\u00fcst\u00fc genel kurul karar\u0131 al\u0131rken, yeni olu\u015fum i\u00e7in Kar\u015f\u0131yaka Eski Ba\u015fkan\u0131 Ali Erten ba\u015fkanl\u0131\u011f\u0131nda yeni bir olu\u015fuma ye\u015fil \u0131\u015f\u0131k yakt\u0131.<\/p>\n\n\n\n<p>Per\u015fembe g\u00fcn\u00fc (yar\u0131n) Hilton Oteli\u2019nde saat 18.00\u2019de ikincisi yap\u0131lacak olan genel kurulda yepyeni bir y\u00f6netimin i\u015fba\u015f\u0131na gelece\u011fini belirten Erdo\u011fan T\u00f6zge ba\u015fkanl\u0131\u011f\u0131ndaki \u0130ZVAK Y\u00f6netimi, \u015fu a\u00e7\u0131klamay\u0131 yapt\u0131:<\/p>\n\n\n\n<p>\u201cKar\u015f\u0131yaka Eski Ba\u015fkan\u0131 Say\u0131n Ali Erten ba\u015fkanl\u0131\u011f\u0131nda , yeni bir vizyon ve bu kongrede g\u00fcndeme gelecek t\u00fcz\u00fck de\u011fi\u015fikli\u011fiyle vakf\u0131 yeniden canland\u0131rmak istiyoruz. \u0130zmir\u2019in profesyonel liglerdeki t\u00fcm temsilcilerinin yer alaca\u011f\u0131 g\u00fc\u00e7l\u00fc bir yap\u0131 \u00f6ng\u00f6r\u00fcyoruz. Bu olu\u015fum, kul\u00fcplerimize ; sosyal ve tesis projelerinin yan\u0131 s\u0131ra lobi deste\u011fi sa\u011flayacak, yar\u0131m kalan yat\u0131r\u0131mlar\u0131n tamamlanmas\u0131 ve yeni yat\u0131r\u0131mlar\u0131n koordine edilmesi noktas\u0131nda destek olacak. \u0130zmir Spor Camias\u0131\u2019na hay\u0131rl\u0131 olmas\u0131n\u0131 diliyorum. \u0130ZVAK m\u00fctevelli heyetinin ve kurucular\u0131n\u0131n bu olu\u015fuma tam deste\u011fi olacak\u201d dedi.<\/p>\n\n\n\n<p>\u0130ZVAK\u2019\u0131n yeni y\u00f6netimi 11 asil 11 yedek olmak \u00fczere 22 ki\u015fi ve kurumdan olu\u015facak\u2026<\/p>\n","protected":false},"excerpt":{"rendered":"<p>\u0130ZM\u0130R G\u00fcc\u00fc Spor Vakf\u0131\u2019n\u0131n ola\u011fan\u00fcst\u00fc genel kurulu Hilton Oteli\u2019nde yap\u0131lacak. Ba\u015fkan Erdo\u011fan T\u00f6zge; yeni bir y\u00f6netimle vakf\u0131n yola devam edece\u011fini belirtti. SON ola\u011fan genel kurulda kapat\u0131lmas\u0131 i\u00e7in tavsiye karar\u0131 al\u0131nan \u0130zmir G\u00fcc\u00fc Spor Vakf\u0131 (\u0130ZVAK) i\u00e7in yeni bir umut do\u011fdu. Erdo\u011fan T\u00f6zge ba\u015fkanl\u0131\u011f\u0131ndaki \u0130ZVAK y\u00f6netimi, bir s\u00fcredir vakf\u0131n hayat\u0131n\u0131 devam ettirebilmesi i\u00e7in gerekli temaslar\u0131 s\u00fcrd\u00fcr\u00fcp, [&hellip;]<\/p>\n","protected":false},"author":2,"featured_media":1070,"comment_status":"open","ping_status":"open","sticky":false,"template":"","format":"standard","meta":{"_uag_custom_page_level_css":"","footnotes":""},"categories":[7],"tags":[],"class_list":["post-1069","post","type-post","status-publish","format-standard","has-post-thumbnail","hentry","category-haberler"],"uagb_featured_image_src":{"full":["https:\/\/izvak.org\/wp-content\/uploads\/2024\/12\/hba40b6.jpg",800,500,false],"thumbnail":["https:\/\/izvak.org\/wp-content\/uploads\/2024\/12\/hba40b6-150x150.jpg",150,150,true],"medium":["https:\/\/izvak.org\/wp-content\/uploads\/2024\/12\/hba40b6-300x188.jpg",300,188,true],"medium_large":["https:\/\/izvak.org\/wp-content\/uploads\/2024\/12\/hba40b6-768x480.jpg",640,400,true],"large":["https:\/\/izvak.org\/wp-content\/uploads\/2024\/12\/hba40b6.jpg",640,400,false],"1536x1536":["https:\/\/izvak.org\/wp-content\/uploads\/2024\/12\/hba40b6.jpg",800,500,false],"2048x2048":["https:\/\/izvak.org\/wp-content\/uploads\/2024\/12\/hba40b6.jpg",800,500,false]},"uagb_author_info":{"display_name":"izvak_haber","author_link":"https:\/\/izvak.org\/index.php\/author\/izvak_haber\/"},"uagb_comment_info":0,"uagb_excerpt":"\u0130ZM\u0130R G\u00fcc\u00fc Spor Vakf\u0131\u2019n\u0131n ola\u011fan\u00fcst\u00fc genel kurulu Hilton Oteli\u2019nde yap\u0131lacak. Ba\u015fkan Erdo\u011fan T\u00f6zge; yeni bir y\u00f6netimle vakf\u0131n yola devam edece\u011fini belirtti. SON ola\u011fan genel kurulda kapat\u0131lmas\u0131 i\u00e7in tavsiye karar\u0131 al\u0131nan \u0130zmir G\u00fcc\u00fc Spor Vakf\u0131 (\u0130ZVAK) i\u00e7in yeni bir umut do\u011fdu. Erdo\u011fan T\u00f6zge ba\u015fkanl\u0131\u011f\u0131ndaki \u0130ZVAK y\u00f6netimi, bir s\u00fcredir vakf\u0131n hayat\u0131n\u0131 devam ettirebilmesi i\u00e7in gerekli temaslar\u0131 s\u00fcrd\u00fcr\u00fcp,&hellip;","_links":{"self":[{"href":"https:\/\/izvak.org\/index.php\/wp-json\/wp\/v2\/posts\/1069","targetHints":{"allow":["GET"]}}],"collection":[{"href":"https:\/\/izvak.org\/index.php\/wp-json\/wp\/v2\/posts"}],"about":[{"href":"https:\/\/izvak.org\/index.php\/wp-json\/wp\/v2\/types\/post"}],"author":[{"embeddable":true,"href":"https:\/\/izvak.org\/index.php\/wp-json\/wp\/v2\/users\/2"}],"replies":[{"embeddable":true,"href":"https:\/\/izvak.org\/index.php\/wp-json\/wp\/v2\/comments?post=1069"}],"version-history":[{"count":1,"href":"https:\/\/izvak.org\/index.php\/wp-json\/wp\/v2\/posts\/1069\/revisions"}],"predecessor-version":[{"id":1071,"href":"https:\/\/izvak.org\/index.php\/wp-json\/wp\/v2\/posts\/1069\/revisions\/1071"}],"wp:featuredmedia":[{"embeddable":true,"href":"https:\/\/izvak.org\/index.php\/wp-json\/wp\/v2\/media\/1070"}],"wp:attachment":[{"href":"https:\/\/izvak.org\/index.php\/wp-json\/wp\/v2\/media?parent=1069"}],"wp:term":[{"taxonomy":"category","embeddable":true,"href":"https:\/\/izvak.org\/index.php\/wp-json\/wp\/v2\/categories?post=1069"},{"taxonomy":"post_tag","embeddable":true,"href":"https:\/\/izvak.org\/index.php\/wp-json\/wp\/v2\/tags?post=1069"}],"curies":[{"name":"wp","href":"https:\/\/api.w.org\/{rel}","templated":true}]}}