{"id":1075,"date":"2017-03-02T20:17:00","date_gmt":"2017-03-02T20:17:00","guid":{"rendered":"https:\/\/izvak.org\/?p=1075"},"modified":"2024-12-11T20:20:35","modified_gmt":"2024-12-11T20:20:35","slug":"demokrasi-icin-kuluplerimiz-el-ele","status":"publish","type":"post","link":"https:\/\/izvak.org\/index.php\/2017\/03\/02\/demokrasi-icin-kuluplerimiz-el-ele\/","title":{"rendered":"DEMOKRAS\u0130 \u0130\u00c7\u0130N KUL\u00dcPLER\u0130M\u0130Z EL ELE"},"content":{"rendered":"\n<p>\u0130zmir&#8217;in d\u00f6rt b\u00fcy\u00fck kul\u00fcb\u00fc Kar\u015f\u0131yaka, G\u00f6ztepe, Altay ve Alt\u0131nordu, darbe giri\u015fimine tepki olarak 12 A\u011fustos&#8217;ta d\u00fczenlenecek 15 Temmuz Demokrasi Kupas\u0131 Futbol Turnuvas\u0131&#8217;nda bir araya gelerek; birlik, beraberlik ve dostluk mesajlar\u0131 verecek.<\/p>\n\n\n\n<p>\u0130zmir Spor Kul\u00fcpleri Birli\u011fi ve Geli\u015ftirme Vakf\u0131&#8217;n\u0131n (\u0130ZVAK) \u00f6nc\u00fcl\u00fc\u011f\u00fcnde, \u0130zmir Valili\u011fi ve B\u00fcy\u00fck\u015fehir Belediyesi&#8217;nin destekleriyle organize edilen turnuvan\u0131n Hilton Oteli&#8217;ndeki tan\u0131t\u0131m toplant\u0131s\u0131na \u0130ZVAK Ba\u015fkan\u0131 Ali Erten, Gen\u00e7lik Hizmetleri ve Spor \u0130l M\u00fcd\u00fcr\u00fc Ali Osman Tatl\u0131su, G\u00f6ztepe Ba\u015fkan\u0131 Mehmet Sepil, Kar\u015f\u0131yaka Ba\u015fkan\u0131 Mutlu Altu\u011f, Altay Ba\u015fkan\u0131 Cihangir Marmara ve Alt\u0131nordu Ba\u015fkan Vekili Bar\u0131\u015f Orhunbilge kat\u0131ld\u0131.<\/p>\n\n\n\n<p>Toplant\u0131da 15 Temmuz \u015fehitlerine rahmet dileyen \u0130ZVAK Ba\u015fkan\u0131 Ali Erten, &#8220;\u0130zmir&#8217;in spor kul\u00fcpleri olarak demokrasimize, vatan\u0131m\u0131za ve bayra\u011f\u0131m\u0131za sahip \u00e7\u0131k\u0131yoruz&#8221; dedi.<br>Turnuvay\u0131, \u0130ZVAK \u00fcyesi 9 kul\u00fcp aras\u0131nda kurulu\u015f tarihleri en eski olan 4&#8217;\u00fcn\u00fcn kat\u0131l\u0131m\u0131yla d\u00fczenlediklerini dile getiren Erten, &#8220;S\u00f6z konusu vatan ise gerisi teferruatt\u0131r. Sahada rakibiz ama gerekti\u011finde omuz omuzay\u0131z. Taraftarlar trib\u00fcnlerde ayr\u0131 ayr\u0131 oturmayacak. T\u00fcm\u00fc ellerinde bayraklar\u0131yla omuz omuza olacak&#8221; diye konu\u015ftu.<br>\u00c7ok anlaml\u0131 bir organizasyona imza at\u0131laca\u011f\u0131n\u0131 belirten Gen\u00e7lik Hizmetleri ve Spor \u0130l M\u00fcd\u00fcr\u00fc Ali Ali Osman Tatl\u0131su, &#8220;15 Temmuz&#8217;da \u00fclkemiz i\u00e7in en \u00f6nemli, en de\u011ferli olay ger\u00e7ekle\u015fti. Milletimiz darbeye kar\u015f\u0131 kendi iradesini ortaya koydu. Bu turnuvada kaybeden de\u011fil, kazanan olacak&#8221; ifadelerini kulland\u0131.<\/p>\n\n\n\n<p>Alt\u0131nordu Y\u00f6neticisi Bar\u0131\u015f Orhunbilge, \u0130ZVAK&#8217;tan davet geldi\u011finde hi\u00e7 d\u00fc\u015f\u00fcnmeden kabul ettiklerini belirterek, &#8220;\u0130zmir olarak demokrasi \u015f\u00f6lenine imza ataca\u011f\u0131z&#8221; dedi.<br>Cihangir Marmara, &#8220;Milli m\u00fccadele ruhuyla kurulan bir kul\u00fcp olarak turnuvaya heyecanla kat\u0131laca\u011f\u0131z&#8221; yorumunu yapt\u0131.<\/p>\n\n\n\n<p>En \u00f6nemli olgunun halk\u0131n birlikteli\u011fini g\u00f6stermek oldu\u011funu vurgulayan Mehmet Sepil, &#8220;Daha demokratik, daha g\u00fczel bir \u00fclkeye birlikte kavu\u015faca\u011f\u0131z. Spor kul\u00fcpleri olarak amac\u0131m\u0131z gen\u00e7 nesiller yeti\u015ftirmek. \u0130zmir&#8217;i birle\u015ftirme ad\u0131na, T\u00fcrkiye ad\u0131na bu turnuvan\u0131n d\u00fczenlenmesine b\u00fcy\u00fck \u00f6nem veriyoruz. Burada ama\u00e7 g\u00fc\u00e7 g\u00f6sterisi de\u011fil, birlikteli\u011fi sergilemek olacak&#8221; \u015feklinde konu\u015ftu. Kar\u015f\u0131yaka&#8217;n\u0131n renklerinden k\u0131rm\u0131z\u0131n\u0131n T\u00fcrk&#8217;l\u00fc\u011f\u00fc, ye\u015filin ise \u0130slam&#8217;\u0131 temsil etti\u011fini hat\u0131rlatan Mutlu Altu\u011f, &#8220;104 y\u0131ll\u0131k kul\u00fcb\u00fcm\u00fcz\u00fcn milletimize, bayra\u011f\u0131m\u0131za gelecek her t\u00fcrl\u00fc zevalin kar\u015f\u0131s\u0131nda olaca\u011f\u0131m\u0131z\u0131n bilinmesini isterim, Milletimizin gerekti\u011finde omuz omuza olaca\u011f\u0131n\u0131 g\u00f6stermek ad\u0131na turnuvaya kat\u0131ld\u0131k. T\u00fcrkiye ve d\u00fcnyaya dostluk mesaj\u0131 verece\u011fiz&#8221; diye g\u00f6r\u00fc\u015f bildirdi. TSYD \u0130zmir \u015eube Ba\u015fkan\u0131 Bahri Okumu\u015f da ilk olarak \u0130zmir&#8217;de yap\u0131lacak kupan\u0131n anlaml\u0131 oldu\u011funu s\u00f6yledi.<\/p>\n\n\n\n<p>EV SAH\u0130B\u0130 YEN\u0130 BORNOVA<br>Do\u011fanlar&#8217;da yap\u0131m\u0131 s\u00fcren Yeni Bornova Stad\u0131 kap\u0131lar\u0131n\u0131 ilk kez 15 Temmuz Demokrasi Kupas\u0131&#8217;nda a\u00e7acak. \u0130n\u015faat a\u015famas\u0131ndaki tesisteki eksikler turnuvan\u0131n yap\u0131laca\u011f\u0131 12 A\u011fustos \u00c7ar\u015famba g\u00fcn\u00fcne kadar giderilemezse, Gen\u00e7lik Spor \u0130l M\u00fcd\u00fcrl\u00fc\u011f\u00fc Atat\u00fcrk Stad\u0131&#8217;n\u0131 haz\u0131r tutacak. \u0130zmir B\u00fcy\u00fck\u015fehir Belediyesi, turnuvan\u0131n oynanaca\u011f\u0131 g\u00fcn stad\u0131n bulundu\u011fu Do\u011fanlar&#8217;a \u00fccretsiz ula\u015f\u0131m deste\u011fi verecek. Saat 19.00&#8217;da ba\u015flayacak turnuvada tak\u0131mlar ikili e\u015fle\u015ferek 45&#8217;er dakikal\u0131k ma\u00e7lar oynayacak. Galip tak\u0131mlar ayn\u0131 g\u00fcn yine 45 dakikal\u0131k final, ma\u011fluplar ise \u00fc\u00e7\u00fcnc\u00fcl\u00fck m\u00fcsabakas\u0131na kacak. Giri\u015fleri \u00fccretsiz olacak turnuvada trib\u00fcn ayr\u0131m\u0131 yap\u0131lmayacak. T\u00fcm taraftarlar ellerinde ay-y\u0131ld\u0131zl\u0131 bayraklar\u0131m\u0131zla ma\u00e7lar\u0131 izleyecek. Kuralar \u00f6n\u00fcm\u00fczdeki g\u00fcnlerde \u00e7ekilecek.<\/p>\n\n\n\n<p>13 YIL SONRA BULU\u015eTULAR<br>Ezeli rekipler Kar\u015f\u0131yaka ve G\u00f6ztepe, 13 y\u0131l sonra ilk kez birlikte \u00f6zel bir turnuvaya kat\u0131lacak. \u0130ki tak\u0131m son olarak 2003 y\u0131l\u0131nda TSYD Turnuvas\u0131&#8217;nda birlikte boy g\u00f6sterdi.<br>O ma\u00e7ta \u00e7\u0131kan olaylar nedeniyle hem Kar\u015f\u0131yaka hem de G\u00f6ztepe a\u011f\u0131r cezalar ald\u0131. Demokrasi \u015fehitleri ad\u0131na d\u00fczenlenecek bu organizasyonda olumsuzluk ya\u015fanmayaca\u011f\u0131n\u0131 s\u00f6yleyen G\u00f6ztepe Ba\u015fkan\u0131 Mehmet Sepil, &#8220;Bizim i\u00e7in hem Kar\u015f\u0131yaka hem Altay&#8217;la rekabetimiz \u00f6nemli. Rekabetin taraflar\u0131 ba\u015far\u0131s\u0131zl\u0131\u011fa de\u011fil ba\u015far\u0131ya g\u00f6t\u00fcrmesi gerekiyor. B\u00f6yle organizasyonlardan korkmamak laz\u0131m. Bu ma\u00e7lar\u0131n amac\u0131, birlikteli\u011fi g\u00f6stermek&#8221; dedi.<\/p>\n\n\n\n<p>Kar\u015f\u0131yaka Ba\u015fkan\u0131 Mutlu Altu\u011f&#8217;la ilk kez bir araya geldiklerinin alt\u0131n\u0131 \u00e7izen Sepil, &#8220;Ben seyircilerimizin yan yana oturacak olmas\u0131ndan \u00fcrkm\u00fcyorum. Ge\u00e7mi\u015fte benzer bir turnuvada olaylar ya\u015fanm\u0131\u015f ve ceza al\u0131nm\u0131\u015f. Biz ge\u00e7en sezon t\u00fcm T\u00fcrkiye&#8217;ye \u00f6rnek olarak trib\u00fcnlerin payla\u015f\u0131ld\u0131\u011f\u0131 derbiler oynad\u0131k. \u0130leride yapmaya da devam edece\u011fiz. Taraftar bunun bilincinde olacak, kendi aralar\u0131nda organizasyonu sa\u011flayacak&#8221; diye konu\u015ftu.<br>Kul\u00fcpler aras\u0131nda tatl\u0131 rekabet oldu\u011funu vurgulayan Mutlu Altu\u011f ise \u015f\u00f6yle dedi:<br>&#8220;Bug\u00fcn konu\u015falanlar futboldan \u00f6te bir memleket meselesi. T\u00fcrkiye&#8217;ye mesaj verece\u011fiz. Taraftarlar aras\u0131nda hi\u00e7bir olumsuz ya\u015fanmaz. Trib\u00fcnler bayraklarla omuz omuza olacak.&#8221;<\/p>\n\n\n\n<p><\/p>\n","protected":false},"excerpt":{"rendered":"<p>\u0130zmir&#8217;in d\u00f6rt b\u00fcy\u00fck kul\u00fcb\u00fc Kar\u015f\u0131yaka, G\u00f6ztepe, Altay ve Alt\u0131nordu, darbe giri\u015fimine tepki olarak 12 A\u011fustos&#8217;ta d\u00fczenlenecek 15 Temmuz Demokrasi Kupas\u0131 Futbol Turnuvas\u0131&#8217;nda bir araya gelerek; birlik, beraberlik ve dostluk mesajlar\u0131 verecek. \u0130zmir Spor Kul\u00fcpleri Birli\u011fi ve Geli\u015ftirme Vakf\u0131&#8217;n\u0131n (\u0130ZVAK) \u00f6nc\u00fcl\u00fc\u011f\u00fcnde, \u0130zmir Valili\u011fi ve B\u00fcy\u00fck\u015fehir Belediyesi&#8217;nin destekleriyle organize edilen turnuvan\u0131n Hilton Oteli&#8217;ndeki tan\u0131t\u0131m toplant\u0131s\u0131na \u0130ZVAK Ba\u015fkan\u0131 [&hellip;]<\/p>\n","protected":false},"author":2,"featured_media":1076,"comment_status":"open","ping_status":"open","sticky":false,"template":"","format":"standard","meta":{"_uag_custom_page_level_css":"","footnotes":""},"categories":[7],"tags":[],"class_list":["post-1075","post","type-post","status-publish","format-standard","has-post-thumbnail","hentry","category-haberler"],"uagb_featured_image_src":{"full":["https:\/\/izvak.org\/wp-content\/uploads\/2024\/12\/hb09577.jpg",800,600,false],"thumbnail":["https:\/\/izvak.org\/wp-content\/uploads\/2024\/12\/hb09577-150x150.jpg",150,150,true],"medium":["https:\/\/izvak.org\/wp-content\/uploads\/2024\/12\/hb09577-300x225.jpg",300,225,true],"medium_large":["https:\/\/izvak.org\/wp-content\/uploads\/2024\/12\/hb09577-768x576.jpg",640,480,true],"large":["https:\/\/izvak.org\/wp-content\/uploads\/2024\/12\/hb09577.jpg",640,480,false],"1536x1536":["https:\/\/izvak.org\/wp-content\/uploads\/2024\/12\/hb09577.jpg",800,600,false],"2048x2048":["https:\/\/izvak.org\/wp-content\/uploads\/2024\/12\/hb09577.jpg",800,600,false]},"uagb_author_info":{"display_name":"izvak_haber","author_link":"https:\/\/izvak.org\/index.php\/author\/izvak_haber\/"},"uagb_comment_info":0,"uagb_excerpt":"\u0130zmir&#8217;in d\u00f6rt b\u00fcy\u00fck kul\u00fcb\u00fc Kar\u015f\u0131yaka, G\u00f6ztepe, Altay ve Alt\u0131nordu, darbe giri\u015fimine tepki olarak 12 A\u011fustos&#8217;ta d\u00fczenlenecek 15 Temmuz Demokrasi Kupas\u0131 Futbol Turnuvas\u0131&#8217;nda bir araya gelerek; birlik, beraberlik ve dostluk mesajlar\u0131 verecek. \u0130zmir Spor Kul\u00fcpleri Birli\u011fi ve Geli\u015ftirme Vakf\u0131&#8217;n\u0131n (\u0130ZVAK) \u00f6nc\u00fcl\u00fc\u011f\u00fcnde, \u0130zmir Valili\u011fi ve B\u00fcy\u00fck\u015fehir Belediyesi&#8217;nin destekleriyle organize edilen turnuvan\u0131n Hilton Oteli&#8217;ndeki tan\u0131t\u0131m toplant\u0131s\u0131na \u0130ZVAK Ba\u015fkan\u0131&hellip;","_links":{"self":[{"href":"https:\/\/izvak.org\/index.php\/wp-json\/wp\/v2\/posts\/1075","targetHints":{"allow":["GET"]}}],"collection":[{"href":"https:\/\/izvak.org\/index.php\/wp-json\/wp\/v2\/posts"}],"about":[{"href":"https:\/\/izvak.org\/index.php\/wp-json\/wp\/v2\/types\/post"}],"author":[{"embeddable":true,"href":"https:\/\/izvak.org\/index.php\/wp-json\/wp\/v2\/users\/2"}],"replies":[{"embeddable":true,"href":"https:\/\/izvak.org\/index.php\/wp-json\/wp\/v2\/comments?post=1075"}],"version-history":[{"count":1,"href":"https:\/\/izvak.org\/index.php\/wp-json\/wp\/v2\/posts\/1075\/revisions"}],"predecessor-version":[{"id":1077,"href":"https:\/\/izvak.org\/index.php\/wp-json\/wp\/v2\/posts\/1075\/revisions\/1077"}],"wp:featuredmedia":[{"embeddable":true,"href":"https:\/\/izvak.org\/index.php\/wp-json\/wp\/v2\/media\/1076"}],"wp:attachment":[{"href":"https:\/\/izvak.org\/index.php\/wp-json\/wp\/v2\/media?parent=1075"}],"wp:term":[{"taxonomy":"category","embeddable":true,"href":"https:\/\/izvak.org\/index.php\/wp-json\/wp\/v2\/categories?post=1075"},{"taxonomy":"post_tag","embeddable":true,"href":"https:\/\/izvak.org\/index.php\/wp-json\/wp\/v2\/tags?post=1075"}],"curies":[{"name":"wp","href":"https:\/\/api.w.org\/{rel}","templated":true}]}}