{"id":1081,"date":"2016-08-09T20:27:00","date_gmt":"2016-08-09T20:27:00","guid":{"rendered":"https:\/\/izvak.org\/?p=1081"},"modified":"2024-12-11T20:33:07","modified_gmt":"2024-12-11T20:33:07","slug":"demokrasi-kupasi-zirvesi","status":"publish","type":"post","link":"https:\/\/izvak.org\/index.php\/2016\/08\/09\/demokrasi-kupasi-zirvesi\/","title":{"rendered":"DEMOKRAS\u0130 KUPASI Z\u0130RVES\u0130"},"content":{"rendered":"\n<p>\u0130ZM\u0130R Spor Kul\u00fcpleri Birli\u011fi ve Geli\u015ftirme Vakf\u0131&#8217;n\u0131n (\u0130ZVAK) \u00f6nc\u00fcl\u00fc\u011f\u00fcnde, darbe giri\u015fimine tepki amac\u0131yla Alt\u0131nordu, G\u00f6ztepe, Kar\u015f\u0131yaka ve Altay&#8217;\u0131n kat\u0131l\u0131m\u0131 ile 10 A\u011fustos\u2019ta Atat\u00fcrk Stad\u0131&#8217;nda d\u00fczenlenmesi planlanan 15 Temmuz Demokrasi Kupas\u0131 11 A\u011fustos Per\u015fembe g\u00fcn\u00fcne ertelenirken, turnuvan\u0131n format\u0131nda yap\u0131lan de\u011fi\u015fiklikle ma\u00e7lar\u0131n karma tak\u0131mlarla oynanmas\u0131 kararla\u015ft\u0131r\u0131ld\u0131.<\/p>\n\n\n\n<p>\u0130zmir Valili\u011fi, Emniyet M\u00fcd\u00fcrl\u00fc\u011f\u00fc ve kul\u00fcplerden gelen talepler do\u011frultusunda yap\u0131lan de\u011fi\u015fikli\u011fe g\u00f6re, Alt\u0131nordu, G\u00f6ztepe, Kar\u015f\u0131yaka ve Altay tak\u0131mlar\u0131 per\u015fembe g\u00fcn\u00fc stada 18 ki\u015filik kadrolarla gelecek, di\u011fer \u0130zmir kul\u00fcpleri de organizasyona futbolcu ve teknik adam verebilecek.<\/p>\n\n\n\n<p>D\u00f6rt teknik adam; H\u00fcseyin Ero\u011flu (Alt\u0131nordu), Okan Buruk (G\u00f6ztepe), Soner Tolung\u00fc\u00e7 (Kar\u015f\u0131yaka) ve Serdar Sabuncu (Altay) ile turnuvaya kat\u0131lmak isteyen di\u011fer kul\u00fcplerin teknik adamlar\u0131, ellerindeki geni\u015f kadrodan 11&#8217;er ki\u015filik 4 tak\u0131m olu\u015fturacak.<br>Ay y\u0131ld\u0131zl\u0131 forma giyecek k\u0131rm\u0131z\u0131 ve beyaz tak\u0131mlar, saat 20.00&#8217;de ve 21.00&#8217;de 45&#8217;er dakikal\u0131k iki ma\u00e7 oynayacak, s\u0131ralaman\u0131n yap\u0131lmayaca\u011f\u0131 turnuvada 4 ekibe de kupa verilecek.<\/p>\n\n\n\n<p>Kul\u00fcp ba\u015fkanlar\u0131na te\u015fekk\u00fcr eden \u0130ZVAK Ba\u015fkan\u0131 Ali Erten, &#8220;Bu turnuva sayesinde \u0130zmir&#8217;den t\u00fcm \u00fclkeye g\u00fczel bir mesaj verip, bar\u0131\u015f ve uzla\u015f\u0131 iklimine katk\u0131da bulunaca\u011f\u0131z. \u0130zmirlileri, per\u015fembe g\u00fcn\u00fc Atat\u00fcrk Stad\u0131&#8217;na bekliyoruz&#8221; dedi.<\/p>\n\n\n\n<p><\/p>\n","protected":false},"excerpt":{"rendered":"<p>\u0130ZM\u0130R Spor Kul\u00fcpleri Birli\u011fi ve Geli\u015ftirme Vakf\u0131&#8217;n\u0131n (\u0130ZVAK) \u00f6nc\u00fcl\u00fc\u011f\u00fcnde, darbe giri\u015fimine tepki amac\u0131yla Alt\u0131nordu, G\u00f6ztepe, Kar\u015f\u0131yaka ve Altay&#8217;\u0131n kat\u0131l\u0131m\u0131 ile 10 A\u011fustos\u2019ta Atat\u00fcrk Stad\u0131&#8217;nda d\u00fczenlenmesi planlanan 15 Temmuz Demokrasi Kupas\u0131 11 A\u011fustos Per\u015fembe g\u00fcn\u00fcne ertelenirken, turnuvan\u0131n format\u0131nda yap\u0131lan de\u011fi\u015fiklikle ma\u00e7lar\u0131n karma tak\u0131mlarla oynanmas\u0131 kararla\u015ft\u0131r\u0131ld\u0131. \u0130zmir Valili\u011fi, Emniyet M\u00fcd\u00fcrl\u00fc\u011f\u00fc ve kul\u00fcplerden gelen talepler do\u011frultusunda yap\u0131lan de\u011fi\u015fikli\u011fe [&hellip;]<\/p>\n","protected":false},"author":2,"featured_media":1083,"comment_status":"open","ping_status":"open","sticky":false,"template":"","format":"standard","meta":{"_uag_custom_page_level_css":"","footnotes":""},"categories":[7],"tags":[],"class_list":["post-1081","post","type-post","status-publish","format-standard","has-post-thumbnail","hentry","category-haberler"],"uagb_featured_image_src":{"full":["https:\/\/izvak.org\/wp-content\/uploads\/2024\/12\/hbfb2b8-1.jpg",800,600,false],"thumbnail":["https:\/\/izvak.org\/wp-content\/uploads\/2024\/12\/hbfb2b8-1-150x150.jpg",150,150,true],"medium":["https:\/\/izvak.org\/wp-content\/uploads\/2024\/12\/hbfb2b8-1-300x225.jpg",300,225,true],"medium_large":["https:\/\/izvak.org\/wp-content\/uploads\/2024\/12\/hbfb2b8-1-768x576.jpg",640,480,true],"large":["https:\/\/izvak.org\/wp-content\/uploads\/2024\/12\/hbfb2b8-1.jpg",640,480,false],"1536x1536":["https:\/\/izvak.org\/wp-content\/uploads\/2024\/12\/hbfb2b8-1.jpg",800,600,false],"2048x2048":["https:\/\/izvak.org\/wp-content\/uploads\/2024\/12\/hbfb2b8-1.jpg",800,600,false]},"uagb_author_info":{"display_name":"izvak_haber","author_link":"https:\/\/izvak.org\/index.php\/author\/izvak_haber\/"},"uagb_comment_info":0,"uagb_excerpt":"\u0130ZM\u0130R Spor Kul\u00fcpleri Birli\u011fi ve Geli\u015ftirme Vakf\u0131&#8217;n\u0131n (\u0130ZVAK) \u00f6nc\u00fcl\u00fc\u011f\u00fcnde, darbe giri\u015fimine tepki amac\u0131yla Alt\u0131nordu, G\u00f6ztepe, Kar\u015f\u0131yaka ve Altay&#8217;\u0131n kat\u0131l\u0131m\u0131 ile 10 A\u011fustos\u2019ta Atat\u00fcrk Stad\u0131&#8217;nda d\u00fczenlenmesi planlanan 15 Temmuz Demokrasi Kupas\u0131 11 A\u011fustos Per\u015fembe g\u00fcn\u00fcne ertelenirken, turnuvan\u0131n format\u0131nda yap\u0131lan de\u011fi\u015fiklikle ma\u00e7lar\u0131n karma tak\u0131mlarla oynanmas\u0131 kararla\u015ft\u0131r\u0131ld\u0131. \u0130zmir Valili\u011fi, Emniyet M\u00fcd\u00fcrl\u00fc\u011f\u00fc ve kul\u00fcplerden gelen talepler do\u011frultusunda yap\u0131lan de\u011fi\u015fikli\u011fe&hellip;","_links":{"self":[{"href":"https:\/\/izvak.org\/index.php\/wp-json\/wp\/v2\/posts\/1081","targetHints":{"allow":["GET"]}}],"collection":[{"href":"https:\/\/izvak.org\/index.php\/wp-json\/wp\/v2\/posts"}],"about":[{"href":"https:\/\/izvak.org\/index.php\/wp-json\/wp\/v2\/types\/post"}],"author":[{"embeddable":true,"href":"https:\/\/izvak.org\/index.php\/wp-json\/wp\/v2\/users\/2"}],"replies":[{"embeddable":true,"href":"https:\/\/izvak.org\/index.php\/wp-json\/wp\/v2\/comments?post=1081"}],"version-history":[{"count":1,"href":"https:\/\/izvak.org\/index.php\/wp-json\/wp\/v2\/posts\/1081\/revisions"}],"predecessor-version":[{"id":1084,"href":"https:\/\/izvak.org\/index.php\/wp-json\/wp\/v2\/posts\/1081\/revisions\/1084"}],"wp:featuredmedia":[{"embeddable":true,"href":"https:\/\/izvak.org\/index.php\/wp-json\/wp\/v2\/media\/1083"}],"wp:attachment":[{"href":"https:\/\/izvak.org\/index.php\/wp-json\/wp\/v2\/media?parent=1081"}],"wp:term":[{"taxonomy":"category","embeddable":true,"href":"https:\/\/izvak.org\/index.php\/wp-json\/wp\/v2\/categories?post=1081"},{"taxonomy":"post_tag","embeddable":true,"href":"https:\/\/izvak.org\/index.php\/wp-json\/wp\/v2\/tags?post=1081"}],"curies":[{"name":"wp","href":"https:\/\/api.w.org\/{rel}","templated":true}]}}