{"id":1097,"date":"2016-11-01T20:45:00","date_gmt":"2016-11-01T20:45:00","guid":{"rendered":"https:\/\/izvak.org\/?p=1097"},"modified":"2024-12-11T20:50:12","modified_gmt":"2024-12-11T20:50:12","slug":"ankarada-alsancak-stadi-zirvesi","status":"publish","type":"post","link":"https:\/\/izvak.org\/index.php\/2016\/11\/01\/ankarada-alsancak-stadi-zirvesi\/","title":{"rendered":"ANKARA&#8217;DA ALSANCAK STADI Z\u0130RVES\u0130"},"content":{"rendered":"\n<p>Altay Ba\u015fkan\u0131 \u00d6zg\u00fcr Ekmek\u00e7io\u011flu, \u0130zmir B\u00fcy\u00fck\u015fehir Belediye Meclisi&#8217;nin Alsancak Stad\u0131&#8217;n\u0131n yeniden in\u015fa edilece\u011fi 22 bin 600 metrekarelik araziyi &#8220;stadyum alan\u0131&#8221; olarak belirleyen 1\/1000 \u00f6l\u00e7ekli imar plan\u0131n\u0131 kabul etmesinin ard\u0131ndan s\u00fcreci h\u0131zland\u0131rmak i\u00e7in Ankara&#8217;ya gitti.<br>\/n<br>\/nGen\u00e7lik ve Spor Bakanl\u0131\u011f\u0131 Spor Genel M\u00fcd\u00fcr Yard\u0131mc\u0131s\u0131 Dursun T\u00fcrk&#8217;le g\u00f6r\u00fc\u015ferek yeni stad\u0131n daha \u00f6nce oldu\u011fu gibi yine kendilerine tahsis edilmesi talebini ileten Ba\u015fkan Ekmek\u00e7io\u011flu, tesisin beklenenden \u00f6nce hizmete girece\u011fi m\u00fcjdesini verdi. Ba\u015fkan Ekmek\u00e7io\u011flu, &#8220;Projeyle ilgili beklentilerimizi ve Altay&#8217;\u0131n stat \u00fczerindeki haklar\u0131n\u0131 bir kez daha dile getirdik. \u0130n\u015faat 2017&#8217;de start alacak. Proje Mimar\u0131 Alper Aksoy&#8217;u 15 g\u00fcn i\u00e7erisinde \u0130zmir&#8217;e davet ederek yerinde et\u00fct \u00e7al\u0131\u015fmalar\u0131 ba\u015flayaca\u011f\u0131z&#8221; dedi.<br>\/nToplant\u0131ya AK Parti \u0130zmir Milletvekili Mahmut Atilla Kaya, Kerem Ali S\u00fcrekli ve Hamza Da\u011f, \u0130zmir Gen\u00e7lik Hizmetleri ve Spor \u0130l M\u00fcd\u00fcr\u00fc Ali Osman Tatl\u0131su, \u0130zmir Spor Kul\u00fcpleri Birli\u011fi Vakf\u0131 (\u0130ZVAK) Ba\u015fkan\u0131 Ali Erten ve proje mimar\u0131 Alper Aksoy da kat\u0131ld\u0131.<br>\/n<br>\/nS\u00fcrecin h\u0131zlanmas\u0131 i\u00e7in \u00f6zel talimat veren Ba\u015fbakan Binali Y\u0131ld\u0131r\u0131m ba\u015fta olmak \u00fczere milletvekilleri Hamza Da\u011f, Mahmut Atilla Kaya ve t\u00fcm b\u00fcrokratlara Altay camias\u0131 ad\u0131na te\u015fekk\u00fcr eden Altay Ba\u015fkan\u0131 \u00d6zg\u00fcr Ekmek\u00e7io\u011flu, &#8220;\u0130smi Altay Spor Kul\u00fcb\u00fc ile \u00f6zde\u015fle\u015fen, T\u00fcrk futbol tarihinin en \u00f6nemli anlar\u0131na tan\u0131kl\u0131k etmi\u015f Alsancak Stad\u0131&#8217;n\u0131n yeni projesi ve kullan\u0131m haklar\u0131 i\u00e7in her platformda takip\u00e7i olaca\u011f\u0131z&#8221; dedi.<\/p>\n","protected":false},"excerpt":{"rendered":"<p>Altay Ba\u015fkan\u0131 \u00d6zg\u00fcr Ekmek\u00e7io\u011flu, \u0130zmir B\u00fcy\u00fck\u015fehir Belediye Meclisi&#8217;nin Alsancak Stad\u0131&#8217;n\u0131n yeniden in\u015fa edilece\u011fi 22 bin 600 metrekarelik araziyi &#8220;stadyum alan\u0131&#8221; olarak belirleyen 1\/1000 \u00f6l\u00e7ekli imar plan\u0131n\u0131 kabul etmesinin ard\u0131ndan s\u00fcreci h\u0131zland\u0131rmak i\u00e7in Ankara&#8217;ya gitti.\/n\/nGen\u00e7lik ve Spor Bakanl\u0131\u011f\u0131 Spor Genel M\u00fcd\u00fcr Yard\u0131mc\u0131s\u0131 Dursun T\u00fcrk&#8217;le g\u00f6r\u00fc\u015ferek yeni stad\u0131n daha \u00f6nce oldu\u011fu gibi yine kendilerine tahsis edilmesi talebini [&hellip;]<\/p>\n","protected":false},"author":2,"featured_media":1098,"comment_status":"open","ping_status":"open","sticky":false,"template":"","format":"standard","meta":{"_uag_custom_page_level_css":"","footnotes":""},"categories":[7],"tags":[],"class_list":["post-1097","post","type-post","status-publish","format-standard","has-post-thumbnail","hentry","category-haberler"],"uagb_featured_image_src":{"full":["https:\/\/izvak.org\/wp-content\/uploads\/2024\/12\/hb797fc.jpg",800,600,false],"thumbnail":["https:\/\/izvak.org\/wp-content\/uploads\/2024\/12\/hb797fc-150x150.jpg",150,150,true],"medium":["https:\/\/izvak.org\/wp-content\/uploads\/2024\/12\/hb797fc-300x225.jpg",300,225,true],"medium_large":["https:\/\/izvak.org\/wp-content\/uploads\/2024\/12\/hb797fc-768x576.jpg",640,480,true],"large":["https:\/\/izvak.org\/wp-content\/uploads\/2024\/12\/hb797fc.jpg",640,480,false],"1536x1536":["https:\/\/izvak.org\/wp-content\/uploads\/2024\/12\/hb797fc.jpg",800,600,false],"2048x2048":["https:\/\/izvak.org\/wp-content\/uploads\/2024\/12\/hb797fc.jpg",800,600,false]},"uagb_author_info":{"display_name":"izvak_haber","author_link":"https:\/\/izvak.org\/index.php\/author\/izvak_haber\/"},"uagb_comment_info":0,"uagb_excerpt":"Altay Ba\u015fkan\u0131 \u00d6zg\u00fcr Ekmek\u00e7io\u011flu, \u0130zmir B\u00fcy\u00fck\u015fehir Belediye Meclisi&#8217;nin Alsancak Stad\u0131&#8217;n\u0131n yeniden in\u015fa edilece\u011fi 22 bin 600 metrekarelik araziyi &#8220;stadyum alan\u0131&#8221; olarak belirleyen 1\/1000 \u00f6l\u00e7ekli imar plan\u0131n\u0131 kabul etmesinin ard\u0131ndan s\u00fcreci h\u0131zland\u0131rmak i\u00e7in Ankara&#8217;ya gitti.\/n\/nGen\u00e7lik ve Spor Bakanl\u0131\u011f\u0131 Spor Genel M\u00fcd\u00fcr Yard\u0131mc\u0131s\u0131 Dursun T\u00fcrk&#8217;le g\u00f6r\u00fc\u015ferek yeni stad\u0131n daha \u00f6nce oldu\u011fu gibi yine kendilerine tahsis edilmesi talebini&hellip;","_links":{"self":[{"href":"https:\/\/izvak.org\/index.php\/wp-json\/wp\/v2\/posts\/1097","targetHints":{"allow":["GET"]}}],"collection":[{"href":"https:\/\/izvak.org\/index.php\/wp-json\/wp\/v2\/posts"}],"about":[{"href":"https:\/\/izvak.org\/index.php\/wp-json\/wp\/v2\/types\/post"}],"author":[{"embeddable":true,"href":"https:\/\/izvak.org\/index.php\/wp-json\/wp\/v2\/users\/2"}],"replies":[{"embeddable":true,"href":"https:\/\/izvak.org\/index.php\/wp-json\/wp\/v2\/comments?post=1097"}],"version-history":[{"count":1,"href":"https:\/\/izvak.org\/index.php\/wp-json\/wp\/v2\/posts\/1097\/revisions"}],"predecessor-version":[{"id":1099,"href":"https:\/\/izvak.org\/index.php\/wp-json\/wp\/v2\/posts\/1097\/revisions\/1099"}],"wp:featuredmedia":[{"embeddable":true,"href":"https:\/\/izvak.org\/index.php\/wp-json\/wp\/v2\/media\/1098"}],"wp:attachment":[{"href":"https:\/\/izvak.org\/index.php\/wp-json\/wp\/v2\/media?parent=1097"}],"wp:term":[{"taxonomy":"category","embeddable":true,"href":"https:\/\/izvak.org\/index.php\/wp-json\/wp\/v2\/categories?post=1097"},{"taxonomy":"post_tag","embeddable":true,"href":"https:\/\/izvak.org\/index.php\/wp-json\/wp\/v2\/tags?post=1097"}],"curies":[{"name":"wp","href":"https:\/\/api.w.org\/{rel}","templated":true}]}}