{"id":1100,"date":"2016-11-11T20:50:00","date_gmt":"2016-11-11T20:50:00","guid":{"rendered":"https:\/\/izvak.org\/?p=1100"},"modified":"2024-12-11T20:54:42","modified_gmt":"2024-12-11T20:54:42","slug":"medya-bulusmasi","status":"publish","type":"post","link":"https:\/\/izvak.org\/index.php\/2016\/11\/11\/medya-bulusmasi\/","title":{"rendered":"MEDYA BULU\u015eMASI"},"content":{"rendered":"\n<p>\u0130zmir Spor Kul\u00fcpleri Birli\u011fi Vakf\u0131 (\u0130ZVAK) Ba\u015fkan\u0131 Ali Erten, yap\u0131m a\u015famas\u0131nda olan Kar\u015f\u0131yaka, G\u00f6ztepe ve Alsancak statlar\u0131 konusunda umutlu mesajlar verdi.<\/p>\n\n\n\n<p>\u0130ZVAK&#8217;\u0131n 1&#8217;inci Kordon&#8217;daki yeni ofisinde d\u00fczenlenen bilgilendirme toplant\u0131s\u0131nda \u00f6nemli bir yol kat ettiklerini ifade eden Erten, &#8220;\u0130lk hedefimiz ortalama 80 y\u0131ll\u0131k tarihleri olan bu 3 stad\u0131n bir an \u00f6nce tamamlanmas\u0131. Modern tesislerin olmay\u0131\u015f\u0131 taraftar profilini de zorluyor. \u00d6zellikle ailelerin say\u0131s\u0131 trib\u00fcnde giderek azal\u0131yor. \u00c7a\u011fda\u015f tesislere ihtiyac\u0131m\u0131z var. Yerel y\u00f6netimler, merkezi y\u00f6netimler ve kul\u00fcplerimizle tam bir e\u015fg\u00fcd\u00fcmle hareket etmeliyiz. \u00c7ok vakit kaybettik. Bu gecikmenin kul\u00fcplerimize sportif ve ekonomik g\u00f6t\u00fcr\u00fcleri oldu. Son olarak Alsancak Stad\u0131 imar plan tadilatlar\u0131 \u0130zmir B\u00fcy\u00fck\u015fehir Belediyesi taraf\u0131ndan kabul edildi. Karar 15 dakikada verildi. Bunlar g\u00fczel haberlerin m\u00fcjdecisi&#8221; yorumu yapt\u0131.<\/p>\n\n\n\n<p>Alsancak Stad\u0131 projesinin haz\u0131rland\u0131\u011f\u0131n\u0131, ihale s\u00fcrecinin de ba\u015flad\u0131\u011f\u0131n\u0131 anlatan Ali Erten \u015f\u00f6yle devam etti:<\/p>\n\n\n\n<p>&#8220;Muhtemelen Ocak 2017&#8217;de ihale yap\u0131lacak ve 18 ayda stat tamamlanacak. G\u00f6ztepe Stad\u0131&#8217;n\u0131n y\u00f6netimce yenilenen projesinde hukuki bir sorun yok, 20 bin ki\u015filik stat ihalesinin Nisan 2017&#8217;de yap\u0131lmas\u0131 bekleniyor, oras\u0131 da yine 18 ayda bitecek. Kar\u015f\u0131yaka Stad\u0131&#8217;nda zemin \u00e7al\u0131\u015fmalar\u0131 bitti, ancak B\u00fcy\u00fck\u015fehir Belediyesi&#8217;nin a\u00e7t\u0131\u011f\u0131 davayla ilgili son karar\u0131 Dan\u0131\u015ftay verecek. Dava onan\u0131rsa yeniden ihale yap\u0131lacak. Bu y\u00fczden tekrar bir dava s\u00f6z konusu olabilir. Dan\u0131\u015ftay reddeder ya da B\u00fcy\u00fck\u015fehir davay\u0131 \u00e7ekerse in\u015faat s\u00fcrecek. Muhtemel teslim s\u00fcresi, ba\u015flama tarihinden itibaren 12 ay&#8221; diye konu\u015ftu.<br>100 y\u0131ll\u0131k tarihe sahip kul\u00fcplerinin \u015fehrin k\u00fclt\u00fcrel mirasi oldu\u011funu dile getiren Erten, &#8220;Kentimize kangren olmu\u015f stat sorununu \u00e7\u00f6zmek i\u00e7in her\u015feyi yap\u0131yoruz. S\u00fcreci h\u0131zland\u0131rd\u0131k&#8221; dedi.<\/p>\n\n\n\n<p>Kul\u00fcp ba\u015fkanlar\u0131yla birlikte \u0130zmir&#8217;i ziyaretinde Ba\u015fbakan Binali Y\u0131ld\u0131r\u0131m&#8217;la bir araya geldiklerini, spor bakanl\u0131\u011f\u0131 ve \u0130zmir B\u00fcy\u00fck\u015fehir Belediyesi ile de s\u00fcrekli temas halinde olduklar\u0131n\u0131 anlatan Ali Erten, &#8220;Alt\u0131nordu i\u00e7in Metin Oktay Tesisleri&#8217;nin geli\u015ftirilmesi, Bucapor i\u00e7in Kaynaklar&#8217;da yeni spor salonuyap\u0131lmas\u0131, Tire 1922 Spor i\u00e7in yeni stad\u0131n biti\u015fi\u011finde kapal\u0131 y\u00fczme havuzu in\u015fa edilmesi, Bergama \u0130l\u00e7e Stad\u0131&#8217;n\u0131n kul\u00fcbe tahsisi, Ulukent sahas\u0131n\u0131n stat yap\u0131lmak \u00fczere Menemen Belediyesi&#8217;ne tahsisi, \u0130zmirspor i\u00e7in \u0130nciralt\u0131 tesislerinin geli\u015ftirilmesi yolunda \u00e7al\u0131\u015fmalar\u0131m\u0131z s\u00fcr\u00fcyor. \u0130zmir&#8217;deki imar planlar\u0131nda spor alan\u0131 olan arazilerin envanterini \u00e7\u0131karaca\u011f\u0131z. T\u00fcm kul\u00fcplere ortak forma sponsoru bulmak istiyoruz. Atat\u00fcrk Stad\u0131&#8217;n\u0131n modernize edilmesi, \u015fehir spor m\u00fczesi kurulmas\u0131 uzun vadedeki di\u011fer hedeflerimiz&#8221; ifadelerini kulland\u0131.<\/p>\n\n\n\n<p>ALSANCAK&#8217;TA PROJEYE DOKUNU\u015e<br>\u0130zvak Ba\u015fkan\u0131 Ali Erten, iki trib\u00fcn\u00fc yeniden yap\u0131lacak Alsancak Stad\u0131&#8217;n\u0131n projesinde yeni d\u00fczenlemelere gidilece\u011fini a\u00e7\u0131klad\u0131. Yola bakan cepheye yap\u0131lmas\u0131 planlanan binan\u0131n tek katl\u0131 yerine 3 katl\u0131 olmas\u0131 i\u00e7in talepte bulunduklar\u0131n\u0131 anlatan Erten, &#8220;Binan\u0131n y\u00fcksek olmas\u0131, sahan\u0131n r\u00fczgardan etkilenmemesini de sa\u011flayacak. \u0130lk katta kul\u00fcplerin ma\u011fzalar\u0131 yer alabilecek. \u00dcst katlarda Alsancak Stad\u0131&#8217;n\u0131n tarihini anlatan bir m\u00fcze d\u00fc\u015f\u00fcn\u00fclebilir. Arazinin k\u00fc\u00e7\u00fck olmas\u0131 nedeniyle kale arkalar\u0131na trib\u00fcn yapmak m\u00fcmk\u00fcn de\u011fil. Zeminin olumsuz etkilenmemesi i\u00e7in yeralt\u0131 otopark\u0131 olmayacak. Alsancak Stad\u0131&#8217;n\u0131 spor bakanl\u0131\u011f\u0131 in\u015fa edecek. Ayd\u0131nlatma ve \u00e7im saha da yenilenebilir. Alsancak Stad\u0131&#8217;na Altay tahsis etmek istiyor, ancak Alt\u0131nordu&#8217;nun da bu y\u00f6nde bir giri\u015fimi var&#8221; diye konu\u015ftu.<\/p>\n\n\n\n<p><\/p>\n","protected":false},"excerpt":{"rendered":"<p>\u0130zmir Spor Kul\u00fcpleri Birli\u011fi Vakf\u0131 (\u0130ZVAK) Ba\u015fkan\u0131 Ali Erten, yap\u0131m a\u015famas\u0131nda olan Kar\u015f\u0131yaka, G\u00f6ztepe ve Alsancak statlar\u0131 konusunda umutlu mesajlar verdi. \u0130ZVAK&#8217;\u0131n 1&#8217;inci Kordon&#8217;daki yeni ofisinde d\u00fczenlenen bilgilendirme toplant\u0131s\u0131nda \u00f6nemli bir yol kat ettiklerini ifade eden Erten, &#8220;\u0130lk hedefimiz ortalama 80 y\u0131ll\u0131k tarihleri olan bu 3 stad\u0131n bir an \u00f6nce tamamlanmas\u0131. Modern tesislerin olmay\u0131\u015f\u0131 taraftar [&hellip;]<\/p>\n","protected":false},"author":2,"featured_media":1101,"comment_status":"open","ping_status":"open","sticky":false,"template":"","format":"standard","meta":{"_uag_custom_page_level_css":"","footnotes":""},"categories":[7],"tags":[],"class_list":["post-1100","post","type-post","status-publish","format-standard","has-post-thumbnail","hentry","category-haberler"],"uagb_featured_image_src":{"full":["https:\/\/izvak.org\/wp-content\/uploads\/2024\/12\/hb129b6.jpg",800,600,false],"thumbnail":["https:\/\/izvak.org\/wp-content\/uploads\/2024\/12\/hb129b6-150x150.jpg",150,150,true],"medium":["https:\/\/izvak.org\/wp-content\/uploads\/2024\/12\/hb129b6-300x225.jpg",300,225,true],"medium_large":["https:\/\/izvak.org\/wp-content\/uploads\/2024\/12\/hb129b6-768x576.jpg",640,480,true],"large":["https:\/\/izvak.org\/wp-content\/uploads\/2024\/12\/hb129b6.jpg",640,480,false],"1536x1536":["https:\/\/izvak.org\/wp-content\/uploads\/2024\/12\/hb129b6.jpg",800,600,false],"2048x2048":["https:\/\/izvak.org\/wp-content\/uploads\/2024\/12\/hb129b6.jpg",800,600,false]},"uagb_author_info":{"display_name":"izvak_haber","author_link":"https:\/\/izvak.org\/index.php\/author\/izvak_haber\/"},"uagb_comment_info":0,"uagb_excerpt":"\u0130zmir Spor Kul\u00fcpleri Birli\u011fi Vakf\u0131 (\u0130ZVAK) Ba\u015fkan\u0131 Ali Erten, yap\u0131m a\u015famas\u0131nda olan Kar\u015f\u0131yaka, G\u00f6ztepe ve Alsancak statlar\u0131 konusunda umutlu mesajlar verdi. \u0130ZVAK&#8217;\u0131n 1&#8217;inci Kordon&#8217;daki yeni ofisinde d\u00fczenlenen bilgilendirme toplant\u0131s\u0131nda \u00f6nemli bir yol kat ettiklerini ifade eden Erten, &#8220;\u0130lk hedefimiz ortalama 80 y\u0131ll\u0131k tarihleri olan bu 3 stad\u0131n bir an \u00f6nce tamamlanmas\u0131. Modern tesislerin olmay\u0131\u015f\u0131 taraftar&hellip;","_links":{"self":[{"href":"https:\/\/izvak.org\/index.php\/wp-json\/wp\/v2\/posts\/1100","targetHints":{"allow":["GET"]}}],"collection":[{"href":"https:\/\/izvak.org\/index.php\/wp-json\/wp\/v2\/posts"}],"about":[{"href":"https:\/\/izvak.org\/index.php\/wp-json\/wp\/v2\/types\/post"}],"author":[{"embeddable":true,"href":"https:\/\/izvak.org\/index.php\/wp-json\/wp\/v2\/users\/2"}],"replies":[{"embeddable":true,"href":"https:\/\/izvak.org\/index.php\/wp-json\/wp\/v2\/comments?post=1100"}],"version-history":[{"count":1,"href":"https:\/\/izvak.org\/index.php\/wp-json\/wp\/v2\/posts\/1100\/revisions"}],"predecessor-version":[{"id":1102,"href":"https:\/\/izvak.org\/index.php\/wp-json\/wp\/v2\/posts\/1100\/revisions\/1102"}],"wp:featuredmedia":[{"embeddable":true,"href":"https:\/\/izvak.org\/index.php\/wp-json\/wp\/v2\/media\/1101"}],"wp:attachment":[{"href":"https:\/\/izvak.org\/index.php\/wp-json\/wp\/v2\/media?parent=1100"}],"wp:term":[{"taxonomy":"category","embeddable":true,"href":"https:\/\/izvak.org\/index.php\/wp-json\/wp\/v2\/categories?post=1100"},{"taxonomy":"post_tag","embeddable":true,"href":"https:\/\/izvak.org\/index.php\/wp-json\/wp\/v2\/tags?post=1100"}],"curies":[{"name":"wp","href":"https:\/\/api.w.org\/{rel}","templated":true}]}}