{"id":1138,"date":"2017-04-04T12:13:00","date_gmt":"2017-04-04T12:13:00","guid":{"rendered":"http:\/\/izvak.org\/?p=1138"},"modified":"2024-12-12T12:16:00","modified_gmt":"2024-12-12T12:16:00","slug":"bakanimiz-izvakta-kulup-baskanlarimizla-bulustu","status":"publish","type":"post","link":"https:\/\/izvak.org\/index.php\/2017\/04\/04\/bakanimiz-izvakta-kulup-baskanlarimizla-bulustu\/","title":{"rendered":"BAKANIMIZ \u0130ZVAK&#8217;TA KUL\u00dcP BA\u015eKANLARIMIZLA BULU\u015eTU"},"content":{"rendered":"\n<p>Gen\u00e7lik ve Spor Bakan\u0131m\u0131z Say\u0131n Akif \u00c7a\u011fatay K\u0131l\u0131\u00e7, \u0130ZVAK&#8217;ta Ba\u015fkan\u0131m\u0131z Ali Erten ve kul\u00fcp ba\u015fkanlar\u0131m\u0131zla bir araya geldi. \u00d6ncelikle statlar\u0131m\u0131z\u0131n yap\u0131m\u0131 konusunda tam destek ald\u0131k.<\/p>\n\n\n\n<p>Bakan \u00c7a\u011fatay K\u0131l\u0131\u00e7, toplant\u0131n\u0131n ard\u0131ndan yapt\u0131\u011f\u0131 a\u00e7\u0131klamada, kul\u00fcp ba\u015fkanlar\u0131yla yapt\u0131klar\u0131 toplant\u0131da \u0130zmir&#8217;deki yerel \u00f6l\u00e7ekte hayata ge\u00e7irilecek, ad\u0131mlar\u0131 at\u0131lan, kazmalar\u0131 vurulan ancak sonra durdurulan projelere devam etme konusunda iradelerini ortaya koyduklar\u0131n\u0131 belirtti.<\/p>\n\n\n\n<p>\u0130zmir&#8217;de yap\u0131lacak statlar<\/p>\n\n\n\n<p>Kul\u00fcp temsilcileriyle futbol statlar\u0131n\u0131n in\u015faatlar\u0131 ile ilgili son durumu de\u011ferlendirdiklerini anlatan Bakan \u00c7a\u011fatay K\u0131l\u0131\u00e7, \u015f\u00f6yle konu\u015ftu:<\/p>\n\n\n\n<p>&#8220;Bu kararl\u0131l\u0131\u011f\u0131m\u0131z\u0131 bir kez daha dile getirdik. Teknik konular\u0131n d\u0131\u015f\u0131nda yap\u0131lacak \u00e7al\u0131\u015fmalar\u0131n h\u0131zl\u0131 bir \u015fekilde ilerlemesi, bunlar\u0131n \u00f6n\u00fcnde engel olu\u015fturulmamas\u0131 konusundaki ortak fikir payla\u015f\u0131ld\u0131. \u015eu anda devam edecek G\u00f6ztepe, Kar\u015f\u0131yaka ve Alsancak statlar\u0131n\u0131n de\u011ferlendirmelerini yapt\u0131k. Alsancak Stad\u0131 i\u00e7in 28 Nisan ihale g\u00fcn\u00fcd\u00fcr. Burada tarihinden gelen yap\u0131s\u0131n\u0131 ve tarihinden gelen \u00f6nemini ileriye ta\u015f\u0131yacak yeni bir spor tesisinin kazand\u0131r\u0131lmas\u0131 \u00fczerine bina ettik \u00e7al\u0131\u015fmalar\u0131m\u0131z\u0131. Sadece futbola de\u011fil, ayn\u0131 zamanda farkl\u0131 bran\u015flara ve ayn\u0131 zaman bizim b\u00fcrokrasimizin de hizmet alan\u0131 olarak kullanabilece\u011fi toplu bir alan dizayn edildi.&#8221;<\/p>\n\n\n\n<p>Kar\u015f\u0131yaka ve G\u00f6ztepe statlar\u0131<\/p>\n\n\n\n<p>Bakan \u00c7a\u011fatay K\u0131l\u0131\u00e7, Kar\u015f\u0131yaka Stad\u0131&#8217;n\u0131n temelinin at\u0131ld\u0131\u011f\u0131n\u0131, belli bir noktaya getirildi\u011fine i\u015faret ederek, s\u00f6zlerini \u015f\u00f6yle s\u00fcrd\u00fcrd\u00fc:<\/p>\n\n\n\n<p>&#8220;Yerin alt\u0131nda olup da g\u00f6r\u00fclmeyen bir \u00e7ok imalatlar hayata ge\u00e7irildi, ciddi bir \u00e7al\u0131\u015fma zaten yap\u0131ld\u0131. G\u00f6ztepe ile alakal\u0131 olarak, yap\u0131lan yeni \u00e7al\u0131\u015fmalar \u00f6zellikle mimari alanda ortaya konan yeni projeler, tekrar masaya yat\u0131r\u0131ld\u0131 ve kararl\u0131l\u0131kla yol y\u00fcr\u00fcnd\u00fc. \u00d6n\u00fcm\u00fczdeki d\u00f6nemler i\u00e7erisinde h\u0131zl\u0131 bir \u015fekilde \u0130zmir&#8217;de bu g\u00fczel tesisleri ve \u0130zmir&#8217;in spor tarihine yak\u0131\u015f\u0131r bir \u015fekilde gelece\u011fe ta\u015f\u0131yacak tesisleri \u0130zmir&#8217;e kazand\u0131r\u0131lmas\u0131 konusunda kararl\u0131l\u0131\u011f\u0131m\u0131z\u0131 bir kere daha g\u00fcndeme getirdik. Yar\u0131n say\u0131n Ba\u015fbakan\u0131m\u0131z da \u0130zmir milletvekilidir ayn\u0131 zamanda, \u0130zmir&#8217;de olacaklar. Bu konulara ilgili kendisiyle bir \u00e7ok kereler g\u00f6r\u00fc\u015ft\u00fck, kendilerinin talimatlar\u0131 oldu ve bu \u015fekilde ilerledik. \u0130n\u015fallah \u00f6n\u00fcm\u00fcze engel \u00e7\u0131kmad\u0131\u011f\u0131 s\u00fcrece, k\u0131sa s\u00fcrede toparlayaca\u011f\u0131z.&#8221;<\/p>\n\n\n\n<p>Sportif yat\u0131r\u0131mlar<\/p>\n\n\n\n<p>\u0130zmir&#8217;de olimpik bir havuz projesinin devam etti\u011fini, bunu \u0130zmir&#8217;e kazand\u0131rma noktas\u0131nda son noktaya geldiklerini ayr\u0131ca Cumhurba\u015fkan\u0131 Recep Tayyip Erdo\u011fan&#8217;\u0131n \u0130zmir&#8217;e kazand\u0131r\u0131lmas\u0131 konusunda talimatlar\u0131 oldu\u011fu bir spor salonu ile ilgili yo\u011fun bir mesai harcad\u0131klar\u0131n\u0131 anlatan Bakan \u00c7a\u011fatay K\u0131l\u0131\u00e7, \u015funlar\u0131 s\u00f6yledi:<\/p>\n\n\n\n<p>&#8220;Biz, baz\u0131 kesimlerin alg\u0131 olarak ortaya koymaya \u00e7al\u0131\u015ft\u0131klar\u0131 alg\u0131n\u0131n aksine \u0130zmir&#8217;deki spor yat\u0131r\u0131mlar\u0131 konusunda \u00e7ok yol kat etmek istedik, bununla ilgili ad\u0131mlar\u0131 att\u0131k, kararl\u0131 bir \u015fekilde att\u0131k. \u00d6n\u00fcm\u00fcze bir tak\u0131m engeller \u00e7\u0131kt\u0131, \u015fimdi onlar, inan\u0131yorum ki tekrarlanmayacak. Kararl\u0131\u011f\u0131m\u0131z daha da artm\u0131\u015f durumda. \u00c7\u00fcnk\u00fc biz vatanda\u015f\u0131na hizmet eden bir siyasi gelenekten geliyoruz.&#8221;<\/p>\n\n\n\n<p>\/Bakan \u00c7a\u011fatay K\u0131l\u0131\u00e7, olimpik y\u00fczme havuzunun Atat\u00fcrk Stad\u0131&#8217;n\u0131n etraf\u0131nda bulunma ihtimalinin \u00e7ok y\u00fcksek oldu\u011funu, salonu da \u015fehrin farkl\u0131 bir b\u00f6lgesinde yapma d\u00fc\u015f\u00fcncesi ta\u015f\u0131d\u0131klar\u0131n\u0131 aktard\u0131.<\/p>\n\n\n\n<p>Cumhurba\u015fkan\u0131 Recep Tayyip Erdo\u011fan ve Ba\u015fbakan Binali Y\u0131ld\u0131r\u0131m gibi kendilerinin de kararl\u0131 bir \u015fekilde yollar\u0131na devam ettiklerini vurgulayan Bakan \u00c7a\u011fatay K\u0131l\u0131\u00e7, &#8220;Yolumuza y\u00fcr\u00fcyerek de\u011fil, ko\u015farak devam edece\u011fiz. \u0130zmir, ger\u00e7ekten sportif anlamda T\u00fcrkiye&#8217;de daha fazla sesi duyulmas\u0131 gereken bir \u015fehirdir, sadece T\u00fcrkiye&#8217;de de\u011fil, uluslararas\u0131 anlamda da. \u0130n\u015fallah bunun altyap\u0131s\u0131yla alakal\u0131 T\u00fcrkiye&#8217;nin geri kalan\u0131nda nas\u0131l bunu ba\u015fard\u0131ysak, T\u00fcrkiye&#8217;de altyap\u0131n\u0131n devrimini sessizce in\u015fa ettiysek, \u0130zmir&#8217;de de bunu ba\u015faraca\u011f\u0131z&#8221; diye konu\u015ftu.<\/p>\n\n\n\n<p>\u0130zmir&#8217;in in\u015faatlar i\u00e7in iklim avantaj\u0131n\u0131n bulundu\u011funu ve 12 ay \u00e7al\u0131\u015f\u0131labilece\u011fini kaydeden Bakan \u00c7a\u011fatay K\u0131l\u0131\u00e7, bu nedenle stat in\u015faatlar\u0131n\u0131n 400 g\u00fcn civar\u0131nda tamamlanabilece\u011fini anlatt\u0131.<\/p>\n","protected":false},"excerpt":{"rendered":"<p>Gen\u00e7lik ve Spor Bakan\u0131m\u0131z Say\u0131n Akif \u00c7a\u011fatay K\u0131l\u0131\u00e7, \u0130ZVAK&#8217;ta Ba\u015fkan\u0131m\u0131z Ali Erten ve kul\u00fcp ba\u015fkanlar\u0131m\u0131zla bir araya geldi. \u00d6ncelikle statlar\u0131m\u0131z\u0131n yap\u0131m\u0131 konusunda tam destek ald\u0131k. Bakan \u00c7a\u011fatay K\u0131l\u0131\u00e7, toplant\u0131n\u0131n ard\u0131ndan yapt\u0131\u011f\u0131 a\u00e7\u0131klamada, kul\u00fcp ba\u015fkanlar\u0131yla yapt\u0131klar\u0131 toplant\u0131da \u0130zmir&#8217;deki yerel \u00f6l\u00e7ekte hayata ge\u00e7irilecek, ad\u0131mlar\u0131 at\u0131lan, kazmalar\u0131 vurulan ancak sonra durdurulan projelere devam etme konusunda iradelerini ortaya koyduklar\u0131n\u0131 [&hellip;]<\/p>\n","protected":false},"author":2,"featured_media":1139,"comment_status":"open","ping_status":"open","sticky":false,"template":"","format":"standard","meta":{"_uag_custom_page_level_css":"","footnotes":""},"categories":[7],"tags":[],"class_list":["post-1138","post","type-post","status-publish","format-standard","has-post-thumbnail","hentry","category-haberler"],"uagb_featured_image_src":{"full":["https:\/\/izvak.org\/wp-content\/uploads\/2024\/12\/hb4caa5.jpg",960,532,false],"thumbnail":["https:\/\/izvak.org\/wp-content\/uploads\/2024\/12\/hb4caa5-150x150.jpg",150,150,true],"medium":["https:\/\/izvak.org\/wp-content\/uploads\/2024\/12\/hb4caa5-300x166.jpg",300,166,true],"medium_large":["https:\/\/izvak.org\/wp-content\/uploads\/2024\/12\/hb4caa5-768x426.jpg",640,355,true],"large":["https:\/\/izvak.org\/wp-content\/uploads\/2024\/12\/hb4caa5.jpg",640,355,false],"1536x1536":["https:\/\/izvak.org\/wp-content\/uploads\/2024\/12\/hb4caa5.jpg",960,532,false],"2048x2048":["https:\/\/izvak.org\/wp-content\/uploads\/2024\/12\/hb4caa5.jpg",960,532,false]},"uagb_author_info":{"display_name":"izvak_haber","author_link":"https:\/\/izvak.org\/index.php\/author\/izvak_haber\/"},"uagb_comment_info":0,"uagb_excerpt":"Gen\u00e7lik ve Spor Bakan\u0131m\u0131z Say\u0131n Akif \u00c7a\u011fatay K\u0131l\u0131\u00e7, \u0130ZVAK&#8217;ta Ba\u015fkan\u0131m\u0131z Ali Erten ve kul\u00fcp ba\u015fkanlar\u0131m\u0131zla bir araya geldi. \u00d6ncelikle statlar\u0131m\u0131z\u0131n yap\u0131m\u0131 konusunda tam destek ald\u0131k. Bakan \u00c7a\u011fatay K\u0131l\u0131\u00e7, toplant\u0131n\u0131n ard\u0131ndan yapt\u0131\u011f\u0131 a\u00e7\u0131klamada, kul\u00fcp ba\u015fkanlar\u0131yla yapt\u0131klar\u0131 toplant\u0131da \u0130zmir&#8217;deki yerel \u00f6l\u00e7ekte hayata ge\u00e7irilecek, ad\u0131mlar\u0131 at\u0131lan, kazmalar\u0131 vurulan ancak sonra durdurulan projelere devam etme konusunda iradelerini ortaya koyduklar\u0131n\u0131&hellip;","_links":{"self":[{"href":"https:\/\/izvak.org\/index.php\/wp-json\/wp\/v2\/posts\/1138","targetHints":{"allow":["GET"]}}],"collection":[{"href":"https:\/\/izvak.org\/index.php\/wp-json\/wp\/v2\/posts"}],"about":[{"href":"https:\/\/izvak.org\/index.php\/wp-json\/wp\/v2\/types\/post"}],"author":[{"embeddable":true,"href":"https:\/\/izvak.org\/index.php\/wp-json\/wp\/v2\/users\/2"}],"replies":[{"embeddable":true,"href":"https:\/\/izvak.org\/index.php\/wp-json\/wp\/v2\/comments?post=1138"}],"version-history":[{"count":1,"href":"https:\/\/izvak.org\/index.php\/wp-json\/wp\/v2\/posts\/1138\/revisions"}],"predecessor-version":[{"id":1140,"href":"https:\/\/izvak.org\/index.php\/wp-json\/wp\/v2\/posts\/1138\/revisions\/1140"}],"wp:featuredmedia":[{"embeddable":true,"href":"https:\/\/izvak.org\/index.php\/wp-json\/wp\/v2\/media\/1139"}],"wp:attachment":[{"href":"https:\/\/izvak.org\/index.php\/wp-json\/wp\/v2\/media?parent=1138"}],"wp:term":[{"taxonomy":"category","embeddable":true,"href":"https:\/\/izvak.org\/index.php\/wp-json\/wp\/v2\/categories?post=1138"},{"taxonomy":"post_tag","embeddable":true,"href":"https:\/\/izvak.org\/index.php\/wp-json\/wp\/v2\/tags?post=1138"}],"curies":[{"name":"wp","href":"https:\/\/api.w.org\/{rel}","templated":true}]}}