{"id":1141,"date":"2017-04-05T12:16:00","date_gmt":"2017-04-05T12:16:00","guid":{"rendered":"http:\/\/izvak.org\/?p=1141"},"modified":"2024-12-12T12:17:28","modified_gmt":"2024-12-12T12:17:28","slug":"bakanimiz-cagatay-kilic-kuluplerimizle-bulusuyor","status":"publish","type":"post","link":"https:\/\/izvak.org\/index.php\/2017\/04\/05\/bakanimiz-cagatay-kilic-kuluplerimizle-bulusuyor\/","title":{"rendered":"BAKANIMIZ \u00c7A\u011eATAY KILI\u00c7 KUL\u00dcPLER\u0130M\u0130ZLE BULU\u015eUYOR"},"content":{"rendered":"\n<p>Gen\u00e7lik ve Spor Bakan\u0131m\u0131z Say\u0131n Akif \u00c7a\u011fatay K\u0131l\u0131\u00e7, \u0130ZVAK&#8217;ta kul\u00fcplerimizin \u00e7ok de\u011ferli ba\u015fkanlar\u0131 ile bulu\u015fuyor&#8230;<br><\/p>\n\n\n\n<p><\/p>\n","protected":false},"excerpt":{"rendered":"<p>Gen\u00e7lik ve Spor Bakan\u0131m\u0131z Say\u0131n Akif \u00c7a\u011fatay K\u0131l\u0131\u00e7, \u0130ZVAK&#8217;ta kul\u00fcplerimizin \u00e7ok de\u011ferli ba\u015fkanlar\u0131 ile bulu\u015fuyor&#8230;<\/p>\n","protected":false},"author":2,"featured_media":1060,"comment_status":"open","ping_status":"open","sticky":false,"template":"","format":"standard","meta":{"_uag_custom_page_level_css":"","footnotes":""},"categories":[7],"tags":[],"class_list":["post-1141","post","type-post","status-publish","format-standard","has-post-thumbnail","hentry","category-haberler"],"uagb_featured_image_src":{"full":["https:\/\/izvak.org\/wp-content\/uploads\/2024\/12\/hb694c9.jpg",800,600,false],"thumbnail":["https:\/\/izvak.org\/wp-content\/uploads\/2024\/12\/hb694c9-150x150.jpg",150,150,true],"medium":["https:\/\/izvak.org\/wp-content\/uploads\/2024\/12\/hb694c9-300x225.jpg",300,225,true],"medium_large":["https:\/\/izvak.org\/wp-content\/uploads\/2024\/12\/hb694c9-768x576.jpg",640,480,true],"large":["https:\/\/izvak.org\/wp-content\/uploads\/2024\/12\/hb694c9.jpg",640,480,false],"1536x1536":["https:\/\/izvak.org\/wp-content\/uploads\/2024\/12\/hb694c9.jpg",800,600,false],"2048x2048":["https:\/\/izvak.org\/wp-content\/uploads\/2024\/12\/hb694c9.jpg",800,600,false]},"uagb_author_info":{"display_name":"izvak_haber","author_link":"https:\/\/izvak.org\/index.php\/author\/izvak_haber\/"},"uagb_comment_info":0,"uagb_excerpt":"Gen\u00e7lik ve Spor Bakan\u0131m\u0131z Say\u0131n Akif \u00c7a\u011fatay K\u0131l\u0131\u00e7, \u0130ZVAK&#8217;ta kul\u00fcplerimizin \u00e7ok de\u011ferli ba\u015fkanlar\u0131 ile bulu\u015fuyor&#8230;","_links":{"self":[{"href":"https:\/\/izvak.org\/index.php\/wp-json\/wp\/v2\/posts\/1141","targetHints":{"allow":["GET"]}}],"collection":[{"href":"https:\/\/izvak.org\/index.php\/wp-json\/wp\/v2\/posts"}],"about":[{"href":"https:\/\/izvak.org\/index.php\/wp-json\/wp\/v2\/types\/post"}],"author":[{"embeddable":true,"href":"https:\/\/izvak.org\/index.php\/wp-json\/wp\/v2\/users\/2"}],"replies":[{"embeddable":true,"href":"https:\/\/izvak.org\/index.php\/wp-json\/wp\/v2\/comments?post=1141"}],"version-history":[{"count":1,"href":"https:\/\/izvak.org\/index.php\/wp-json\/wp\/v2\/posts\/1141\/revisions"}],"predecessor-version":[{"id":1142,"href":"https:\/\/izvak.org\/index.php\/wp-json\/wp\/v2\/posts\/1141\/revisions\/1142"}],"wp:featuredmedia":[{"embeddable":true,"href":"https:\/\/izvak.org\/index.php\/wp-json\/wp\/v2\/media\/1060"}],"wp:attachment":[{"href":"https:\/\/izvak.org\/index.php\/wp-json\/wp\/v2\/media?parent=1141"}],"wp:term":[{"taxonomy":"category","embeddable":true,"href":"https:\/\/izvak.org\/index.php\/wp-json\/wp\/v2\/categories?post=1141"},{"taxonomy":"post_tag","embeddable":true,"href":"https:\/\/izvak.org\/index.php\/wp-json\/wp\/v2\/tags?post=1141"}],"curies":[{"name":"wp","href":"https:\/\/api.w.org\/{rel}","templated":true}]}}