{"id":1149,"date":"2017-03-27T12:23:00","date_gmt":"2017-03-27T12:23:00","guid":{"rendered":"http:\/\/izvak.org\/?p=1149"},"modified":"2024-12-12T12:25:15","modified_gmt":"2024-12-12T12:25:15","slug":"ahmet-dogan-ve-ekibine-basarilar","status":"publish","type":"post","link":"https:\/\/izvak.org\/index.php\/2017\/03\/27\/ahmet-dogan-ve-ekibine-basarilar\/","title":{"rendered":"AHMET DO\u011eAN VE EK\u0130B\u0130NE BA\u015eARILAR"},"content":{"rendered":"\n<p>Bucaspor kul\u00fcb\u00fcm\u00fcz\u00fcn, yeni ba\u015fkan\u0131 se\u00e7ilen Say\u0131n Ahmet Do\u011fan ve y\u00f6netim kuruluna \u00fcst\u00fcn ba\u015far\u0131lar dileriz.<br><\/p>\n\n\n\n<p><\/p>\n","protected":false},"excerpt":{"rendered":"<p>Bucaspor kul\u00fcb\u00fcm\u00fcz\u00fcn, yeni ba\u015fkan\u0131 se\u00e7ilen Say\u0131n Ahmet Do\u011fan ve y\u00f6netim kuruluna \u00fcst\u00fcn ba\u015far\u0131lar dileriz.<\/p>\n","protected":false},"author":2,"featured_media":958,"comment_status":"open","ping_status":"open","sticky":false,"template":"","format":"standard","meta":{"_uag_custom_page_level_css":"","footnotes":""},"categories":[7],"tags":[],"class_list":["post-1149","post","type-post","status-publish","format-standard","has-post-thumbnail","hentry","category-haberler"],"uagb_featured_image_src":{"full":["https:\/\/izvak.org\/wp-content\/uploads\/2024\/11\/Bucaspor.png",300,300,false],"thumbnail":["https:\/\/izvak.org\/wp-content\/uploads\/2024\/11\/Bucaspor-150x150.png",150,150,true],"medium":["https:\/\/izvak.org\/wp-content\/uploads\/2024\/11\/Bucaspor.png",300,300,false],"medium_large":["https:\/\/izvak.org\/wp-content\/uploads\/2024\/11\/Bucaspor.png",300,300,false],"large":["https:\/\/izvak.org\/wp-content\/uploads\/2024\/11\/Bucaspor.png",300,300,false],"1536x1536":["https:\/\/izvak.org\/wp-content\/uploads\/2024\/11\/Bucaspor.png",300,300,false],"2048x2048":["https:\/\/izvak.org\/wp-content\/uploads\/2024\/11\/Bucaspor.png",300,300,false]},"uagb_author_info":{"display_name":"izvak_haber","author_link":"https:\/\/izvak.org\/index.php\/author\/izvak_haber\/"},"uagb_comment_info":0,"uagb_excerpt":"Bucaspor kul\u00fcb\u00fcm\u00fcz\u00fcn, yeni ba\u015fkan\u0131 se\u00e7ilen Say\u0131n Ahmet Do\u011fan ve y\u00f6netim kuruluna \u00fcst\u00fcn ba\u015far\u0131lar dileriz.","_links":{"self":[{"href":"https:\/\/izvak.org\/index.php\/wp-json\/wp\/v2\/posts\/1149","targetHints":{"allow":["GET"]}}],"collection":[{"href":"https:\/\/izvak.org\/index.php\/wp-json\/wp\/v2\/posts"}],"about":[{"href":"https:\/\/izvak.org\/index.php\/wp-json\/wp\/v2\/types\/post"}],"author":[{"embeddable":true,"href":"https:\/\/izvak.org\/index.php\/wp-json\/wp\/v2\/users\/2"}],"replies":[{"embeddable":true,"href":"https:\/\/izvak.org\/index.php\/wp-json\/wp\/v2\/comments?post=1149"}],"version-history":[{"count":1,"href":"https:\/\/izvak.org\/index.php\/wp-json\/wp\/v2\/posts\/1149\/revisions"}],"predecessor-version":[{"id":1150,"href":"https:\/\/izvak.org\/index.php\/wp-json\/wp\/v2\/posts\/1149\/revisions\/1150"}],"wp:featuredmedia":[{"embeddable":true,"href":"https:\/\/izvak.org\/index.php\/wp-json\/wp\/v2\/media\/958"}],"wp:attachment":[{"href":"https:\/\/izvak.org\/index.php\/wp-json\/wp\/v2\/media?parent=1149"}],"wp:term":[{"taxonomy":"category","embeddable":true,"href":"https:\/\/izvak.org\/index.php\/wp-json\/wp\/v2\/categories?post=1149"},{"taxonomy":"post_tag","embeddable":true,"href":"https:\/\/izvak.org\/index.php\/wp-json\/wp\/v2\/tags?post=1149"}],"curies":[{"name":"wp","href":"https:\/\/api.w.org\/{rel}","templated":true}]}}