{"id":1184,"date":"2023-05-17T13:00:00","date_gmt":"2023-05-17T13:00:00","guid":{"rendered":"https:\/\/izvak.org\/?p=1184"},"modified":"2024-12-12T13:01:51","modified_gmt":"2024-12-12T13:01:51","slug":"izvakin-faaliyetlerine-oy-birligi-ile-onay","status":"publish","type":"post","link":"https:\/\/izvak.org\/index.php\/2023\/05\/17\/izvakin-faaliyetlerine-oy-birligi-ile-onay\/","title":{"rendered":"\u0130ZVAK\u2019IN FAAL\u0130YETLER\u0130NE OY B\u0130RL\u0130\u011e\u0130 \u0130LE ONAY"},"content":{"rendered":"\n<p>AL\u0130 Erten ba\u015fkanl\u0131\u011f\u0131ndaki \u0130zmir Spor Kul\u00fcpleri Birli\u011fi Vakf\u0131\u2019n\u0131n (\u0130ZVAK) ola\u011fan mali genel kurulu yap\u0131ld\u0131. Tarihi Havagaz\u0131 Fabrikas\u0131\u2019nda yap\u0131lan genel kurulda vakf\u0131n faaliyetlerini anlatan Ba\u015fkan Erten, \u00f6ncelikle 2016\u2019dan bu yana devam eden ba\u015fkanl\u0131\u011f\u0131 d\u00f6neminde \u0130ZVAK\u2019a destek veren t\u00fcm kurum, kurulu\u015f ve ki\u015filere, \u00f6zellikle kul\u00fcp ba\u015fkanlar\u0131na te\u015fekk\u00fcr ederek, \u201cStadyum in\u015faatlar\u0131, teknik ve hukuk deste\u011fi, arazi tahsisleri, maddi kaynak yaratma, ortak forma sponsorluklar\u0131 gibi kul\u00fcplerimizi desteklemek anlam\u0131nda \u00fcst\u00fcm\u00fcze ne d\u00fc\u015f\u00fcyorsa onu yapmaya \u00e7al\u0131\u015ft\u0131k. 2016 y\u0131l\u0131nda kapanma noktas\u0131na kadar gelen bir kurumu, kul\u00fcplerimiz ve y\u00f6netim kurulumuzdaki \u00e7ok de\u011ferli arkada\u015flar\u0131m\u0131zla birlikte yepyeni bir vizyonla \u0130zmir\u2019in en \u00f6nemli sivil toplum kurulu\u015flar\u0131ndan biri konumuna y\u00fckselttik. T\u00fcrkiye\u2019ye \u00f6rnek bir kurum olu\u015fturduk. Yedi y\u0131l gibi k\u0131sa bir s\u00fcrede bu noktaya ula\u015fmam\u0131zda kul\u00fcplerimizin verdi\u011fi destek, sinerji ve enerji \u00e7ok \u00f6nemli. Onlar olmasayd\u0131 bunu ba\u015faramazd\u0131k. Gen\u00e7lik ve Spor Bakanl\u0131\u011f\u0131\u2019m\u0131z, siyasi temsilcilerimiz, \u0130zmir B\u00fcy\u00fck\u015fehir Belediye\u2019miz, Meslek odalar\u0131m\u0131z, Futbol Federasyonumuz ve spor bas\u0131n\u0131m\u0131z her zaman yan\u0131m\u0131zda yer ald\u0131. Bas\u0131n mensuplar\u0131m\u0131zla \u00f6rnek bir dayan\u0131\u015fma sergiledik. \u0130zmir, \u00fclkemizde futbolun ilk oynand\u0131\u011f\u0131 \u015fehirdir. Ortalama y\u00fcz y\u0131ll\u0131k \u015fanl\u0131 tarihleri olan kul\u00fcplere sahibiz. Kul\u00fcplerimiz, ayn\u0131 zamanda kent miras\u0131m\u0131z ve en de\u011ferli markalar\u0131m\u0131z. Bu anlamda \u00e7ok \u015fansl\u0131y\u0131z. Bunun de\u011ferini biliyoruz. \u0130zmir; \u2018Sahada rekabet, saha d\u0131\u015f\u0131nda dostluk, i\u015f birli\u011fi ve dayan\u0131\u015fma\u2019 ve \u2018Dostluk i\u00e7inde rekabet \u2018 kavramlar\u0131n\u0131n hayat buldu\u011fu \u015fehirdir. Bu konuda \u00e7ok yol ald\u0131k. Hep beraber \u00e7ok ba\u015far\u0131l\u0131 \u00f6rnekler olu\u015fturduk. \u00c7\u00fcnk\u00fc biliyoruz ki \u2018Dostluk i\u00e7inde rekabet\u2019 kavram\u0131n\u0131n \u00e7ok \u00f6nemli bir marka de\u011feri var. Hala yapmam\u0131z gerekenler, eksiklerimiz var. Olumsuzluklardan ders \u00e7\u0131kart\u0131yoruz, objektif \u00f6zele\u015ftirilerimizi yap\u0131yoruz ve daima daha iyisi i\u00e7in \u00e7al\u0131\u015f\u0131yoruz. Bu \u015fehre, hepimize yak\u0131\u015fan her neyse onu yap\u0131yoruz. \u00d6rnek olmaya devam edece\u011fiz. Olimpiyat ruhu, \u0130zmir\u2019imize \u00e7ok yak\u0131\u015f\u0131yor\u201d dedi.<\/p>\n\n\n\n<p>ORTAK AKIL VE UZLA\u015eI SAYES\u0130NDE BA\u015eARDIK<\/p>\n\n\n\n<p>G\u00fcnl\u00fck tart\u0131\u015fmalara hi\u00e7 girmeden uzla\u015f\u0131 ve ortak ak\u0131lla hedef ve sonu\u00e7 odakl\u0131 olarak \u00e7al\u0131\u015ft\u0131klar\u0131n\u0131 kaydeden Erten, \u201cStadyumlar\u0131m\u0131z\u0131n in\u015faatlar\u0131nda aktif roller \u00fcstlendik. \u015eu anda T\u00fcrkiye\u2019nin en g\u00fczel, en keyif veren iki stad\u0131 \u0130zmir\u2019de. Kar\u015f\u0131yaka Stad\u0131\u2019n\u0131n Kar\u015f\u0131yaka Kul\u00fcb\u00fc\u2019m\u00fcze kazand\u0131r\u0131lmas\u0131 i\u00e7in de kul\u00fcb\u00fcm\u00fczle birlikte halen \u00e7al\u0131\u015f\u0131yoruz. Ayr\u0131ca kul\u00fcplerimizin altyap\u0131 tesislerine kavu\u015fmas\u0131 i\u00e7in arazi tahsisleri ve proje geli\u015ftirilmesi, s\u00fcrecin takibi a\u015famalar\u0131nda her anlamda destek veriyoruz. Bornova FK ve Alia\u011faspor FK\u2019n\u0131n da 3. Lig\u2019e y\u00fckselmeleri ile \u0130stanbul\u2019dan sonra profesyonel futbol liglerinde en fazla tak\u0131m\u0131 olan ikici \u015fehir durumuna geldik. \u0130zmir, \u015fu anda dokuz profesyonel futbol kul\u00fcb\u00fc ve spor tesisleriyle tam bir spor ve futbol kenti olma yolunda emin ad\u0131mlarla ilerliyor.2018 y\u0131l\u0131nda Dan\u0131\u015fma Kurulu\u2019muzda onaylanan \u2018\u0130zmir Spor Master Plan\u0131\u2019n\u0131n 2030 y\u0131l\u0131 hedefleri do\u011frultusunda \u00e7al\u0131\u015f\u0131yoruz. Rehberimiz, uzla\u015f\u0131 ve ortak ak\u0131ld\u0131r. G\u00fcnl\u00fck sportif ba\u015far\u0131lardan ve tart\u0131\u015fmalardan ba\u011f\u0131ms\u0131z olarak hedef ve sonu\u00e7 odakl\u0131 olarak \u00e7al\u0131\u015f\u0131yoruz. \u0130zmir\u2019den \u00fclkemize \u00f6rnek bir model yaratt\u0131k. Bize emanet edilen bayra\u011f\u0131, y\u00f6netim kurulumuzdaki \u00e7ok de\u011ferli arkada\u015flar\u0131m\u0131zla birlikte ta\u015f\u0131maya, sizlere ve \u0130zmir\u2019imize lay\u0131k olmaya \u00e7al\u0131\u015f\u0131yoruz. \u201d diye konu\u015ftu.<\/p>\n\n\n\n<p>AVUKAT ERDEM ME\u00c7O\u2019YA 25. H\u0130ZMET YILI PLAKET\u0130<\/p>\n\n\n\n<p>Toplant\u0131 Divan Ba\u015fkanl\u0131\u011f\u0131nda Avukat \u00c7a\u011fatay Akar, Remzi Noyan Ulu\u011f ve Fatih \u00d6zfatura\u2019n\u0131n g\u00f6rev yapt\u0131\u011f\u0131 genel kurulda Erten ba\u015fkanl\u0131\u011f\u0131ndaki y\u00f6netimin sundu\u011fu 2022 y\u0131l\u0131 faaliyet raporlar\u0131, mali tablolar, gelir-gider hesaplar\u0131 ve denetim raporlar\u0131 oy birli\u011fi ile ibra edildi.<\/p>\n\n\n\n<p>Genel kurulun sonunda ise, 1998 y\u0131l\u0131nda \u0130ZVAK\u2019\u0131n kurulu\u015f i\u015flemlerini ger\u00e7ekle\u015ftiren ve o g\u00fcnden bu yana 25 y\u0131ld\u0131r aral\u0131ks\u0131z olarak g\u00f6n\u00fcll\u00fcl\u00fck esas\u0131yla hizmet veren Avukat Erdem Me\u00e7o\u2019ya , 25. hizmet y\u0131l\u0131 an\u0131s\u0131na \u0130zmir kul\u00fcplerinin forma kesitlerinin yer ald\u0131\u011f\u0131 bir plaket takdim edildi. Me\u00e7o\u2019ya te\u015fekk\u00fcr eden Erten, \u201cVakf\u0131m\u0131z\u0131n kurulu\u015funu ger\u00e7ekle\u015ftiren, o g\u00fcnden bu yana 25 y\u0131ld\u0131r aral\u0131ks\u0131z hizmet veren ve halen de genel sekreterlik g\u00f6revini s\u00fcrd\u00fcrerek hizmetlerine devam eden Say\u0131n Me\u00e7o\u2019ya \u015fahs\u0131m, y\u00f6netim kurulu \u00fcyesi arkada\u015flar\u0131m, kurucular\u0131m\u0131z, m\u00fctevelli heyetimiz ve kul\u00fcplerimiz ad\u0131na te\u015fekk\u00fcr ediyoruz\u201d dedi. Vak\u0131f \u00dcyesi Bahri Vreskala da yapt\u0131\u011f\u0131 konu\u015fmada y\u00f6netim kuruluna te\u015fekk\u00fcr ederek, herkesin bu s\u00fcreci desteklemesi gerekti\u011fini vurgulad\u0131.<\/p>\n\n\n\n<p><\/p>\n","protected":false},"excerpt":{"rendered":"<p>AL\u0130 Erten ba\u015fkanl\u0131\u011f\u0131ndaki \u0130zmir Spor Kul\u00fcpleri Birli\u011fi Vakf\u0131\u2019n\u0131n (\u0130ZVAK) ola\u011fan mali genel kurulu yap\u0131ld\u0131. Tarihi Havagaz\u0131 Fabrikas\u0131\u2019nda yap\u0131lan genel kurulda vakf\u0131n faaliyetlerini anlatan Ba\u015fkan Erten, \u00f6ncelikle 2016\u2019dan bu yana devam eden ba\u015fkanl\u0131\u011f\u0131 d\u00f6neminde \u0130ZVAK\u2019a destek veren t\u00fcm kurum, kurulu\u015f ve ki\u015filere, \u00f6zellikle kul\u00fcp ba\u015fkanlar\u0131na te\u015fekk\u00fcr ederek, \u201cStadyum in\u015faatlar\u0131, teknik ve hukuk deste\u011fi, arazi tahsisleri, maddi [&hellip;]<\/p>\n","protected":false},"author":2,"featured_media":1185,"comment_status":"open","ping_status":"open","sticky":false,"template":"","format":"standard","meta":{"_uag_custom_page_level_css":"","footnotes":""},"categories":[7],"tags":[],"class_list":["post-1184","post","type-post","status-publish","format-standard","has-post-thumbnail","hentry","category-haberler"],"uagb_featured_image_src":{"full":["https:\/\/izvak.org\/wp-content\/uploads\/2024\/12\/hb3f278.jpg",800,600,false],"thumbnail":["https:\/\/izvak.org\/wp-content\/uploads\/2024\/12\/hb3f278-150x150.jpg",150,150,true],"medium":["https:\/\/izvak.org\/wp-content\/uploads\/2024\/12\/hb3f278-300x225.jpg",300,225,true],"medium_large":["https:\/\/izvak.org\/wp-content\/uploads\/2024\/12\/hb3f278-768x576.jpg",640,480,true],"large":["https:\/\/izvak.org\/wp-content\/uploads\/2024\/12\/hb3f278.jpg",640,480,false],"1536x1536":["https:\/\/izvak.org\/wp-content\/uploads\/2024\/12\/hb3f278.jpg",800,600,false],"2048x2048":["https:\/\/izvak.org\/wp-content\/uploads\/2024\/12\/hb3f278.jpg",800,600,false]},"uagb_author_info":{"display_name":"izvak_haber","author_link":"https:\/\/izvak.org\/index.php\/author\/izvak_haber\/"},"uagb_comment_info":0,"uagb_excerpt":"AL\u0130 Erten ba\u015fkanl\u0131\u011f\u0131ndaki \u0130zmir Spor Kul\u00fcpleri Birli\u011fi Vakf\u0131\u2019n\u0131n (\u0130ZVAK) ola\u011fan mali genel kurulu yap\u0131ld\u0131. Tarihi Havagaz\u0131 Fabrikas\u0131\u2019nda yap\u0131lan genel kurulda vakf\u0131n faaliyetlerini anlatan Ba\u015fkan Erten, \u00f6ncelikle 2016\u2019dan bu yana devam eden ba\u015fkanl\u0131\u011f\u0131 d\u00f6neminde \u0130ZVAK\u2019a destek veren t\u00fcm kurum, kurulu\u015f ve ki\u015filere, \u00f6zellikle kul\u00fcp ba\u015fkanlar\u0131na te\u015fekk\u00fcr ederek, \u201cStadyum in\u015faatlar\u0131, teknik ve hukuk deste\u011fi, arazi tahsisleri, maddi&hellip;","_links":{"self":[{"href":"https:\/\/izvak.org\/index.php\/wp-json\/wp\/v2\/posts\/1184","targetHints":{"allow":["GET"]}}],"collection":[{"href":"https:\/\/izvak.org\/index.php\/wp-json\/wp\/v2\/posts"}],"about":[{"href":"https:\/\/izvak.org\/index.php\/wp-json\/wp\/v2\/types\/post"}],"author":[{"embeddable":true,"href":"https:\/\/izvak.org\/index.php\/wp-json\/wp\/v2\/users\/2"}],"replies":[{"embeddable":true,"href":"https:\/\/izvak.org\/index.php\/wp-json\/wp\/v2\/comments?post=1184"}],"version-history":[{"count":1,"href":"https:\/\/izvak.org\/index.php\/wp-json\/wp\/v2\/posts\/1184\/revisions"}],"predecessor-version":[{"id":1186,"href":"https:\/\/izvak.org\/index.php\/wp-json\/wp\/v2\/posts\/1184\/revisions\/1186"}],"wp:featuredmedia":[{"embeddable":true,"href":"https:\/\/izvak.org\/index.php\/wp-json\/wp\/v2\/media\/1185"}],"wp:attachment":[{"href":"https:\/\/izvak.org\/index.php\/wp-json\/wp\/v2\/media?parent=1184"}],"wp:term":[{"taxonomy":"category","embeddable":true,"href":"https:\/\/izvak.org\/index.php\/wp-json\/wp\/v2\/categories?post=1184"},{"taxonomy":"post_tag","embeddable":true,"href":"https:\/\/izvak.org\/index.php\/wp-json\/wp\/v2\/tags?post=1184"}],"curies":[{"name":"wp","href":"https:\/\/api.w.org\/{rel}","templated":true}]}}