{"id":1187,"date":"2023-08-08T13:06:00","date_gmt":"2023-08-08T13:06:00","guid":{"rendered":"https:\/\/izvak.org\/?p=1187"},"modified":"2024-12-12T13:08:05","modified_gmt":"2024-12-12T13:08:05","slug":"dostluk-ve-centilmenlik-bulusmasi","status":"publish","type":"post","link":"https:\/\/izvak.org\/index.php\/2023\/08\/08\/dostluk-ve-centilmenlik-bulusmasi\/","title":{"rendered":"DOSTLUK VE CENT\u0130LMENL\u0130K BULU\u015eMASI"},"content":{"rendered":"\n<p>\u0130zmir Valisi Yavuz Selim K\u00f6\u015fger, 2023-2024 sezonu \u00f6ncesinde, profesyonel futbol liglerindeki \u0130zmir kul\u00fcplerinin ba\u015fkanlar\u0131, y\u00f6neticileri ve \u0130ZVAK Y\u00f6netim Kurulumuz ile bir araya geldi.<\/p>\n\n\n\n<p>FUTBOLDA \u0130ZM\u0130R FOTO\u011eRAFI<br>&#8220;Dostluk ve Centilmenlik\u201d temas\u0131 ile ger\u00e7ekle\u015ftirilen zirveye Gen\u00e7lik ve Spor \u0130l M\u00fcd\u00fcr\u00fc Murat Eskici, \u0130zmir Spor Kul\u00fcpleri Birli\u011fi Vakf\u0131 (\u0130ZVAK) Ba\u015fkan\u0131m\u0131z Ali Erten, TFF Ege B\u00f6lge Temsilcisi Sevgi \u00d6zdemir, \u0130ZVAK Ba\u015fkan Yard\u0131mc\u0131m\u0131z Fatih Tanfer, G\u00f6ztepe Sportif Direkt\u00f6r\u00fc Ali D\u00f6nmez, Altay Ba\u015fkan\u0131 Ayhan D\u00fcndar, Alt\u0131nordu Ba\u015fkan\u0131 Seyit Mehmet \u00d6zkan, Bucaspor1928 Ba\u015fkan Vekili Kenan Tiyan\u015fan, Menemen FK Ba\u015fkan\u0131 Bilgin Tokul, Kar\u015f\u0131yaka Ba\u015fkan\u0131 Turgay B\u00fcy\u00fckkarc\u0131, Viven Bornova FK Ba\u015fkan\u0131 H\u00fcseyin OK, Alia\u011faspor FK Ba\u015fkan\u0131 Kamil \u00d6nal ve Bergama Belediyespor Ba\u015fkan\u0131 Ahmet \u00c7oruhlu kat\u0131ld\u0131. Dostluk bulu\u015fmas\u0131nda kul\u00fcp ba\u015fkanlar\u0131 tek tek s\u00f6z alarak kendi kul\u00fcpleri, hedefleri ve ihtiya\u00e7lar\u0131 hakk\u0131nda bilgi verdi.<\/p>\n\n\n\n<p>ERTEN: SAHADA RAK\u0130P, SAHA DI\u015eINDA DOSTUZ<br>Tak\u0131mlar\u0131m\u0131z\u0131n aras\u0131nda var olan dostluk ve dayan\u0131\u015fman\u0131n geli\u015fmesi ad\u0131na bulu\u015fman\u0131n \u00f6nemine vurgu yapan \u0130zmir Spor Kul\u00fcpleri Birli\u011fi Vakf\u0131 (\u0130ZVAK) Ba\u015fkan\u0131m\u0131z Ali Erten; \u201c\u0130zmir\u2019imiz; dokuz tak\u0131m ile T\u00fcrkiye profesyonel futbol liglerinde \u0130stanbul\u2019dan sonra en fazla temsilcisi olan \u015fehir durumunda. Hep birlikte \u0130zmir\u2019imizi ba\u015far\u0131 ile temsil ediyorlar. \u015eehir olarak \u00f6rnek bir i\u015f birli\u011fi ve dayan\u0131\u015fma i\u00e7erisindeyiz. Sahada sportif anlamda rakip olan kul\u00fcplerimiz, saha d\u0131\u015f\u0131nda ebedi dost ve karde\u015f. Say\u0131n Valimizin himayelerindeki dostluk bulu\u015fmas\u0131nda bir araya gelerek bunu tekrar teyit etme f\u0131rsat\u0131 bulduk. Bize bu f\u0131rsat\u0131 verdi\u011fi ve bu ortam\u0131n olu\u015fmas\u0131na destek oldu\u011fu i\u00e7in Say\u0131n Valimize g\u00f6n\u00fclden te\u015fekk\u00fcr ediyoruz\u201c dedi.<\/p>\n\n\n\n<p>\u0130ZM\u0130R VAL\u0130S\u0130 K\u00d6\u015eGER: \u00c7ALI\u015eMALARIMIZ \u00c7OK DE\u011eERL\u0130. HER B\u0130R\u0130N\u0130ZE TEK TEK TE\u015eEKK\u00dcR ED\u0130YORUM<br>\u0130zmir Valisi Yavuz Selim K\u00f6\u015fger, yapt\u0131\u011f\u0131 konu\u015fmada \u201dBug\u00fcn burada kul\u00fcp ba\u015fkanlar\u0131m\u0131z\u0131n muhabbetle sohbet ediyor olmalar\u0131 dahi ba\u015fl\u0131 ba\u015f\u0131na takdire \u015fayand\u0131r. \u0130zmir\u2019e, futbola ve centilmenli\u011fe yak\u0131\u015fan budur. Sezon ba\u015fl\u0131yor. Aram\u0131zda profesyonel lige y\u00fckselen yeni tak\u0131mlar\u0131m\u0131z var. \u00d6ncelikle onlar olmak \u00fczere yeni sezonda t\u00fcm kul\u00fcplere ba\u015far\u0131lar diliyorum. \u0130ZVAK Ba\u015fkan\u0131m\u0131z\u0131n s\u00f6yledi\u011fi gibi profesyonel liglerde say\u0131 itibar\u0131 ile ikinciyiz. Nicelik olarak \u0130zmir\u2019imiz kendine yak\u0131\u015fan yere gelmi\u015f durumda. Nitelik olarak da geli\u015fmeye devam etmeliyiz. Bunun i\u00e7in herkes \u00fczerine d\u00fc\u015feni yapacak. Emek ve \u00e7abalar\u0131n\u0131z i\u00e7in sa\u011folun, varolun. Hep beraber daha g\u00fczel yerlere gelece\u011fiz. \u015eehrimizin spor ve futbol ge\u00e7mi\u015finde \u00e7ok b\u00fcy\u00fck ba\u015far\u0131lar var. \u00c7ok k\u00f6kl\u00fc kul\u00fcplerimiz var. Hep beraber bu ba\u015far\u0131lara yenilerini ekleyece\u011fiz. Spor ve \u00f6zellikle futbol, sadece futboldan ibaret de\u011fil. Kendini a\u015fan bir taraf\u0131 var. Gen\u00e7lerimizi spor yoluyla iyiye, g\u00fczele, do\u011fruya, vatan-millet sevgisine y\u00f6nlendirmeli, k\u00f6t\u00fc al\u0131\u015fkanl\u0131klardan uzak tutmal\u0131y\u0131z. Bu bak\u0131mdan \u00e7al\u0131\u015fmalar\u0131n\u0131z \u00e7ok k\u0131ymetli. Her birinize tek tek te\u015fekk\u00fcr ediyorum. Dostlu\u011funuz daim olsun. G\u00fczel ve ba\u015far\u0131l\u0131 bir sezon ge\u00e7irmenizi diliyorum\u201c diye konu\u015ftu.<\/p>\n","protected":false},"excerpt":{"rendered":"<p>\u0130zmir Valisi Yavuz Selim K\u00f6\u015fger, 2023-2024 sezonu \u00f6ncesinde, profesyonel futbol liglerindeki \u0130zmir kul\u00fcplerinin ba\u015fkanlar\u0131, y\u00f6neticileri ve \u0130ZVAK Y\u00f6netim Kurulumuz ile bir araya geldi. FUTBOLDA \u0130ZM\u0130R FOTO\u011eRAFI&#8220;Dostluk ve Centilmenlik\u201d temas\u0131 ile ger\u00e7ekle\u015ftirilen zirveye Gen\u00e7lik ve Spor \u0130l M\u00fcd\u00fcr\u00fc Murat Eskici, \u0130zmir Spor Kul\u00fcpleri Birli\u011fi Vakf\u0131 (\u0130ZVAK) Ba\u015fkan\u0131m\u0131z Ali Erten, TFF Ege B\u00f6lge Temsilcisi Sevgi \u00d6zdemir, \u0130ZVAK [&hellip;]<\/p>\n","protected":false},"author":2,"featured_media":1188,"comment_status":"open","ping_status":"open","sticky":false,"template":"","format":"standard","meta":{"_uag_custom_page_level_css":"","footnotes":""},"categories":[7],"tags":[],"class_list":["post-1187","post","type-post","status-publish","format-standard","has-post-thumbnail","hentry","category-haberler"],"uagb_featured_image_src":{"full":["https:\/\/izvak.org\/wp-content\/uploads\/2024\/12\/vali.jpg",2560,1190,false],"thumbnail":["https:\/\/izvak.org\/wp-content\/uploads\/2024\/12\/vali-150x150.jpg",150,150,true],"medium":["https:\/\/izvak.org\/wp-content\/uploads\/2024\/12\/vali-300x139.jpg",300,139,true],"medium_large":["https:\/\/izvak.org\/wp-content\/uploads\/2024\/12\/vali-768x357.jpg",640,298,true],"large":["https:\/\/izvak.org\/wp-content\/uploads\/2024\/12\/vali-1024x476.jpg",640,298,true],"1536x1536":["https:\/\/izvak.org\/wp-content\/uploads\/2024\/12\/vali-1536x714.jpg",1536,714,true],"2048x2048":["https:\/\/izvak.org\/wp-content\/uploads\/2024\/12\/vali-2048x952.jpg",2048,952,true]},"uagb_author_info":{"display_name":"izvak_haber","author_link":"https:\/\/izvak.org\/index.php\/author\/izvak_haber\/"},"uagb_comment_info":0,"uagb_excerpt":"\u0130zmir Valisi Yavuz Selim K\u00f6\u015fger, 2023-2024 sezonu \u00f6ncesinde, profesyonel futbol liglerindeki \u0130zmir kul\u00fcplerinin ba\u015fkanlar\u0131, y\u00f6neticileri ve \u0130ZVAK Y\u00f6netim Kurulumuz ile bir araya geldi. FUTBOLDA \u0130ZM\u0130R FOTO\u011eRAFI&#8220;Dostluk ve Centilmenlik\u201d temas\u0131 ile ger\u00e7ekle\u015ftirilen zirveye Gen\u00e7lik ve Spor \u0130l M\u00fcd\u00fcr\u00fc Murat Eskici, \u0130zmir Spor Kul\u00fcpleri Birli\u011fi Vakf\u0131 (\u0130ZVAK) Ba\u015fkan\u0131m\u0131z Ali Erten, TFF Ege B\u00f6lge Temsilcisi Sevgi \u00d6zdemir, \u0130ZVAK&hellip;","_links":{"self":[{"href":"https:\/\/izvak.org\/index.php\/wp-json\/wp\/v2\/posts\/1187","targetHints":{"allow":["GET"]}}],"collection":[{"href":"https:\/\/izvak.org\/index.php\/wp-json\/wp\/v2\/posts"}],"about":[{"href":"https:\/\/izvak.org\/index.php\/wp-json\/wp\/v2\/types\/post"}],"author":[{"embeddable":true,"href":"https:\/\/izvak.org\/index.php\/wp-json\/wp\/v2\/users\/2"}],"replies":[{"embeddable":true,"href":"https:\/\/izvak.org\/index.php\/wp-json\/wp\/v2\/comments?post=1187"}],"version-history":[{"count":1,"href":"https:\/\/izvak.org\/index.php\/wp-json\/wp\/v2\/posts\/1187\/revisions"}],"predecessor-version":[{"id":1189,"href":"https:\/\/izvak.org\/index.php\/wp-json\/wp\/v2\/posts\/1187\/revisions\/1189"}],"wp:featuredmedia":[{"embeddable":true,"href":"https:\/\/izvak.org\/index.php\/wp-json\/wp\/v2\/media\/1188"}],"wp:attachment":[{"href":"https:\/\/izvak.org\/index.php\/wp-json\/wp\/v2\/media?parent=1187"}],"wp:term":[{"taxonomy":"category","embeddable":true,"href":"https:\/\/izvak.org\/index.php\/wp-json\/wp\/v2\/categories?post=1187"},{"taxonomy":"post_tag","embeddable":true,"href":"https:\/\/izvak.org\/index.php\/wp-json\/wp\/v2\/tags?post=1187"}],"curies":[{"name":"wp","href":"https:\/\/api.w.org\/{rel}","templated":true}]}}