{"id":1205,"date":"2023-10-18T14:17:00","date_gmt":"2023-10-18T14:17:00","guid":{"rendered":"https:\/\/izvak.org\/?p=1205"},"modified":"2024-12-12T14:18:33","modified_gmt":"2024-12-12T14:18:33","slug":"izmir-kuluplerinden-ornek-dayanisma","status":"publish","type":"post","link":"https:\/\/izvak.org\/index.php\/2023\/10\/18\/izmir-kuluplerinden-ornek-dayanisma\/","title":{"rendered":"\u0130ZM\u0130R KUL\u00dcPLER\u0130NDEN \u00d6RNEK DAYANI\u015eMA"},"content":{"rendered":"\n<p>\u0130ZM\u0130R&#8217;in profesyonel futbol liglerindeki 9 kul\u00fcb\u00fcn ba\u015fkan ve y\u00f6neticilerinin yan\u0131s\u0131ra \u0130zmirspor temsilcisi, \u0130zmir Spor Kul\u00fcpleri Birli\u011fi Vakf\u0131&#8217; (\u0130ZVAK) geleneksel organizasyonuyla bir araya gelip dayan\u0131\u015fma mesajlar\u0131 verdi. \u0130zmir Ticaret Odas\u0131&#8217;ndaki toplant\u0131ya \u0130ZVAK y\u00f6netimimiz, kul\u00fcp ve medya temsilcilerinin yan\u0131 s\u0131ra Futbol Federasyonu Y\u00f6netim Kurulu \u00dcyesi Talat Papatya, TFF Ege B\u00f6lge M\u00fcd\u00fcr\u00fc Sevgi Ko\u00e7ak \u00d6zdemir ve \u0130zmirli Teknik Direkt\u00f6r H\u00fcseyin Ero\u011flu da kat\u0131ld\u0131. Toplant\u0131n\u0131n a\u00e7\u0131l\u0131\u015f konu\u015fmas\u0131nda, &#8220;Her y\u0131l bu toplant\u0131y\u0131 geleneksel olarak yap\u0131yoruz. Bu y\u0131l Milli ma\u00e7 aras\u0131nda yapmak istedik&#8221; diyen \u0130ZVAK Y\u00f6netim Kurulu ve TFF Fair Play Kurulu Ba\u015fkan\u0131m\u0131z Ali Erten, &#8220;Ge\u00e7en y\u0131l hem \u00fclkemiz hem futbol ailemiz i\u00e7in zor bir y\u0131ld\u0131. \u00dclkemizin ya\u015fad\u0131\u011f\u0131 felaketten hepimiz \u00e7ok etkilendik, \u00e7ok \u00fcz\u00fcld\u00fck. O y\u00fczden ge\u00e7en y\u0131l ile ilgili olarak sportif bir \u015fey konu\u015fmak \u00e7ok anlaml\u0131 de\u011fil. Bu y\u0131l \u0130zmir&#8217;in tarihinde ilk kez 9 tane profesyonel tak\u0131m\u0131m\u0131z liglerde yer al\u0131yor&#8221; dedi.<br>\u0130stanbul&#8217;dan sonra en \u00e7ok profesyonel futbol tak\u0131m\u0131 olan \u015fehrin \u0130zmir oldu\u011funu belirten Ali Erten, &#8220;Bu \u0130zmir futbol tarihinde bir ilk. Tak\u0131mlar\u0131m\u0131z bu sene sezona iyi ba\u015flad\u0131. Beklentimiz 3-4 \u015fampiyonluk, en az 2-3 de Play-Off. \u0130ZVAK olarak ge\u00e7en y\u0131l Kar\u015f\u0131yaka ve G\u00f6ztepe&#8217;nin tesis arazilerinin tahsisi s\u00fcrecine destek verdik. Kar\u015fyaka Stad\u0131&#8217;yla ilgili davalar m\u00fcdahil taraf olarak kat\u0131ld\u0131k. Y\u00f6netim kurulumuzdaki avukatlar\u0131m\u0131z s\u00fcreci y\u00fcr\u00fctt\u00fcler. Sonucunda davalar kazan\u0131ld\u0131 . Bu konuda kul\u00fcp y\u00f6netimi g\u00f6rev verirse s\u00fcreci ilerletmek konusunda sorumluluk almaya haz\u0131r\u0131z. \u0130ZVAK olarak, kul\u00fcplerimizin ekonomik altyap\u0131lar\u0131n\u0131n geli\u015ftirilebilmesi ve s\u00fcrd\u00fcrebilir gelir kaynaklar\u0131 yaratmak ama\u00e7l\u0131 projelerimiz var. \u00d6n\u00fcm\u00fczdeki d\u00f6nemde bu konuya daha \u00e7ok odaklanmak istiyoruz. Bunlar \u00fczerinde \u00e7al\u0131\u015f\u0131yoruz. Bir y\u00f6n\u00fcnde Ekonomi \u00dcniversitesi&#8217;yle bu konuda i\u015fbirli\u011fi i\u00e7erisindeyiz. Destek ald\u0131\u011f\u0131m\u0131z ba\u015fka ki\u015fi ve kurumlar var. Sonu\u00e7lar\u0131n\u0131 birka\u00e7 ay i\u00e7inde \u00f6nce kul\u00fcplerimizle, sonra kamuoyumuzla payla\u015faca\u011f\u0131z&#8221; diye konu\u015ftu.<\/p>\n\n\n\n<p>PAPATYA: HEDEF\u0130M\u0130Z ALMANYA&#8217;DA BA\u015eARI<br>Futbol Federasyonu Y\u00f6netim Kurulu \u00dcyesi Talat Papatya, toplant\u0131da A Milli Tak\u0131m&#8217;\u0131n 2024 Avrupa \u015eampiyonas\u0131&#8217;na kat\u0131lma hakk\u0131 elde etti\u011fini hat\u0131rlatarak hedeflerinin yaln\u0131z turnuvaya kat\u0131lmak de\u011fil ba\u015far\u0131l\u0131 olmak oldu\u011funu s\u00f6yledi. Talat Papatya, &nbsp;\u0130zmir kul\u00fcpleri olarak iyi ba\u015flad\u0131\u011f\u0131m\u0131z sezonu umar\u0131m iyi sonu\u00e7land\u0131r\u0131r\u0131z. Profesyonel liglerde \u0130zmir&#8217;den &nbsp;9 tak\u0131m\u0131m\u0131z\u0131n olmas\u0131 b\u00fcy\u00fck sevin\u00e7 ama in\u015fallah daha \u00fcst liglerde daha \u00e7ok tak\u0131m\u0131m\u0131z olur. \u0130n\u015fallah S\u00fcper Lig&#8217;de \u00e7ok \u0130stanbul tak\u0131m\u0131 oldu\u011funu ele\u015ftirdi\u011fimiz gibi biz de ele\u015ftiriliriz. A Milli Tak\u0131m hepimizin gururu, hepimizin ortak paydas\u0131. Ba\u015far\u0131m\u0131z s\u00fcrpriz de\u011fil inanm\u0131\u015fl\u0131k. Futbolda \u015fans da \u00e7ok \u00f6nemli. \u015eans da \u00e7abaya a\u015f\u0131kt\u0131r. \u00c7abalar\u0131m\u0131z\u0131n sonucu t\u00fcm T\u00fcrkiye&#8217;nin dualar\u0131yla oldu. Bu tabi yetmez. Mehmet B\u00fcy\u00fckek\u015fi ba\u015fkan\u0131m\u0131z\u0131n ilk se\u00e7ildi\u011finde, &#8216;Hedefimiz Almanya&#8217;ya gitmek de\u011fil orada ba\u015far\u0131l\u0131 olmak&#8217; dedi. \u015eu anki g\u00f6r\u00fcnt\u00fc de \u00f6yle gidiyor. \u0130n\u015fallah Avrupa \u015eampiyonas\u0131&#8217;nda da istedi\u011fimiz sonucu al\u0131r\u0131z&#8221; ifadelerini kulland\u0131.<\/p>\n\n\n\n<p>ERO\u011eLU: \u0130ZM\u0130R&#8217;\u0130 TEMS\u0130L ED\u0130YORUM<br>Samsunspor&#8217;u ge\u00e7en sezon 1&#8217;inci Lig&#8217;den S\u00fcper Lig&#8217;e \u00e7\u0131karan teknik direkt\u00f6r olan H\u00fcseyin Ero\u011flu, g\u00f6rev yapt\u0131\u011f\u0131 kul\u00fcplerde \u0130zmir&#8217;i en iyi \u015fekilde temsil etmeye \u00e7al\u0131\u015ft\u0131\u011f\u0131n\u0131 dile getirdi. Daha \u00f6nce y\u0131llarca Alt\u0131nordu&#8217;yu \u00e7al\u0131\u015ft\u0131ran Ero\u011flu, &#8220;Bir \u0130zmirli olarak 15 y\u0131l kentte antren\u00f6rl\u00fck yapt\u0131ktan sonra Samsun&#8217;a gittim. \u0130zmir&#8217;e geldi\u011fimde herkesin beni destekledi\u011fini g\u00f6rd\u00fc\u011f\u00fcm zaman oraya yaln\u0131z gitmedi\u011fimi anlad\u0131m. \u0130zmir&#8217;i iyi temsil etti\u011fimi d\u00fc\u015f\u00fcn\u00fcyorum. Hatta \u015fampiyonlukta \u0130zmir Mar\u015f\u0131&#8217;n\u0131 \u00e7ald\u0131rd\u0131m. \u0130n\u015fallah bundan sonraki s\u00fcre\u00e7 hem \u0130zmir hem T\u00fcrk futbolu i\u00e7in iyi olur&#8221; \u015feklinde konu\u015ftu.<\/p>\n\n\n\n<p>BA\u015eKAN D\u00dcNDAR&#8217;DAN S\u0130TEM<br>Altay Ba\u015fkan\u0131 Ayhan D\u00fcndar, organizasyonda \u0130zmir kul\u00fcpleri olarak yeteri kadar destek alamad\u0131klar\u0131ndan yak\u0131nd\u0131. D\u00fcndar, &#8220;Profesyonel liglerde 9 kul\u00fcp olman\u0131n sevincini ya\u015famakla beraber bu kul\u00fcplerimizin k\u00f6t\u00fcle\u015fen futbol ekonomisinde nas\u0131l ayakta kalaca\u011f\u0131na vurgu yapmak istiyorum. \u0130zmir&#8217;in spor kul\u00fcplerine yeterince ilgi g\u00f6stermedi\u011fi, bunun kuvvetli bir \u015fekilde dillendirilemedi\u011fi kan\u0131s\u0131nday\u0131m. \u0130zmir&#8217;de g\u00fc\u00e7l\u00fc bir kamuoyu olu\u015fturmazsak bug\u00fcn 9 olan profesyonel tak\u0131 say\u0131s\u0131 yar\u0131n 3-4 olabilir. Biz deplasmana gitti\u011fimizde di\u011fer kul\u00fcplerin elde etti\u011fi gelirlerden mahrum oldu\u011fumuzu g\u00f6r\u00fcyoruz&#8221; dedi.<br>&#8220;Di\u011fer kul\u00fcpler kentten \u00e7ok ciddi kaynaklarla besleniyorlar ama bizde kul\u00fcpleriz kendi kaderleriyle ba\u015f ba\u015fa b\u0131rak\u0131lm\u0131\u015f durumunda&#8221; diyen D\u00fcndar, &#8220;100 y\u0131l\u0131 a\u015fan \u0130zmir kul\u00fcpleri kentin en b\u00fcy\u00fck marka de\u011ferleri. Ayn\u0131 zamanda yeni ba\u015far\u0131 yakalayan il\u00e7e kul\u00fcplerimiz var. Bizler kendi aram\u0131zda bu dayan\u0131\u015fmay\u0131 olu\u015fturmal\u0131y\u0131z. 2 senedir \u00e7ok b\u00fcy\u00fck bir camian\u0131n y\u00fck\u00fcn\u00fc kald\u0131rmaktan dolay\u0131 sitemkar konu\u015ftu\u011fum anla\u015f\u0131lmas\u0131n, \u015fehrin dinamikleriyle ortak paydada bulu\u015fmal\u0131y\u0131z. \u0130stanbul&#8217;da herhangi bir belediyenin il\u00e7e tak\u0131m\u0131na aktard\u0131\u011f\u0131 para burada t\u00fcm kul\u00fcplerin kasas\u0131na girenden fazla&#8221; diye konu\u015ftu.<\/p>\n\n\n\n<p>\u0130SMA\u0130L TUR: ORTAK PAYDAMIZ \u0130ZM\u0130R<br>G\u00f6ztepe&#8217;nin \u0130leti\u015fim Direkt\u00f6r\u00fc \u0130smail Tur, kul\u00fcpler olarak ortak paydalar\u0131n\u0131n \u0130zmir oldu\u011funu dile getirdi. \u0130smail Tur, &#8220;Ortak noktam\u0131z \u0130zmir, ortak paydam\u0131z \u0130zmir. Bu organizasyonlar\u0131n daha fazla ve s\u00fcrekli olmas\u0131 bizler i\u00e7in \u00f6nemli. Futbol ba\u015far\u0131s\u0131ndan bahsediyoruz ama biz 17 bran\u015fta \u00fclkemize hizmet eden bir spor kul\u00fcb\u00fcy\u00fcz. O bran\u015flarda da \u00fclkemize madalya getirmeye \u00e7al\u0131\u015f\u0131yoruz. Diliyorum bu y\u0131l t\u00fcm kul\u00fcpler i\u00e7in hem sportif ba\u015far\u0131 hem de tesisle\u015fme y\u0131l\u0131 olur&#8221; \u015feklinde g\u00f6r\u00fc\u015f bildirdi.<\/p>\n\n\n\n<p>AZAT YE\u015e\u0130L: ALTYAPI TES\u0130SLR\u0130 \u015eART<br>Kar\u015f\u0131yaka Ba\u015fkan\u0131 Azat Ye\u015fil, \u0130ZVAK organizasyonunda kul\u00fcplere altyap\u0131 konusunda tesis yard\u0131m\u0131 yap\u0131lmas\u0131 gerekti\u011finin alt\u0131n\u0131 \u00e7izdi. Azat Ye\u015fil, &#8220;\u0130zmir&#8217;in spor kul\u00fcpleri ger\u00e7ekten \u00e7ok k\u00f6kl\u00fc kul\u00fcpler. Bug\u00fcn 5-10 y\u0131ll\u0131k kul\u00fcpler S\u00fcper Lig&#8217;de m\u00fccadele ediyor. Futbolumuzda haks\u0131z rekabet var. End\u00fcstriyel futbol k\u00f6kl\u00fc camia kul\u00fcplerinin geri plana itilmesine sebep oldu. Bunun ba\u015fl\u0131ca sebebi ekonomi. Kar\u015f\u0131yaka olarak bizim stad\u0131m\u0131z 10 y\u0131ld\u0131r y\u0131lan hikayesine d\u00f6nd\u00fc. Daha \u00f6nce belediyelerden b\u00fct\u00fcn kul\u00fcplere maddi kaynak yarat\u0131l\u0131yordu. Bug\u00fcn b\u00f6yle bir kaynak yok. Hepsine eyvallah dedik ama altyap\u0131lar ne olacak? Son y\u0131llarda ka\u00e7 altyap\u0131 sahas\u0131 yap\u0131ld\u0131? Sporla ilgilenen \u00e7ocu\u011fun k\u00f6t\u00fc al\u0131\u015fkanl\u0131\u011f\u0131 olmaz. Kollektif \u00e7al\u0131\u015fmay\u0131 \u00f6\u011frenir, bireysellikten uzakla\u015f\u0131r. \u0130zmir olarak sadece futbol de\u011fil her spor bran\u015f\u0131nda altyap\u0131 ve tesisle\u015fme hamlesi yapmal\u0131y\u0131z&#8221; dedi.<\/p>\n\n\n\n<p>BORNOVA 1877&#8217;N\u0130N DERD\u0130 SAHA<br>Bu sezon \u00e7\u0131kt\u0131\u011f\u0131 TFF 3&#8217;\u00fcnc\u00fc Lig&#8217;de zirve m\u00fccadelesi veren Bornova 1877&#8217;nin Ba\u015fkan\u0131 H\u00fcseyin Ok da kul\u00fcp olarak antrenman sahalar\u0131 olmamas\u0131ndan yak\u0131nd\u0131. H\u00fcseyin Ok, &#8220;\u0130zmir&#8217;de ilk kurulan kul\u00fcp Kar\u015f\u0131yaka ama futbol ilk kez 1877 y\u0131l\u0131nda Bornova&#8217;da oynanm\u0131\u015f. Biz de bundan esinlenerek ismimizi ald\u0131k. Eksiklerimiz \u00e7ok, \u015fu an kul\u00fcp olmaya \u00e7al\u0131\u015f\u0131yoruz. Bizim bir tesisimiz, antrenman saham\u0131z yok. Bucaspor 1928 Ba\u015fkan\u0131 Cihan Akta\u015f&#8217;a sonsuz te\u015fekk\u00fcr ediyorum, Altay Ba\u015fkan\u0131 Ayhan D\u00fcndar&#8217;a, Kar\u015f\u0131yaka Ba\u015fkan\u0131 Azat Ye\u015fil&#8217;e te\u015fekk\u00fcr ediyorum bize tesislerini a\u00e7t\u0131lar. Bornova&#8217;da ve Bayrakl\u0131&#8217;da \u00e7al\u0131\u015fabilece\u011fimiz tek \u00e7im saha yok. Ege \u00dcniversitesi&#8217;nden eski \u00e7im sahay\u0131 haftada 2 g\u00fcn 2 saat istedik ama alamad\u0131k&#8221; diyerek sitemde bulundu.<\/p>\n\n\n\n<p>ALTINORDU&#8217;NUN 100&#8217;\u00dcNC\u00dc YIL GURURU<br>Alt\u0131nordu \u0130leti\u015fim Direkt\u00f6r\u00fc Can Erbesler, kul\u00fcp olarak 100&#8217;\u00fcnc\u00fc y\u0131llar\u0131n\u0131 kutlayacaklar\u0131 2023&#8217;te hedeflerinin hak etmedikleri 2&#8217;nci Lig&#8217;den kurtulmak oldu\u011funu s\u00f6yledi. \u0130zmir&#8217;in yeti\u015ftirici kul\u00fcb\u00fc olan k\u0131rm\u0131z\u0131-lacivertlilerde Erbesler, &#8220;Biz Alt\u0131nordu olarak 100&#8217;\u00fcnc\u00fc y\u0131l\u0131m\u0131z\u0131 ya\u015f\u0131yoruz. Cumhuriyetin ilk kul\u00fcb\u00fc olarak 26 Aral\u0131k 2023&#8217;te 100&#8217;\u00fcnc\u00fc y\u0131l\u0131m\u0131z\u0131 kutlayaca\u011f\u0131z. Yak\u0131\u015fmad\u0131\u011f\u0131m\u0131z lige istemedi\u011fimiz bir \u015fekilde ba\u015flad\u0131k ama sonra 4 ma\u00e7\u0131 berabere bitirdik. Pazar g\u00fcn\u00fc Tire&#8217;de oynay\u0131p ard\u0131ndan yine Bornova&#8217;da oynayaca\u011f\u0131z. Misyonumuz yeti\u015ftiricilik ama A tak\u0131m\u0131m\u0131z\u0131 bir an \u00f6nce bu durumdan \u00e7\u0131karmam\u0131z laz\u0131m&#8221; dedi.<\/p>\n\n\n\n<p>T\u0130YAN\u015eAN : BU YIL \u00dcST L\u0130GE D\u0130REK \u00c7IKMAK \u0130ST\u0130YORUZ.<br>Bucaspor 1928&#8217;u temsilen toplant\u0131ya kat\u0131lan Kenan Tiyan\u015fan; ge\u00e7en y\u0131l Play-Off&#8217;ta elendiklerini hat\u0131rlatarak, \u201cBuradan ders \u00e7\u0131kard\u0131k. Bu y\u0131l \u00fcst lige tekrar \u00e7\u0131kmak istiyoruz\u201d dedi.<\/p>\n\n\n\n<p>SEVG\u0130 KO\u00c7AK \u00d6ZDEM\u0130R : AYNI \u00c7ATI ALTINDA OLMAK G\u00dcZEL<br>Futbol Federasyonu Ege B\u00f6lge M\u00fcd\u00fcr\u00fc Sevgi Ko\u00e7ak \u00d6zdemir ise, &#8220;1 y\u0131la yak\u0131n b\u00f6lge m\u00fcd\u00fcrl\u00fc\u011f\u00fc yap\u0131yorum. Daha \u00f6nce 16 y\u0131l \u0130zmir&#8217;de TFF&#8217;de \u00e7al\u0131\u015ft\u0131m. T\u00fcm ma\u00e7lara gidip tak\u0131mlar\u0131 sahada seyretmeye \u00e7al\u0131\u015f\u0131yorum. \u0130zmir tak\u0131mlar\u0131n\u0131n daha \u00fcst kategorilere \u00e7\u0131kmas\u0131n\u0131 diliyorum. Bir arada ayn\u0131 \u00e7at\u0131 alt\u0131nda olmak \u00e7ok g\u00fczel ve b\u00fcy\u00fck bir g\u00fc\u00e7&#8221; diye konu\u015ftu.<\/p>\n\n\n\n<p><\/p>\n","protected":false},"excerpt":{"rendered":"<p>\u0130ZM\u0130R&#8217;in profesyonel futbol liglerindeki 9 kul\u00fcb\u00fcn ba\u015fkan ve y\u00f6neticilerinin yan\u0131s\u0131ra \u0130zmirspor temsilcisi, \u0130zmir Spor Kul\u00fcpleri Birli\u011fi Vakf\u0131&#8217; (\u0130ZVAK) geleneksel organizasyonuyla bir araya gelip dayan\u0131\u015fma mesajlar\u0131 verdi. \u0130zmir Ticaret Odas\u0131&#8217;ndaki toplant\u0131ya \u0130ZVAK y\u00f6netimimiz, kul\u00fcp ve medya temsilcilerinin yan\u0131 s\u0131ra Futbol Federasyonu Y\u00f6netim Kurulu \u00dcyesi Talat Papatya, TFF Ege B\u00f6lge M\u00fcd\u00fcr\u00fc Sevgi Ko\u00e7ak \u00d6zdemir ve \u0130zmirli Teknik [&hellip;]<\/p>\n","protected":false},"author":2,"featured_media":1206,"comment_status":"open","ping_status":"open","sticky":false,"template":"","format":"standard","meta":{"_uag_custom_page_level_css":"","footnotes":""},"categories":[7],"tags":[],"class_list":["post-1205","post","type-post","status-publish","format-standard","has-post-thumbnail","hentry","category-haberler"],"uagb_featured_image_src":{"full":["https:\/\/izvak.org\/wp-content\/uploads\/2024\/12\/dayanismaa.jpeg",780,411,false],"thumbnail":["https:\/\/izvak.org\/wp-content\/uploads\/2024\/12\/dayanismaa-150x150.jpeg",150,150,true],"medium":["https:\/\/izvak.org\/wp-content\/uploads\/2024\/12\/dayanismaa-300x158.jpeg",300,158,true],"medium_large":["https:\/\/izvak.org\/wp-content\/uploads\/2024\/12\/dayanismaa-768x405.jpeg",640,338,true],"large":["https:\/\/izvak.org\/wp-content\/uploads\/2024\/12\/dayanismaa.jpeg",640,337,false],"1536x1536":["https:\/\/izvak.org\/wp-content\/uploads\/2024\/12\/dayanismaa.jpeg",780,411,false],"2048x2048":["https:\/\/izvak.org\/wp-content\/uploads\/2024\/12\/dayanismaa.jpeg",780,411,false]},"uagb_author_info":{"display_name":"izvak_haber","author_link":"https:\/\/izvak.org\/index.php\/author\/izvak_haber\/"},"uagb_comment_info":0,"uagb_excerpt":"\u0130ZM\u0130R&#8217;in profesyonel futbol liglerindeki 9 kul\u00fcb\u00fcn ba\u015fkan ve y\u00f6neticilerinin yan\u0131s\u0131ra \u0130zmirspor temsilcisi, \u0130zmir Spor Kul\u00fcpleri Birli\u011fi Vakf\u0131&#8217; (\u0130ZVAK) geleneksel organizasyonuyla bir araya gelip dayan\u0131\u015fma mesajlar\u0131 verdi. \u0130zmir Ticaret Odas\u0131&#8217;ndaki toplant\u0131ya \u0130ZVAK y\u00f6netimimiz, kul\u00fcp ve medya temsilcilerinin yan\u0131 s\u0131ra Futbol Federasyonu Y\u00f6netim Kurulu \u00dcyesi Talat Papatya, TFF Ege B\u00f6lge M\u00fcd\u00fcr\u00fc Sevgi Ko\u00e7ak \u00d6zdemir ve \u0130zmirli Teknik&hellip;","_links":{"self":[{"href":"https:\/\/izvak.org\/index.php\/wp-json\/wp\/v2\/posts\/1205","targetHints":{"allow":["GET"]}}],"collection":[{"href":"https:\/\/izvak.org\/index.php\/wp-json\/wp\/v2\/posts"}],"about":[{"href":"https:\/\/izvak.org\/index.php\/wp-json\/wp\/v2\/types\/post"}],"author":[{"embeddable":true,"href":"https:\/\/izvak.org\/index.php\/wp-json\/wp\/v2\/users\/2"}],"replies":[{"embeddable":true,"href":"https:\/\/izvak.org\/index.php\/wp-json\/wp\/v2\/comments?post=1205"}],"version-history":[{"count":1,"href":"https:\/\/izvak.org\/index.php\/wp-json\/wp\/v2\/posts\/1205\/revisions"}],"predecessor-version":[{"id":1207,"href":"https:\/\/izvak.org\/index.php\/wp-json\/wp\/v2\/posts\/1205\/revisions\/1207"}],"wp:featuredmedia":[{"embeddable":true,"href":"https:\/\/izvak.org\/index.php\/wp-json\/wp\/v2\/media\/1206"}],"wp:attachment":[{"href":"https:\/\/izvak.org\/index.php\/wp-json\/wp\/v2\/media?parent=1205"}],"wp:term":[{"taxonomy":"category","embeddable":true,"href":"https:\/\/izvak.org\/index.php\/wp-json\/wp\/v2\/categories?post=1205"},{"taxonomy":"post_tag","embeddable":true,"href":"https:\/\/izvak.org\/index.php\/wp-json\/wp\/v2\/tags?post=1205"}],"curies":[{"name":"wp","href":"https:\/\/api.w.org\/{rel}","templated":true}]}}