{"id":1211,"date":"2023-04-25T14:20:00","date_gmt":"2023-04-25T14:20:00","guid":{"rendered":"https:\/\/izvak.org\/?p=1211"},"modified":"2024-12-12T14:22:29","modified_gmt":"2024-12-12T14:22:29","slug":"izmir-artik-daha-guclu","status":"publish","type":"post","link":"https:\/\/izvak.org\/index.php\/2023\/04\/25\/izmir-artik-daha-guclu\/","title":{"rendered":"\u0130ZM\u0130R ARTIK DAHA G\u00dc\u00c7L\u00dc"},"content":{"rendered":"\n<p>BA\u015eKANIMIZ Ali Erten, Viven Bornova FK ve Alia\u011fa FK&#8217;n\u0131n 3. Lig&#8217;e \u00e7\u0131kmas\u0131yla birlikte \u0130zmir&#8217;in \u0130stanbul&#8217;dan sonra T\u00fcrkiye profesyonel futbol liglerinde en fazla temsilcisi bulunan ikinci kent konumuna y\u00fckseldi\u011fini vurgulad\u0131. Altay, Alt\u0131nordu ve G\u00f6ztepe&#8217;nin TFF 1. Lig&#8217;de, Bucaspor ve Menemen FK&#8217;n\u0131n 2. Lig&#8217;de, Kar\u015f\u0131yaka ve Bergama FK&#8217;n\u0131n ise 3.Lig&#8217;de yer ald\u0131\u011f\u0131n\u0131 hat\u0131rlatan Erten &#8220;Viven Bornova FK ve Alia\u011fa FK&#8217;n\u0131n da 3. Lig&#8217;e y\u00fckselmesi ile birlikte, 23 temsilcili \u0130stanbul&#8217;un ard\u0131ndan 9 tak\u0131mla ikinci s\u0131raya y\u00fckseldik. \u0130zmir, T\u00fcrkiye\u2019de futbolun ilk oynand\u0131\u011f\u0131 \u015fehir olma ayr\u0131cal\u0131\u011f\u0131na ve as\u0131rl\u0131k spor kul\u00fcpleri ile k\u00f6kl\u00fc bir futbol k\u00fclt\u00fcr\u00fcne sahip. Bir spor ve \u00f6zelinde futbol \u015fehri. \u0130ki tam\u0131m\u0131z\u0131n da kat\u0131l\u0131m\u0131 ile art\u0131k \u00e7ok daha g\u00fc\u00e7l\u00fc temsil edilecek. G\u00f6n\u00fclden kutluyoruz. Ba\u015far\u0131lar\u0131n\u0131n artarak devam\u0131n\u0131 diliyoruz&#8221; dedi.<\/p>\n\n\n\n<p>Viven Bornova FK ve Alia\u011fa FK&#8217;n\u0131n t\u00fcz\u00fckleri gere\u011fi liglerin tesciliyle birlikte \u0130ZVAK&#8217;\u0131n \u00fcyesi olaca\u011f\u0131n\u0131 belirten Erten, &#8220;\u0130zmir, \u00e7ok uzun bir aradan sonra ilk kez dokuz profesyonel temsilciye ula\u015ft\u0131. Tek eksi\u011fimiz en az bir S\u00fcper Lig tak\u0131m\u0131. Bu y\u0131l G\u00f6ztepe buna yak\u0131n. Ba\u015faraca\u011f\u0131na inan\u0131yoruz. Profesyonel futbol liglerindeki temsilci say\u0131m\u0131z\u0131n artmas\u0131 ve tak\u0131mlar\u0131m\u0131z\u0131n \u00fcst liglerde yer almas\u0131, kentimizin lobisi a\u00e7\u0131s\u0131ndan da b\u00fcy\u00fck de\u011fer ta\u015f\u0131yor. Yeni tak\u0131mlar\u0131m\u0131zla \u00e7ok daha g\u00fc\u00e7l\u00fcy\u00fcz&#8221; dedi.<\/p>\n","protected":false},"excerpt":{"rendered":"<p>BA\u015eKANIMIZ Ali Erten, Viven Bornova FK ve Alia\u011fa FK&#8217;n\u0131n 3. Lig&#8217;e \u00e7\u0131kmas\u0131yla birlikte \u0130zmir&#8217;in \u0130stanbul&#8217;dan sonra T\u00fcrkiye profesyonel futbol liglerinde en fazla temsilcisi bulunan ikinci kent konumuna y\u00fckseldi\u011fini vurgulad\u0131. Altay, Alt\u0131nordu ve G\u00f6ztepe&#8217;nin TFF 1. Lig&#8217;de, Bucaspor ve Menemen FK&#8217;n\u0131n 2. Lig&#8217;de, Kar\u015f\u0131yaka ve Bergama FK&#8217;n\u0131n ise 3.Lig&#8217;de yer ald\u0131\u011f\u0131n\u0131 hat\u0131rlatan Erten &#8220;Viven Bornova FK [&hellip;]<\/p>\n","protected":false},"author":2,"featured_media":1202,"comment_status":"open","ping_status":"open","sticky":false,"template":"","format":"standard","meta":{"_uag_custom_page_level_css":"","footnotes":""},"categories":[7],"tags":[],"class_list":["post-1211","post","type-post","status-publish","format-standard","has-post-thumbnail","hentry","category-haberler"],"uagb_featured_image_src":{"full":["https:\/\/izvak.org\/wp-content\/uploads\/2024\/12\/erten.jpg",780,411,false],"thumbnail":["https:\/\/izvak.org\/wp-content\/uploads\/2024\/12\/erten-150x150.jpg",150,150,true],"medium":["https:\/\/izvak.org\/wp-content\/uploads\/2024\/12\/erten-300x158.jpg",300,158,true],"medium_large":["https:\/\/izvak.org\/wp-content\/uploads\/2024\/12\/erten-768x405.jpg",640,338,true],"large":["https:\/\/izvak.org\/wp-content\/uploads\/2024\/12\/erten.jpg",640,337,false],"1536x1536":["https:\/\/izvak.org\/wp-content\/uploads\/2024\/12\/erten.jpg",780,411,false],"2048x2048":["https:\/\/izvak.org\/wp-content\/uploads\/2024\/12\/erten.jpg",780,411,false]},"uagb_author_info":{"display_name":"izvak_haber","author_link":"https:\/\/izvak.org\/index.php\/author\/izvak_haber\/"},"uagb_comment_info":0,"uagb_excerpt":"BA\u015eKANIMIZ Ali Erten, Viven Bornova FK ve Alia\u011fa FK&#8217;n\u0131n 3. Lig&#8217;e \u00e7\u0131kmas\u0131yla birlikte \u0130zmir&#8217;in \u0130stanbul&#8217;dan sonra T\u00fcrkiye profesyonel futbol liglerinde en fazla temsilcisi bulunan ikinci kent konumuna y\u00fckseldi\u011fini vurgulad\u0131. Altay, Alt\u0131nordu ve G\u00f6ztepe&#8217;nin TFF 1. Lig&#8217;de, Bucaspor ve Menemen FK&#8217;n\u0131n 2. Lig&#8217;de, Kar\u015f\u0131yaka ve Bergama FK&#8217;n\u0131n ise 3.Lig&#8217;de yer ald\u0131\u011f\u0131n\u0131 hat\u0131rlatan Erten &#8220;Viven Bornova FK&hellip;","_links":{"self":[{"href":"https:\/\/izvak.org\/index.php\/wp-json\/wp\/v2\/posts\/1211","targetHints":{"allow":["GET"]}}],"collection":[{"href":"https:\/\/izvak.org\/index.php\/wp-json\/wp\/v2\/posts"}],"about":[{"href":"https:\/\/izvak.org\/index.php\/wp-json\/wp\/v2\/types\/post"}],"author":[{"embeddable":true,"href":"https:\/\/izvak.org\/index.php\/wp-json\/wp\/v2\/users\/2"}],"replies":[{"embeddable":true,"href":"https:\/\/izvak.org\/index.php\/wp-json\/wp\/v2\/comments?post=1211"}],"version-history":[{"count":1,"href":"https:\/\/izvak.org\/index.php\/wp-json\/wp\/v2\/posts\/1211\/revisions"}],"predecessor-version":[{"id":1212,"href":"https:\/\/izvak.org\/index.php\/wp-json\/wp\/v2\/posts\/1211\/revisions\/1212"}],"wp:featuredmedia":[{"embeddable":true,"href":"https:\/\/izvak.org\/index.php\/wp-json\/wp\/v2\/media\/1202"}],"wp:attachment":[{"href":"https:\/\/izvak.org\/index.php\/wp-json\/wp\/v2\/media?parent=1211"}],"wp:term":[{"taxonomy":"category","embeddable":true,"href":"https:\/\/izvak.org\/index.php\/wp-json\/wp\/v2\/categories?post=1211"},{"taxonomy":"post_tag","embeddable":true,"href":"https:\/\/izvak.org\/index.php\/wp-json\/wp\/v2\/tags?post=1211"}],"curies":[{"name":"wp","href":"https:\/\/api.w.org\/{rel}","templated":true}]}}