{"id":1213,"date":"2023-03-26T14:22:00","date_gmt":"2023-03-26T14:22:00","guid":{"rendered":"https:\/\/izvak.org\/?p=1213"},"modified":"2024-12-12T14:24:02","modified_gmt":"2024-12-12T14:24:02","slug":"bassagligi","status":"publish","type":"post","link":"https:\/\/izvak.org\/index.php\/2023\/03\/26\/bassagligi\/","title":{"rendered":"BA\u015eSA\u011eLI\u011eI"},"content":{"rendered":"\n<p>KURUCULARIMIZDAN ve M\u00fctevelli Heyet \u00fcyemiz, T\u00fcrk Futbolu ve Altay Kul\u00fcb\u00fc\u2019m\u00fcze b\u00fcy\u00fck emekleri ge\u00e7mi\u015f b\u00fcy\u00fck bir spor ve i\u015f insan\u0131n\u0131, Say\u0131n Kemal Zorlu\u2019yu kaybetmenin b\u00fcy\u00fck \u00fcz\u00fcnt\u00fcs\u00fcn\u00fc ya\u015f\u0131yoruz. Kendisine Y\u00fcce Allahtan rahmet, sevenleri ve Altay Kul\u00fcb\u00fc camiam\u0131za ba\u015f sa\u011fl\u0131\u011f\u0131 diliyoruz&#8230;<br><\/p>\n\n\n\n<p><\/p>\n","protected":false},"excerpt":{"rendered":"<p>KURUCULARIMIZDAN ve M\u00fctevelli Heyet \u00fcyemiz, T\u00fcrk Futbolu ve Altay Kul\u00fcb\u00fc\u2019m\u00fcze b\u00fcy\u00fck emekleri ge\u00e7mi\u015f b\u00fcy\u00fck bir spor ve i\u015f insan\u0131n\u0131, Say\u0131n Kemal Zorlu\u2019yu kaybetmenin b\u00fcy\u00fck \u00fcz\u00fcnt\u00fcs\u00fcn\u00fc ya\u015f\u0131yoruz. Kendisine Y\u00fcce Allahtan rahmet, sevenleri ve Altay Kul\u00fcb\u00fc camiam\u0131za ba\u015f sa\u011fl\u0131\u011f\u0131 diliyoruz&#8230;<\/p>\n","protected":false},"author":2,"featured_media":1214,"comment_status":"open","ping_status":"open","sticky":false,"template":"","format":"standard","meta":{"_uag_custom_page_level_css":"","footnotes":""},"categories":[7],"tags":[],"class_list":["post-1213","post","type-post","status-publish","format-standard","has-post-thumbnail","hentry","category-haberler"],"uagb_featured_image_src":{"full":["https:\/\/izvak.org\/wp-content\/uploads\/2024\/12\/zorlu.jpg",800,600,false],"thumbnail":["https:\/\/izvak.org\/wp-content\/uploads\/2024\/12\/zorlu-150x150.jpg",150,150,true],"medium":["https:\/\/izvak.org\/wp-content\/uploads\/2024\/12\/zorlu-300x225.jpg",300,225,true],"medium_large":["https:\/\/izvak.org\/wp-content\/uploads\/2024\/12\/zorlu-768x576.jpg",640,480,true],"large":["https:\/\/izvak.org\/wp-content\/uploads\/2024\/12\/zorlu.jpg",640,480,false],"1536x1536":["https:\/\/izvak.org\/wp-content\/uploads\/2024\/12\/zorlu.jpg",800,600,false],"2048x2048":["https:\/\/izvak.org\/wp-content\/uploads\/2024\/12\/zorlu.jpg",800,600,false]},"uagb_author_info":{"display_name":"izvak_haber","author_link":"https:\/\/izvak.org\/index.php\/author\/izvak_haber\/"},"uagb_comment_info":0,"uagb_excerpt":"KURUCULARIMIZDAN ve M\u00fctevelli Heyet \u00fcyemiz, T\u00fcrk Futbolu ve Altay Kul\u00fcb\u00fc\u2019m\u00fcze b\u00fcy\u00fck emekleri ge\u00e7mi\u015f b\u00fcy\u00fck bir spor ve i\u015f insan\u0131n\u0131, Say\u0131n Kemal Zorlu\u2019yu kaybetmenin b\u00fcy\u00fck \u00fcz\u00fcnt\u00fcs\u00fcn\u00fc ya\u015f\u0131yoruz. Kendisine Y\u00fcce Allahtan rahmet, sevenleri ve Altay Kul\u00fcb\u00fc camiam\u0131za ba\u015f sa\u011fl\u0131\u011f\u0131 diliyoruz&#8230;","_links":{"self":[{"href":"https:\/\/izvak.org\/index.php\/wp-json\/wp\/v2\/posts\/1213","targetHints":{"allow":["GET"]}}],"collection":[{"href":"https:\/\/izvak.org\/index.php\/wp-json\/wp\/v2\/posts"}],"about":[{"href":"https:\/\/izvak.org\/index.php\/wp-json\/wp\/v2\/types\/post"}],"author":[{"embeddable":true,"href":"https:\/\/izvak.org\/index.php\/wp-json\/wp\/v2\/users\/2"}],"replies":[{"embeddable":true,"href":"https:\/\/izvak.org\/index.php\/wp-json\/wp\/v2\/comments?post=1213"}],"version-history":[{"count":1,"href":"https:\/\/izvak.org\/index.php\/wp-json\/wp\/v2\/posts\/1213\/revisions"}],"predecessor-version":[{"id":1215,"href":"https:\/\/izvak.org\/index.php\/wp-json\/wp\/v2\/posts\/1213\/revisions\/1215"}],"wp:featuredmedia":[{"embeddable":true,"href":"https:\/\/izvak.org\/index.php\/wp-json\/wp\/v2\/media\/1214"}],"wp:attachment":[{"href":"https:\/\/izvak.org\/index.php\/wp-json\/wp\/v2\/media?parent=1213"}],"wp:term":[{"taxonomy":"category","embeddable":true,"href":"https:\/\/izvak.org\/index.php\/wp-json\/wp\/v2\/categories?post=1213"},{"taxonomy":"post_tag","embeddable":true,"href":"https:\/\/izvak.org\/index.php\/wp-json\/wp\/v2\/tags?post=1213"}],"curies":[{"name":"wp","href":"https:\/\/api.w.org\/{rel}","templated":true}]}}