{"id":1242,"date":"2022-10-14T14:43:00","date_gmt":"2022-10-14T14:43:00","guid":{"rendered":"https:\/\/izvak.org\/?p=1242"},"modified":"2024-12-12T14:56:45","modified_gmt":"2024-12-12T14:56:45","slug":"spor-medya-bulusmasi-gerceklesti","status":"publish","type":"post","link":"https:\/\/izvak.org\/index.php\/2022\/10\/14\/spor-medya-bulusmasi-gerceklesti\/","title":{"rendered":"SPOR MEDYA BULU\u015eMASI GER\u00c7EKLE\u015eT\u0130"},"content":{"rendered":"\n<p>PROFESYONEL liglerde yer alan \u0130zmir kul\u00fcplerinin ba\u015fkan ve y\u00f6neticileri, \u0130ZM\u0130R Spor Kul\u00fcpler Birli\u011fi Vakf\u0131 (\u0130ZVAK) organizasyonunda, spor medyas\u0131n\u0131n duayen gazetecileri ve temsilcileriyle bir araya geldi.<br><br>K\u0130MLER KATILDI<br><br>\u0130zmir Ticaret Odas\u0131 (\u0130TO) ev sahipli\u011finde ger\u00e7ekle\u015ftirilen toplant\u0131ya \u0130ZVAK Y\u00f6netim Kurulu Ba\u015fkan\u0131 Ali Erten ve y\u00f6netim kurulu \u00fcyeleri ile birlikte G\u00f6ztepe&#8217;nin yeni yabanc\u0131 yat\u0131r\u0131mc\u0131lar\u0131 Sport Republic \u015firketi sahiplerinden ve G\u00f6ztepe A.\u015e. nin Y\u00f6netim Kurulu Ba\u015fkan\u0131 Rasmus Ankersen ve Y\u00f6netim Kurulu \u00dcyesi Mehmet Sepil, Futbol Federasyonu Y\u00f6netim Kurulu \u00dcyesi Talat Papatya, Altay Ba\u015fkan\u0131 Ayhan D\u00fcndar, Alt\u0131nordu \u0130dari Direkt\u00f6r\u00fc Bar\u0131\u015f Ertosun, Menemen FK Ba\u015fkan\u0131 Bahri Ekmek\u00e7io\u011flu, Ekmas Sportif Faaliyetler CEO&#8217;su ve Bergamaspor Ba\u015fkan\u0131 Bar\u0131\u015f Orhunbilge, TSYD \u0130zmir \u015eubesi Ba\u015fkan\u0131 Bahri Okumu\u015f, T\u00dcRFAD \u0130zmir \u015eube Ba\u015fkan\u0131 Bahri Vreskala ile birlikte gazete temsilcileri, spor yazarlar\u0131 ve medya temsilcileri kat\u0131ld\u0131.<br><br><br><br>\u0130ZVAK BA\u015eKANI ERTEN : \u201c T\u00dcM T\u00dcRK\u0130YE\u2019YE \u00d6RNEK B\u0130R YAPIYIZ\u201d<br><br><br><br>100 y\u0131l\u0131 a\u015fan \u015fanl\u0131 tarihleri ile \u0130zmir kul\u00fcplerinin kentimizin en de\u011ferli markalar\u0131 oldu\u011funu, bunun bilincinde ve sorumlulu\u011funun fark\u0131nda olduklar\u0131n\u0131 belirten \u0130ZVAK Y\u00f6netim Kurulu Ba\u015fkan\u0131 Ali Erten, \u201cHi\u00e7 bir \u015fehirde olmayan \u00f6rnek bir birlikteli\u011fimiz var. Sahada rakip olan kul\u00fcplerimiz, saha d\u0131\u015f\u0131nda i\u015f birli\u011fi ve dayan\u0131\u015fma i\u00e7erisinde hareket edebiliyorlar. Bu konuda T\u00fcm T\u00fcrkiye\u2019de \u00f6rnek olu\u015fturuyoruz. \u0130zmir\u2019imizde bunu sa\u011flamay\u0131 hep beraber el ele vererek ba\u015fard\u0131k. Destek olan herkese \u00e7ok te\u015fekk\u00fcr ederiz. Bunu daha \u00e7ok geli\u015ftirmek i\u00e7in \u00e7aba harc\u0131yoruz ve harcayaca\u011f\u0131z. Ayn\u0131 \u015fehirdeki kul\u00fcplerimizle bir olup g\u00fc\u00e7l\u00fc bir \u0130zmir&#8217;i yaratmak istiyoruz. \u0130zmir\u2019imize ve T\u00fcrk futboluna, gen\u00e7lerimize inanarak, g\u00fcvenerek G\u00f6ztepe\u2019miz vas\u0131tas\u0131 ile T\u00fcrk futboluna yat\u0131r\u0131m yapan Rasmus Ankersen\u2019e de te\u015fekk\u00fcr ediyoruz, ho\u015f geldiniz diyoruz. Daima yan\u0131nda olaca\u011f\u0131z\u201d dedi.<br><br>Daha sonra kul\u00fcp ba\u015fkanlar\u0131 s\u00f6z alarak kendi kul\u00fcpleri hakk\u0131nda bilgi verdiler.<br><br>\u201c\u0130ZM\u0130R\u2019E YAKI\u015eACAK B\u0130R YATIRIM YAPIYORUZ\u2026\u201d<br><br>Ekmas Sportif Faaliyetler CEO&#8217;su Bar\u0131\u015f Orhunbilge, 1 A\u011fustos ay\u0131ndan itibaren Menemen Belediyespor ve Bergama Belediyespor&#8217;u almak i\u00e7in yola \u00e7\u0131kt\u0131klar\u0131n\u0131 belirterek, \u201cBir ayl\u0131k s\u00fcrede iki kul\u00fcb\u00fcn idari, teknik ve transfer s\u00fcrecini y\u00f6nettik. Ta\u015f\u0131nmaz ve buna benzer i\u015fleri de yapt\u0131k. \u0130zmir&#8217;e yak\u0131\u015facak bir yat\u0131r\u0131m yap\u0131yoruz. Menemen FK&#8217;da bu s\u00fcreci tamamlad\u0131k. 29 Eyl\u00fcl&#8217;de Bergama FK&#8217;n\u0131n da i\u015flemleri tamamland\u0131. Yak\u0131n zamanda yeni ismimizle Bergama\u2019da da bu yola \u00e7\u0131k\u0131yoruz\u201d dedi.<br><br><br>Menemen FK Ba\u015fkan\u0131 Bahri Ekmek\u00e7io\u011flu ise \u201cEkmas Grubu olarak sportif yat\u0131r\u0131mlara ba\u015flad\u0131k. Tak\u0131m\u0131m\u0131z\u0131 h\u0131zl\u0131 bir \u015fekilde Afyon&#8217;daki kampa g\u00f6t\u00fcrd\u00fck. Lige h\u0131zl\u0131 bir giri\u015f yapt\u0131k. \u015eu an iyi durumday\u0131z. \u0130dari anlamda hem ye\u015fil sahada hem de ye\u015fil sahan\u0131n d\u0131\u015f\u0131nda etkinlikler yap\u0131yoruz. \u201cEko Menemen\u201d projemizle Haziran ay\u0131n\u0131n sonuna kadar di\u011fer sosyal projelerimize yola devam edece\u011fiz. \u0130lerleyen zamanlarda da kad\u0131n voleybola yat\u0131r\u0131m yapmay\u0131 planl\u0131yoruz\u201d diye konu\u015ftu.<br><br>ERTOSUN : \u201cALTINORDU OLARAK M\u0130SYONUMUZA DEVAM ED\u0130YORUZ\u2026\u201d<br><br>Her zaman oldu\u011fu gibi enerji ve heyecanla temel misyonumuz do\u011frultusunda yolumuza devam ediyoruz diyen Alt\u0131nordu \u0130dari Direkt\u00f6r\u00fc Bar\u0131\u015f Ertosun, \u201cG\u00f6ztepe Kul\u00fcb\u00fc&#8217;n\u00fcn yeni y\u00f6netim ve olu\u015fumuna ba\u015far\u0131 diliyoruz. \u0130zmirliler olarak onlar\u0131n her zaman yan\u0131nday\u0131z\u201d ifadelerini kulland\u0131.<br><br><br>ALTAY \u0130\u00c7\u0130N \u201cUMUT SEZONU\u201d<br><br>Transfer yasa\u011f\u0131 nedeniyle ge\u00e7ti\u011fimiz sezondaki kadroda yer alan futbolcularla yola devam ettiklerini ifade eden Altay Ba\u015fkan\u0131 Ayhan D\u00fcndar, \u201cSezon ba\u015f\u0131nda ge\u00e7mi\u015f d\u00f6nemden gelen futbolcular\u0131m\u0131z\u0131n tak\u0131ma ge\u00e7 kat\u0131lmas\u0131ndan dolay\u0131 iyi sonu\u00e7lar alamad\u0131k. Ancak toparlanma s\u00fcrecindeyiz. Amat\u00f6r \u015fubelerde de elimizden gelen \u00e7abay\u0131 g\u00f6stermeye devam ediyoruz.Kad\u0131n futbolunda S\u00fcper Ligde yer al\u0131yoruz. Gen\u00e7 oyuncular\u0131m\u0131zla Voleybol 2 Ligi&#8217;nde yer al\u0131yoruz. Biz, bu sezona \u201cUmut Sezonu\u201d ad\u0131n\u0131 verdik ve \u00e7ok zor bir sezon olacak. \u0130n\u015fallah bu liglerde uzunca y\u0131llar kalacak bir yap\u0131 sa\u011flamak istiyoruz\u201d \u015feklinde konu\u015ftu.<br><br><br>SEP\u0130L : \u201c\u0130ZM\u0130R VE T\u00dcRK\u0130YE ADINA HEYECANLIYIM\u2026\u201d<br><br>\u0130zmir ve T\u00fcrkiye&#8217;de bir ilk ger\u00e7ekle\u015fti\u011fini s\u00f6yleyen G\u00f6ztepe Y\u00f6netim Kurulu \u00dcyesi Mehmet Sepil, \u201cRasmus Ankersen ile, bug\u00fcn ilk y\u00f6netim kurulu toplant\u0131m\u0131z\u0131 yapt\u0131k. Spor Bakan\u0131, TFF Ba\u015fkan\u0131 ve bir tak\u0131m \u00f6nemli ziyaretler ger\u00e7ekle\u015ftiriyoruz. Futbola farkl\u0131 a\u00e7\u0131dan bakan bir grubu getirdik. Sport Republic \u015firketi farkl\u0131 bir ekip. Bunu yapt\u0131klar\u0131 i\u015flerle g\u00f6steren en iyi yapan bir yap\u0131. Rasmus Ankersen, \u015fu ana kadarki s\u00fcreci kendisi anlatacak. \u0130zmir ve T\u00fcrkiye ad\u0131na heyecanl\u0131y\u0131m. En \u00e7ok \u00fcz\u00fcld\u00fc\u011f\u00fcm konu ise 8 \u0130stanbul ekibi S\u00fcper Ligde oldu\u011fu yerde \u0130zmir\u2019in temsil edilmiyor olmas\u0131\u201d dedi.<br><br><br>OKUMU\u015e : \u201c\u0130ZVAK\u2019LA \u0130\u015eB\u0130RL\u0130\u011e\u0130M\u0130ZDEN MUTLULUK DUYUYORUZ&#8221;<br><br><br>\u0130ZVAK Ba\u015fkan\u0131 Ali Erten d\u00f6neminde, \u0130zmir&#8217;de, belki de d\u00fcnyada olmayan bir birlik sa\u011fland\u0131\u011f\u0131n\u0131 belirten TSYD \u0130zmir \u015eubesi Ba\u015fkan\u0131 Bahri Okumu\u015f, \u201cBirbirleriyle sahada m\u00fccadele ederken, ortak menfaatleri i\u00e7in bir araya geliyorlar. Bu \u00e7ok b\u00fcy\u00fck bir ba\u015far\u0131. TSYD&#8217;de bu payda\u015f\u0131n i\u00e7erisinde yer al\u0131yor. Bundan b\u00fcy\u00fck mutluluk duyuyoruz. Son d\u00f6nemdeki bu birlik ortam\u0131n\u0131n getirdi\u011fi sonu\u00e7larla uzun y\u0131llardan sonra TFF i\u00e7erisinde \u00fc\u00e7 temsilcimiz yer ald\u0131. Bu bizi memnun ediyor. TSYD olarak \u0130zmir i\u00e7in her t\u00fcrl\u00fc i\u015fbirli\u011fine a\u00e7\u0131\u011f\u0131z \u201cdedi.<br><br>VRESKALA : \u201c\u0130ZVAK Y\u00d6NET\u0130M\u0130NE TE\u015eEKK\u00dcR EDER\u0130M&#8221;<br><br><br>Bu birliktelik foto\u011fraf\u0131n\u0131n \u00e7ok \u00f6nemli oldu\u011funu belirten T\u00dcRFAD Ba\u015fkan\u0131 Bahri Vreskala; \u201c\u0130ZVAK\u2019\u0131n kurucular\u0131ndan biriyim. Kurulu\u015funda imzam var. Kapanma a\u015famas\u0131na gelmi\u015fken daha g\u00fc\u00e7l\u00fc bir \u015fekilde aya\u011fa kald\u0131ran Ali Erten ve Y\u00f6netimine ne kadar te\u015fekk\u00fcr etsek azd\u0131r. Bu beraberli\u011fin k\u0131ymetini bilmemiz laz\u0131m\u201d dedi.<br><br>ANKERSEN : \u201cBE\u015e YIL SONRA BURADA \u00c7OK FARKLI \u015eEYLER KONU\u015eACA\u011eIZ\u2026\u201d<br><br><br>\u201c\u0130zmir kul\u00fcplerine ve beni burada s\u0131cak kar\u015f\u0131lad\u0131\u011f\u0131n\u0131z i\u00e7in herkese \u00e7ok te\u015fekk\u00fcr ederim\u201d diyerek s\u00f6ze ba\u015flayan G\u00f6ztepe A\u015e Ba\u015fkan\u0131 Rasmus Ankersen \u201cFutbol yerel ve global bir oyundur. Ben Danimarkal\u0131, eski bir futbolcuyum. Ya\u015fad\u0131\u011f\u0131m sakatl\u0131k sonras\u0131 antren\u00f6r olarak kariyerime devam ettim. Danimarka&#8217;da bir akademi kurdum ve burada 5 y\u0131l boyunca antren\u00f6r olarak g\u00f6rev yapt\u0131m. \u0130ngiltere&#8217;de 14 y\u0131l ya\u015fad\u0131m ve burada futbolla ilgilendim. Londra&#8217;daki d\u00f6nemimde ise 5 kitap yazd\u0131m. Bunlar\u0131n aras\u0131nda t\u00fcm d\u00fcnyada ses geitren bir kitap yazd\u0131m. Brendford&#8217;un sahibi bu kitab\u0131 okuyor ve ben onlar\u0131n radar\u0131na giriyorum. 8 y\u0131l boyunca kendisiyle bir \u00e7ok konuda fikir al\u0131\u015fveri\u015fi yapt\u0131m. Kul\u00fcb\u00fc en alt seviyeden ve en iyi yere getirdik. Daha sonra Sport Republic \u015firketi&#8217;ni kurduk ve bu proje ile d\u00fcnya \u00fczerinden kul\u00fcpleri ara\u015ft\u0131rd\u0131k. \u0130lk olarak \u0130ngiliz Southampton&#8217;\u0131 b\u00fcnyemize ald\u0131k. Bu kul\u00fcp bizim ilk sermayeli i\u015fimiz oldu. G\u00f6ztepe, Southampton&#8217;dan daha b\u00fcy\u00fck bir kul\u00fcp. K\u00fc\u00e7\u00fck bir kul\u00fcpten ba\u015flatarak b\u00fcy\u00fck bir kul\u00fcbe ge\u00e7mi\u015f olduk. T\u00fcrkiye ve \u0130zmir&#8217;e ilk kez iki y\u0131l \u00f6nce geldim. Buraya geldi\u011fimde iki \u015feyi biliyordum. Birincisi Kar\u015f\u0131yaka-G\u00f6ztepe derbisi ve Alt\u0131nordu altyap\u0131s\u0131n\u0131n ba\u015far\u0131s\u0131. \u0130kinci geldi\u011finde de ge\u00e7en sezon Altay\u2019\u0131n G\u00f6ztepe\u2019yi 2-0 yendi\u011fi ma\u00e7ta yer ald\u0131m. Bu ma\u00e7tan sonra Mehmet Sepil ile i\u015f birli\u011fi ad\u0131m\u0131 atmaya karar verdik. T\u00fcrkiye&#8217;deki futbol tutkusu ve ke\u015ffedilmeyen bir potansiyel var. \u0130zmir&#8217;e her geldi\u011fimde di\u011ferinden daha \u00e7ok seviyorum. \u0130nsanlar\u0131n\u0131 \u00e7ok seviyorum. Biz, \u0130zmir&#8217;de futbol amac\u0131yla \u00e7al\u0131\u015fmak i\u00e7in buraday\u0131z. Altyap\u0131 ve tesisle\u015fme i\u00e7in yat\u0131r\u0131mlar yapmak ve daha iyisini geli\u015ftirmek i\u00e7in projelerimiz var. Biz sadece 1-2 y\u0131ll\u0131k yat\u0131r\u0131mc\u0131 de\u011fil daha uzun y\u0131llarca kalan bir yat\u0131r\u0131m yapmak istiyoruz. \u0130lk y\u0131l bizim i\u00e7in emekleme d\u00f6nemi ancak Mehmet Sepil ile olmak \u00fczere bu i\u015fin \u00fcstesinden gelece\u011fiz. \u00c7ok heyecanl\u0131y\u0131m. Be\u015f y\u0131l sonra burada daha farkl\u0131 bir \u015fey konu\u015faca\u011f\u0131m\u0131zdan eminim\u201d dedi.<br><br>PAPATYA :\u201dTFF OLARAK HAKEM ATAMALARINDA YAPAY ZEKAYI KULLANACA\u011eIZ\u201d<br><br>TFF Y\u00f6netim Kurulu \u00dcyesi Talat Papatya, Rasmus Ankersen&#8217;in G\u00f6ztepe yat\u0131r\u0131m\u0131n t\u00fcm \u0130stanbul&#8217;da konu\u015fuldu\u011funu belirterek, \u201cUmuyoruz bu birliktelik T\u00fcrkiye&#8217;ye \u00f6rnek olur. Bundan dolay\u0131 da \u0130zmirliler olarak memnunuz. Federasyondaki g\u00f6revlerimizin farkl\u0131l\u0131k yarataca\u011f\u0131na inan\u0131yoruz. Ge\u00e7mi\u015fte \u015fikayet etti\u011fimiz hakem atama konular\u0131n\u0131 yapay zeka ve algoritmalarla bunu destekleme ve problemleri insan hatas\u0131ndan \u00e7\u0131kart\u0131p, ortadan kald\u0131rmak istiyoruz. TFF 2 ve 3. Lig&#8217;in canl\u0131 yay\u0131n haklar\u0131n\u0131n verilmesi ve canl\u0131 yay\u0131nlanacak olmas\u0131 kul\u00fcpler ve futbolseverler i\u00e7in g\u00fczel bir geli\u015fme oldu. Ciddi anlamda b\u00fct\u00e7elere de pozitif bir art\u0131s\u0131 olacakt\u0131r. Ge\u00e7mi\u015f d\u00f6nemlere bak\u0131ld\u0131\u011f\u0131nda yay\u0131n gelirleri kul\u00fcplerin y\u00fczde 120 ve 130 art\u0131\u015f olacak. Ayr\u0131ca gen\u00e7 oyuncular\u0131n izlenmesi ve tan\u0131t\u0131m\u0131 a\u00e7\u0131s\u0131ndan da iyi bir f\u0131rsat olacak. Ben, federasyona hepinizin deste\u011fiyle se\u00e7ildim. TFF kurullar\u0131nda \u0130zmir\u2019den 11 y\u0131ld\u0131r kimse yoktu ve art\u0131k bunu k\u0131rd\u0131k. \u0130ZVAK Ba\u015fkan\u0131 Ali Erten, TFF Fair-Play ve Sosyal Sorumluluk Kurulu\u2019na se\u00e7ilirken, \u0130ZVAK Y\u00f6netim Kurulu \u00fcyesi G\u00f6khan K\u0131\u015fla da D\u0131\u015f \u0130li\u015fkiler \u0130cra Kurulu\u2019na al\u0131nd\u0131. Devletimizin 100. y\u0131l\u0131 kutlayacak olmas\u0131ndan dolay\u0131 da proje ve fikirleri \u0130ZVAK \u00e7at\u0131s\u0131 alt\u0131nda geli\u015ftirmek istiyoruz. Elimizden geldi\u011fince sorumluluklar\u0131m\u0131z\u0131 yerine getirmek i\u00e7in \u00e7al\u0131\u015faca\u011f\u0131z.\u201d diye konu\u015ftu.<br><br><br>Soru cevap k\u0131sm\u0131nda ise S\u00fcper Lig&#8217;e hemen \u00e7\u0131kmak ister misiniz sorusuna G\u00f6ztepe A.\u015e. Ba\u015fkan\u0131 Rasmus Ankersen, \u201cSe\u00e7im \u015fans\u0131m olsa hemen S\u00fcper Lig&#8217;e \u00e7\u0131kmak isteriz. Ancak bu b\u00f6yle de\u011fil. \u015eu an amac\u0131m\u0131z \u00f6nce altyap\u0131y\u0131 en iyi \u015fekilde sa\u011flamak, g\u00fc\u00e7lendirmek ve sonra S\u00fcper Lige \u00e7\u0131kmak\u201d dedi.<br><br>T\u00fcrk futbolunda disiplin ve antrenman sisteminin de\u011fi\u015fmesi gerekti\u011fini dile getiren Ankersen, \u201cTabi ki bunda futbolcular\u0131n fiziksel geli\u015fimleri de \u00f6nemli. Bunun i\u00e7in altyap\u0131 \u00e7ok \u00f6nemli. Asl\u0131nda bunu buz da\u011f\u0131 gibi g\u00f6rebiliriz. Buz da\u011f\u0131n\u0131n zirvesi sonu\u00e7tur ama alt\u0131nda bir s\u00fcr\u00fc \u00e7al\u0131\u015fma mevcuttur\u201d diye konu\u015ftu.<br><br>Planl\u0131 ve projeli bir y\u00f6netim tarz\u0131n\u0131 savunan Ankersen, T\u00fcrkiye&#8217;nin \u015fu anki futbol iklimi ve altyap\u0131 hakk\u0131nda g\u00f6r\u00fc\u015fleri soruldu\u011funda ise, \u201cBug\u00fcnk\u00fc y\u00f6netim kurulunda altyap\u0131 i\u00e7in ilk faz\u0131 ba\u015flataca\u011f\u0131z. \u00d6ncelikle d\u00f6rt saha, tesisler yap\u0131lacak. \u00dc\u00e7 a\u015famal\u0131 \u015fekilde bu altyap\u0131 tesislerini tamamlamay\u0131 d\u00fc\u015f\u00fcn\u00fcyoruz. \u015euan tak\u0131m\u0131n durumundan memnun de\u011filim ancak son \u00fc\u00e7 d\u00f6rt haftada tak\u0131m\u0131m\u0131zla ile \u00e7al\u0131\u015fmalar\u0131m\u0131za devam ediyoruz\u201d ifadelerini kulland\u0131.<br><br><br>BE\u015e YIL \u0130\u00c7\u0130NDE AVRUPA STANDARTLARINDA B\u0130R S\u0130STEM YARATMAK \u0130ST\u0130YORUZ\u2026\u201d<br><br>Be\u015f y\u0131l i\u00e7erisinde nas\u0131l bir G\u00f6ztepe hayal etti\u011fi sorusuna ise Rasmus Ankersen, \u201cBe\u015f y\u0131l i\u00e7erisinde b\u00fcy\u00fck bir akademi kurup, gen\u00e7 futbolcular\u0131n Avrupa standartlar\u0131nda olaca\u011f\u0131 bir sistem yaratmak istiyoruz. Brendford&#8217;da da ayn\u0131 \u015feyleri yapt\u0131k. Futbol akl\u0131n\u0131n oldu\u011fu yerde bir \u00fcst kategoriye \u00e7\u0131k\u0131nca her \u015fey farkl\u0131la\u015f\u0131yor. 22 tak\u0131ml\u0131 \u0130ngiltere Championship&#8217;te olmak kolay de\u011fil. K\u00fcme d\u00fc\u015fen ekiplerden ortalama ikisi tekrar Premier Lige \u00e7\u0131k\u0131yor. Tak\u0131mlar orada asla tela\u015f yapm\u0131yorlar\u201d ifadelerini kulland\u0131.<br><br><br>Danimarka&#8217;da FC Midtjylland&#8217;\u0131 ald\u0131klar\u0131nda hedefleri oldu\u011funu s\u00f6yleyen Ankersen, \u201c2005 y\u0131l\u0131nda kul\u00fcb\u00fcm\u00fczden iki futbolcu Afrika Kupas\u0131&#8217;nda yer alm\u0131\u015ft\u0131. Hi\u00e7 bilinmeyen bir tak\u0131mdan iki iyi oyuncu yaratt\u0131k. 2030 y\u0131l\u0131na kadar G\u00f6ztepe&#8217;den de 3-5 sporcuyu Milli tak\u0131mlara g\u00f6ndermek en b\u00fcy\u00fck hayalimiz olacakt\u0131r\u201d dedi.<\/p>\n","protected":false},"excerpt":{"rendered":"<p>PROFESYONEL liglerde yer alan \u0130zmir kul\u00fcplerinin ba\u015fkan ve y\u00f6neticileri, \u0130ZM\u0130R Spor Kul\u00fcpler Birli\u011fi Vakf\u0131 (\u0130ZVAK) organizasyonunda, spor medyas\u0131n\u0131n duayen gazetecileri ve temsilcileriyle bir araya geldi. K\u0130MLER KATILDI \u0130zmir Ticaret Odas\u0131 (\u0130TO) ev sahipli\u011finde ger\u00e7ekle\u015ftirilen toplant\u0131ya \u0130ZVAK Y\u00f6netim Kurulu Ba\u015fkan\u0131 Ali Erten ve y\u00f6netim kurulu \u00fcyeleri ile birlikte G\u00f6ztepe&#8217;nin yeni yabanc\u0131 yat\u0131r\u0131mc\u0131lar\u0131 Sport Republic \u015firketi sahiplerinden [&hellip;]<\/p>\n","protected":false},"author":2,"featured_media":1243,"comment_status":"open","ping_status":"open","sticky":false,"template":"","format":"standard","meta":{"_uag_custom_page_level_css":"","footnotes":""},"categories":[7],"tags":[],"class_list":["post-1242","post","type-post","status-publish","format-standard","has-post-thumbnail","hentry","category-haberler"],"uagb_featured_image_src":{"full":["https:\/\/izvak.org\/wp-content\/uploads\/2024\/12\/Ekran-Resmi-2024-12-12-17.55.31.png",847,447,false],"thumbnail":["https:\/\/izvak.org\/wp-content\/uploads\/2024\/12\/Ekran-Resmi-2024-12-12-17.55.31-150x150.png",150,150,true],"medium":["https:\/\/izvak.org\/wp-content\/uploads\/2024\/12\/Ekran-Resmi-2024-12-12-17.55.31-300x158.png",300,158,true],"medium_large":["https:\/\/izvak.org\/wp-content\/uploads\/2024\/12\/Ekran-Resmi-2024-12-12-17.55.31-768x405.png",640,338,true],"large":["https:\/\/izvak.org\/wp-content\/uploads\/2024\/12\/Ekran-Resmi-2024-12-12-17.55.31.png",640,338,false],"1536x1536":["https:\/\/izvak.org\/wp-content\/uploads\/2024\/12\/Ekran-Resmi-2024-12-12-17.55.31.png",847,447,false],"2048x2048":["https:\/\/izvak.org\/wp-content\/uploads\/2024\/12\/Ekran-Resmi-2024-12-12-17.55.31.png",847,447,false]},"uagb_author_info":{"display_name":"izvak_haber","author_link":"https:\/\/izvak.org\/index.php\/author\/izvak_haber\/"},"uagb_comment_info":0,"uagb_excerpt":"PROFESYONEL liglerde yer alan \u0130zmir kul\u00fcplerinin ba\u015fkan ve y\u00f6neticileri, \u0130ZM\u0130R Spor Kul\u00fcpler Birli\u011fi Vakf\u0131 (\u0130ZVAK) organizasyonunda, spor medyas\u0131n\u0131n duayen gazetecileri ve temsilcileriyle bir araya geldi. K\u0130MLER KATILDI \u0130zmir Ticaret Odas\u0131 (\u0130TO) ev sahipli\u011finde ger\u00e7ekle\u015ftirilen toplant\u0131ya \u0130ZVAK Y\u00f6netim Kurulu Ba\u015fkan\u0131 Ali Erten ve y\u00f6netim kurulu \u00fcyeleri ile birlikte G\u00f6ztepe&#8217;nin yeni yabanc\u0131 yat\u0131r\u0131mc\u0131lar\u0131 Sport Republic \u015firketi sahiplerinden&hellip;","_links":{"self":[{"href":"https:\/\/izvak.org\/index.php\/wp-json\/wp\/v2\/posts\/1242","targetHints":{"allow":["GET"]}}],"collection":[{"href":"https:\/\/izvak.org\/index.php\/wp-json\/wp\/v2\/posts"}],"about":[{"href":"https:\/\/izvak.org\/index.php\/wp-json\/wp\/v2\/types\/post"}],"author":[{"embeddable":true,"href":"https:\/\/izvak.org\/index.php\/wp-json\/wp\/v2\/users\/2"}],"replies":[{"embeddable":true,"href":"https:\/\/izvak.org\/index.php\/wp-json\/wp\/v2\/comments?post=1242"}],"version-history":[{"count":1,"href":"https:\/\/izvak.org\/index.php\/wp-json\/wp\/v2\/posts\/1242\/revisions"}],"predecessor-version":[{"id":1244,"href":"https:\/\/izvak.org\/index.php\/wp-json\/wp\/v2\/posts\/1242\/revisions\/1244"}],"wp:featuredmedia":[{"embeddable":true,"href":"https:\/\/izvak.org\/index.php\/wp-json\/wp\/v2\/media\/1243"}],"wp:attachment":[{"href":"https:\/\/izvak.org\/index.php\/wp-json\/wp\/v2\/media?parent=1242"}],"wp:term":[{"taxonomy":"category","embeddable":true,"href":"https:\/\/izvak.org\/index.php\/wp-json\/wp\/v2\/categories?post=1242"},{"taxonomy":"post_tag","embeddable":true,"href":"https:\/\/izvak.org\/index.php\/wp-json\/wp\/v2\/tags?post=1242"}],"curies":[{"name":"wp","href":"https:\/\/api.w.org\/{rel}","templated":true}]}}