{"id":1246,"date":"2022-10-04T15:58:00","date_gmt":"2022-10-04T15:58:00","guid":{"rendered":"https:\/\/izvak.org\/?p=1246"},"modified":"2024-12-12T16:00:00","modified_gmt":"2024-12-12T16:00:00","slug":"kosger-ve-sahneye-ziyaret","status":"publish","type":"post","link":"https:\/\/izvak.org\/index.php\/2022\/10\/04\/kosger-ve-sahneye-ziyaret\/","title":{"rendered":"K\u00d6\u015eGER VE \u015eAHNE&#8217;YE Z\u0130YARET"},"content":{"rendered":"\n<p>T\u00dcRK\u0130YE Futbol Federasyonu (TFF) Y\u00f6netim Kurulu \u00dcyesi Talat Papatya ve TFF Fair-Play ve Sosyal Sorumluluk Kurulu \u00dcyesi Ali Erten, \u0130zmir Valisi Yavuz Selim K\u00f6\u015fger ile \u0130zmir Emniyet M\u00fcd\u00fcr\u00fc Mehmet \u015eahne&#8217;ye ziyaret etti.<\/p>\n\n\n\n<p>Ayn\u0131 zamanda alt\u0131 y\u0131ld\u0131r \u0130zmir Spor Kul\u00fcpleri Birli\u011fi Vakf\u0131 (\u0130ZVAK) Ba\u015fkan ve Ba\u015fkan Vekilli\u011fi g\u00f6revlerini s\u00fcrd\u00fcren Erten ve Papatya, K\u00f6\u015fger ve \u015eahne&#8217;ye Milli Tak\u0131m formas\u0131 hediye ettiler. TFF&#8217;nin \u00e7al\u0131\u015fmalar\u0131 ve \u0130zmir&#8217;de hayata ge\u00e7irmeyi planlad\u0131\u011f\u0131 baz\u0131 projeler konusunda K\u00f6\u015fger ve \u015eahne\u2019ye bilgi sunan Talat Papatya ve Ali Erten; \u201cSay\u0131n Valimize ve Say\u0131n Emniyet M\u00fcd\u00fcr\u00fcm\u00fcze TFF b\u00fcnyesindeki \u00e7al\u0131\u015fmalar\u0131m\u0131z hakk\u0131nda bilgi sunduk. Kar\u015f\u0131l\u0131kl\u0131 fikir al\u0131\u015f veri\u015finde bulunduk. \u00c7ok de\u011ferli \u00f6nerilerini ve desteklerini ald\u0131k. Say\u0131n Valimiz ve Say\u0131n Emniyet M\u00fcd\u00fcr\u00fcm\u00fcz, spora bak\u0131\u015f a\u00e7\u0131lar\u0131yla kentimiz i\u00e7in \u00f6nemli bir \u015fans. Ziyaretlerimiz s\u00fcrecek. \u0130zmir\u2019in kent y\u00f6neticileri, odalar\u0131m\u0131z, spor adamlar\u0131m\u0131z ve kent dinamiklerimiz ile g\u00f6r\u00fc\u015fmelerimize devam edece\u011fiz. Kul\u00fcplerimizle zaten i\u00e7 i\u00e7eyiz. Olu\u015facak fikirleri ve \u00f6nerileri, \u0130ZVAK b\u00fcnyesindeki y\u00f6netici arkada\u015flar\u0131m\u0131z, \u015fehrimizin TFF\u2019deki di\u011fer temsilcileri, kul\u00fcplerimiz ve TFF y\u00f6netim organlar\u0131nda de\u011ferlendirece\u011fiz ve geli\u015ftirece\u011fiz. Ortak ak\u0131l ile kentimize ve as\u0131rl\u0131k kul\u00fcplerimize daha fazla imkan ve katk\u0131 sa\u011flamaya \u00e7al\u0131\u015faca\u011f\u0131z\u201d dediler.<\/p>\n","protected":false},"excerpt":{"rendered":"<p>T\u00dcRK\u0130YE Futbol Federasyonu (TFF) Y\u00f6netim Kurulu \u00dcyesi Talat Papatya ve TFF Fair-Play ve Sosyal Sorumluluk Kurulu \u00dcyesi Ali Erten, \u0130zmir Valisi Yavuz Selim K\u00f6\u015fger ile \u0130zmir Emniyet M\u00fcd\u00fcr\u00fc Mehmet \u015eahne&#8217;ye ziyaret etti. Ayn\u0131 zamanda alt\u0131 y\u0131ld\u0131r \u0130zmir Spor Kul\u00fcpleri Birli\u011fi Vakf\u0131 (\u0130ZVAK) Ba\u015fkan ve Ba\u015fkan Vekilli\u011fi g\u00f6revlerini s\u00fcrd\u00fcren Erten ve Papatya, K\u00f6\u015fger ve \u015eahne&#8217;ye Milli [&hellip;]<\/p>\n","protected":false},"author":2,"featured_media":1247,"comment_status":"open","ping_status":"open","sticky":false,"template":"","format":"standard","meta":{"_uag_custom_page_level_css":"","footnotes":""},"categories":[7],"tags":[],"class_list":["post-1246","post","type-post","status-publish","format-standard","has-post-thumbnail","hentry","category-haberler"],"uagb_featured_image_src":{"full":["https:\/\/izvak.org\/wp-content\/uploads\/2024\/12\/Ekran-Resmi-2024-12-12-17.57.26.png",823,572,false],"thumbnail":["https:\/\/izvak.org\/wp-content\/uploads\/2024\/12\/Ekran-Resmi-2024-12-12-17.57.26-150x150.png",150,150,true],"medium":["https:\/\/izvak.org\/wp-content\/uploads\/2024\/12\/Ekran-Resmi-2024-12-12-17.57.26-300x209.png",300,209,true],"medium_large":["https:\/\/izvak.org\/wp-content\/uploads\/2024\/12\/Ekran-Resmi-2024-12-12-17.57.26-768x534.png",640,445,true],"large":["https:\/\/izvak.org\/wp-content\/uploads\/2024\/12\/Ekran-Resmi-2024-12-12-17.57.26.png",640,445,false],"1536x1536":["https:\/\/izvak.org\/wp-content\/uploads\/2024\/12\/Ekran-Resmi-2024-12-12-17.57.26.png",823,572,false],"2048x2048":["https:\/\/izvak.org\/wp-content\/uploads\/2024\/12\/Ekran-Resmi-2024-12-12-17.57.26.png",823,572,false]},"uagb_author_info":{"display_name":"izvak_haber","author_link":"https:\/\/izvak.org\/index.php\/author\/izvak_haber\/"},"uagb_comment_info":0,"uagb_excerpt":"T\u00dcRK\u0130YE Futbol Federasyonu (TFF) Y\u00f6netim Kurulu \u00dcyesi Talat Papatya ve TFF Fair-Play ve Sosyal Sorumluluk Kurulu \u00dcyesi Ali Erten, \u0130zmir Valisi Yavuz Selim K\u00f6\u015fger ile \u0130zmir Emniyet M\u00fcd\u00fcr\u00fc Mehmet \u015eahne&#8217;ye ziyaret etti. Ayn\u0131 zamanda alt\u0131 y\u0131ld\u0131r \u0130zmir Spor Kul\u00fcpleri Birli\u011fi Vakf\u0131 (\u0130ZVAK) Ba\u015fkan ve Ba\u015fkan Vekilli\u011fi g\u00f6revlerini s\u00fcrd\u00fcren Erten ve Papatya, K\u00f6\u015fger ve \u015eahne&#8217;ye Milli&hellip;","_links":{"self":[{"href":"https:\/\/izvak.org\/index.php\/wp-json\/wp\/v2\/posts\/1246","targetHints":{"allow":["GET"]}}],"collection":[{"href":"https:\/\/izvak.org\/index.php\/wp-json\/wp\/v2\/posts"}],"about":[{"href":"https:\/\/izvak.org\/index.php\/wp-json\/wp\/v2\/types\/post"}],"author":[{"embeddable":true,"href":"https:\/\/izvak.org\/index.php\/wp-json\/wp\/v2\/users\/2"}],"replies":[{"embeddable":true,"href":"https:\/\/izvak.org\/index.php\/wp-json\/wp\/v2\/comments?post=1246"}],"version-history":[{"count":1,"href":"https:\/\/izvak.org\/index.php\/wp-json\/wp\/v2\/posts\/1246\/revisions"}],"predecessor-version":[{"id":1248,"href":"https:\/\/izvak.org\/index.php\/wp-json\/wp\/v2\/posts\/1246\/revisions\/1248"}],"wp:featuredmedia":[{"embeddable":true,"href":"https:\/\/izvak.org\/index.php\/wp-json\/wp\/v2\/media\/1247"}],"wp:attachment":[{"href":"https:\/\/izvak.org\/index.php\/wp-json\/wp\/v2\/media?parent=1246"}],"wp:term":[{"taxonomy":"category","embeddable":true,"href":"https:\/\/izvak.org\/index.php\/wp-json\/wp\/v2\/categories?post=1246"},{"taxonomy":"post_tag","embeddable":true,"href":"https:\/\/izvak.org\/index.php\/wp-json\/wp\/v2\/tags?post=1246"}],"curies":[{"name":"wp","href":"https:\/\/api.w.org\/{rel}","templated":true}]}}