{"id":1256,"date":"2022-05-26T16:08:00","date_gmt":"2022-05-26T16:08:00","guid":{"rendered":"https:\/\/izvak.org\/?p=1256"},"modified":"2024-12-12T16:10:01","modified_gmt":"2024-12-12T16:10:01","slug":"yonetim-kurulu-uyemiz-dr-ozbek-tbfde","status":"publish","type":"post","link":"https:\/\/izvak.org\/index.php\/2022\/05\/26\/yonetim-kurulu-uyemiz-dr-ozbek-tbfde\/","title":{"rendered":"Y\u00d6NET\u0130M KURULU \u00dcYEM\u0130Z DR. \u00d6ZBEK, TBF\u2019DE"},"content":{"rendered":"\n<p>\u0130ZM\u0130R&#8217;deki profesyonel futbol kul\u00fcplerinin olu\u015fturdu\u011fu \u0130zmir Spor Kul\u00fcpleri Birli\u011fi Vakf\u0131\u2019m\u0131zda (\u0130ZVAK) y\u00f6netim kurulu \u00fcyesi olarak g\u00f6rev yapan Dr. Berk \u00d6zbek, T\u00fcrkiye Basketbol Federasyonu Temsilciler Kurulu \u00fcyeli\u011fi ve Ba\u015fkan yard\u0131mc\u0131l\u0131\u011f\u0131na getirildi. Uzun s\u00fcredir T\u00fcrkiye Futbol Federasyonu\u2019nda \u00fcst klasman temsilcili\u011fi de yapan Dr. Berk \u00d6zbek, TBF ve TFF deki her iki g\u00f6revi birden yerine getirecek.<\/p>\n\n\n\n<p>Ba\u015fkan\u0131m\u0131z Ali Erten, Dr. \u00d6zbek\u2019i tebrik ederek, \u201c\u00dcyelerimizin \u00f6nemli konumlara gelmesi \u0130zmir i\u00e7in b\u00fcy\u00fck \u00f6nem ta\u015f\u0131yor. Say\u0131n \u00d6zbek\u2019in hem TFF, hem de TBF\u2019deki \u00fcst d\u00fczey g\u00f6revlerini ba\u015far\u0131yla yerine getirece\u011fine inanc\u0131yla kendisini tebrik ediyoruz. \u0130zmir\u2019in spor kenti vizyonuna uygun olarak, \u015fehrimizin bu t\u00fcr kurumlardaki temsilcilerini daha da art\u0131rmal\u0131y\u0131z\u201d dedi.<\/p>\n","protected":false},"excerpt":{"rendered":"<p>\u0130ZM\u0130R&#8217;deki profesyonel futbol kul\u00fcplerinin olu\u015fturdu\u011fu \u0130zmir Spor Kul\u00fcpleri Birli\u011fi Vakf\u0131\u2019m\u0131zda (\u0130ZVAK) y\u00f6netim kurulu \u00fcyesi olarak g\u00f6rev yapan Dr. Berk \u00d6zbek, T\u00fcrkiye Basketbol Federasyonu Temsilciler Kurulu \u00fcyeli\u011fi ve Ba\u015fkan yard\u0131mc\u0131l\u0131\u011f\u0131na getirildi. Uzun s\u00fcredir T\u00fcrkiye Futbol Federasyonu\u2019nda \u00fcst klasman temsilcili\u011fi de yapan Dr. Berk \u00d6zbek, TBF ve TFF deki her iki g\u00f6revi birden yerine getirecek. Ba\u015fkan\u0131m\u0131z Ali [&hellip;]<\/p>\n","protected":false},"author":2,"featured_media":1257,"comment_status":"open","ping_status":"open","sticky":false,"template":"","format":"standard","meta":{"_uag_custom_page_level_css":"","footnotes":""},"categories":[7],"tags":[],"class_list":["post-1256","post","type-post","status-publish","format-standard","has-post-thumbnail","hentry","category-haberler"],"uagb_featured_image_src":{"full":["https:\/\/izvak.org\/wp-content\/uploads\/2024\/12\/berk.jpg",1181,1772,false],"thumbnail":["https:\/\/izvak.org\/wp-content\/uploads\/2024\/12\/berk-150x150.jpg",150,150,true],"medium":["https:\/\/izvak.org\/wp-content\/uploads\/2024\/12\/berk-200x300.jpg",200,300,true],"medium_large":["https:\/\/izvak.org\/wp-content\/uploads\/2024\/12\/berk-768x1152.jpg",640,960,true],"large":["https:\/\/izvak.org\/wp-content\/uploads\/2024\/12\/berk-682x1024.jpg",640,961,true],"1536x1536":["https:\/\/izvak.org\/wp-content\/uploads\/2024\/12\/berk-1024x1536.jpg",1024,1536,true],"2048x2048":["https:\/\/izvak.org\/wp-content\/uploads\/2024\/12\/berk.jpg",1181,1772,false]},"uagb_author_info":{"display_name":"izvak_haber","author_link":"https:\/\/izvak.org\/index.php\/author\/izvak_haber\/"},"uagb_comment_info":0,"uagb_excerpt":"\u0130ZM\u0130R&#8217;deki profesyonel futbol kul\u00fcplerinin olu\u015fturdu\u011fu \u0130zmir Spor Kul\u00fcpleri Birli\u011fi Vakf\u0131\u2019m\u0131zda (\u0130ZVAK) y\u00f6netim kurulu \u00fcyesi olarak g\u00f6rev yapan Dr. Berk \u00d6zbek, T\u00fcrkiye Basketbol Federasyonu Temsilciler Kurulu \u00fcyeli\u011fi ve Ba\u015fkan yard\u0131mc\u0131l\u0131\u011f\u0131na getirildi. Uzun s\u00fcredir T\u00fcrkiye Futbol Federasyonu\u2019nda \u00fcst klasman temsilcili\u011fi de yapan Dr. Berk \u00d6zbek, TBF ve TFF deki her iki g\u00f6revi birden yerine getirecek. Ba\u015fkan\u0131m\u0131z Ali&hellip;","_links":{"self":[{"href":"https:\/\/izvak.org\/index.php\/wp-json\/wp\/v2\/posts\/1256","targetHints":{"allow":["GET"]}}],"collection":[{"href":"https:\/\/izvak.org\/index.php\/wp-json\/wp\/v2\/posts"}],"about":[{"href":"https:\/\/izvak.org\/index.php\/wp-json\/wp\/v2\/types\/post"}],"author":[{"embeddable":true,"href":"https:\/\/izvak.org\/index.php\/wp-json\/wp\/v2\/users\/2"}],"replies":[{"embeddable":true,"href":"https:\/\/izvak.org\/index.php\/wp-json\/wp\/v2\/comments?post=1256"}],"version-history":[{"count":1,"href":"https:\/\/izvak.org\/index.php\/wp-json\/wp\/v2\/posts\/1256\/revisions"}],"predecessor-version":[{"id":1258,"href":"https:\/\/izvak.org\/index.php\/wp-json\/wp\/v2\/posts\/1256\/revisions\/1258"}],"wp:featuredmedia":[{"embeddable":true,"href":"https:\/\/izvak.org\/index.php\/wp-json\/wp\/v2\/media\/1257"}],"wp:attachment":[{"href":"https:\/\/izvak.org\/index.php\/wp-json\/wp\/v2\/media?parent=1256"}],"wp:term":[{"taxonomy":"category","embeddable":true,"href":"https:\/\/izvak.org\/index.php\/wp-json\/wp\/v2\/categories?post=1256"},{"taxonomy":"post_tag","embeddable":true,"href":"https:\/\/izvak.org\/index.php\/wp-json\/wp\/v2\/tags?post=1256"}],"curies":[{"name":"wp","href":"https:\/\/api.w.org\/{rel}","templated":true}]}}