{"id":1265,"date":"2022-03-30T16:20:00","date_gmt":"2022-03-30T16:20:00","guid":{"rendered":"https:\/\/izvak.org\/?p=1265"},"modified":"2024-12-12T16:23:17","modified_gmt":"2024-12-12T16:23:17","slug":"izmire-vefa-yakisir","status":"publish","type":"post","link":"https:\/\/izvak.org\/index.php\/2022\/03\/30\/izmire-vefa-yakisir\/","title":{"rendered":"&#8220;\u0130ZM\u0130R\u2019E \u201cVEFA\u201d YAKI\u015eIR\u2026&#8221;"},"content":{"rendered":"\n<p>S\u00fcper Lig\u2019deki temsilcilerimizden G\u00f6ztepe\u2019de Say\u0131n Mehmet Sepil\u2019in ba\u015fkanl\u0131k g\u00f6revini b\u0131rakt\u0131\u011f\u0131n\u0131 a\u00e7\u0131klamas\u0131n\u0131n ard\u0131ndan di\u011fer temsilcimiz Altay\u2019da da Say\u0131n \u00d6zg\u00fcr Ekmek\u00e7io\u011flu \u00fczerindeki bask\u0131lar devam ediyor\u2026<br>Futbol, bir sonu\u00e7 oyunu. Bu a\u00e7\u0131dan bakt\u0131\u011f\u0131m\u0131zda skor odakl\u0131 bak\u0131\u015f a\u00e7\u0131lar\u0131n\u0131 bir noktaya kadar anla\u015f\u0131labilir bulabiliriz&#8230;<br>Ancak\u2026<br>\u00d6ncelikle, sezon sonuna yakla\u015ft\u0131\u011f\u0131m\u0131z bu g\u00fcnlerin \u201cbirlik g\u00fcn\u00fc\u201d oldu\u011funun alt\u0131n\u0131 kal\u0131n bir \u00e7izgiyle \u00e7izerek, t\u00fcm spor kamuoyunu foto\u011fraf\u0131 biraz daha geni\u015f a\u00e7\u0131dan incelemeye, daha so\u011fukkanl\u0131 ve ho\u015fg\u00f6r\u00fcl\u00fc olmaya \u00e7a\u011f\u0131r\u0131yoruz\u2026<\/p>\n\n\n\n<p>Biliyoruz ki, \u00f6nce pandemi, ard\u0131ndan ekonomideki dalgalanmalar herkes gibi kul\u00fcplerimizi de sert bir \u015fekilde etkiledi. S\u00fcper Lig\u2019deki yay\u0131n gelirleri b\u00fcy\u00fck erozyona u\u011frad\u0131. Bug\u00fcn S\u00fcper Lig\u2019deki naklen yay\u0131n geliri, bir tak\u0131m\u0131n neredeyse 2-3 futbolcunun maliyetini bile kar\u015f\u0131layam\u0131yor. Pandemi s\u00fcreciyle birlikte trib\u00fcn gelirlerinin dibe vurmas\u0131, t\u00fcm tak\u0131mlar\u0131n kanayan yara olarak i\u015faret etti\u011fi bir ger\u00e7ek. Di\u011fer bir ger\u00e7ek ise, sezon boyunca ya\u015fanan inan\u0131lmaz hakem hatalar\u0131 ve ya\u015fanan kaos ortam\u0131n\u0131n, en \u00e7ok tak\u0131mlar\u0131m\u0131za zarar vermesi\u2026<\/p>\n\n\n\n<p>S\u00fcper Lig\u2019de m\u00fccadele etmenin y\u0131ll\u0131k b\u00fct\u00e7esi ise minimum 300 milyon TL civar\u0131nda. Bu tablonun alt\u0131ndan kalkmak hi\u00e7 mi hi\u00e7 kolay de\u011fil. Futboldaki rakamlar y\u00f6neticilerin kar\u015f\u0131layabilece\u011fi seviyeyi \u00e7oktan a\u015fm\u0131\u015f durumda.<\/p>\n\n\n\n<p>\u00d6te yandan S\u00fcper Lig\u2019de gelecek sezonun yay\u0131n haklar\u0131na dair sis perdesi kalkm\u0131\u015f de\u011fil. \u00d6ng\u00f6r\u00fclemeyen bir gelece\u011fe dair b\u00fct\u00e7e planlamas\u0131 yapmak m\u00fcmk\u00fcn olamaz! TFF i\u00e7in, futbolcu ve teknik adamlar kadar kul\u00fcpleri de koruyan ve haklar\u0131n\u0131 garanti edecek bir sistem kurmak bug\u00fcn acil bir gerekliliktir.<\/p>\n\n\n\n<p>Tam da bu noktada\u2026<br>Bu b\u00fct\u00e7eleri g\u00f6\u011f\u00fcsleyen, en zor g\u00fcnlerde sorumluluk alan, ekonomik kaynak yaratma konusunda fedakarca \u00e7al\u0131\u015fan ba\u015fkan ve y\u00f6netimlerimize haks\u0131zl\u0131k edilmemesi gerekti\u011fini d\u00fc\u015f\u00fcn\u00fcyoruz\u2026<\/p>\n\n\n\n<p>Filmi biraz geriye sard\u0131\u011f\u0131m\u0131zda g\u00f6rece\u011fimiz \u015fudur:<br>Hem Say\u0131n Sepil, hem de Say\u0131n Ekmek\u00e7io\u011flu, y\u00f6netimleriyle birlikte kul\u00fcplerine \u00e7ok b\u00fcy\u00fck ba\u015far\u0131lar ya\u015fatm\u0131\u015flar, t\u00fcm \u0130zmirlileri gururland\u0131rm\u0131\u015flard\u0131r\u2026<br>\u0130zmir, bu iki ba\u015fkan\u0131n y\u00f6netiminde uzun y\u0131llar sonra S\u00fcper Lig\u2019de iki tak\u0131mla temsil edilme mutlulu\u011funu ya\u015famaktad\u0131r\u2026<br>\u0130ki ba\u015fkan, G\u00f6ztepe G\u00fcrsel Aksel Stad\u0131 ve Alsancak Mustafa Denizli Stad\u0131\u2019n\u0131n bitirilmesi i\u00e7in yo\u011fun \u00e7aba ve emek ortaya koymu\u015ftur.<br>Kul\u00fcpler aras\u0131ndaki i\u015fbirli\u011finin en \u00fcst seviyeye \u00e7\u0131kmas\u0131, T\u00fcrkiye\u2019ye model olan \u0130zmir futbolundaki bar\u0131\u015f ortam\u0131 hepimizin ortak eseridir.<\/p>\n\n\n\n<p>Bunlar\u0131 unutmak hi\u00e7bir \u0130zmirliye yak\u0131\u015fmaz.<br>\u0130zmir olarak ba\u015fkan ve y\u00f6netimlerimize te\u015fekk\u00fcr bor\u00e7lu oldu\u011fumuza inan\u0131yoruz.<br>Aile olmak zor g\u00fcnde dayan\u0131\u015fma ve birlik i\u00e7inde olmay\u0131 gerektirir. G\u00fcn\u00fcm\u00fcz birlik g\u00fcn\u00fcd\u00fcr\u2026<\/p>\n\n\n\n<p>\u0130zmir\u2019imizin t\u00fcm y\u00f6netim kademelerini, sivil toplum kurulu\u015flar\u0131m\u0131z\u0131 ve renklerine a\u015f\u0131k taraftarlar\u0131m\u0131z\u0131, kul\u00fcp ba\u015fkanlar\u0131m\u0131z\u0131n ve y\u00f6netimlerimizin yan\u0131nda yer almaya davet ediyoruz&#8230;<br>\u00c7\u00fcnk\u00fc\u2026<br>\u0130zmir\u2019e \u201cvefa\u201d yak\u0131\u015f\u0131r\u2026<\/p>\n\n\n\n<p>\u0130ZVAK Y\u00d6NET\u0130M KURULU<\/p>\n","protected":false},"excerpt":{"rendered":"<p>S\u00fcper Lig\u2019deki temsilcilerimizden G\u00f6ztepe\u2019de Say\u0131n Mehmet Sepil\u2019in ba\u015fkanl\u0131k g\u00f6revini b\u0131rakt\u0131\u011f\u0131n\u0131 a\u00e7\u0131klamas\u0131n\u0131n ard\u0131ndan di\u011fer temsilcimiz Altay\u2019da da Say\u0131n \u00d6zg\u00fcr Ekmek\u00e7io\u011flu \u00fczerindeki bask\u0131lar devam ediyor\u2026Futbol, bir sonu\u00e7 oyunu. Bu a\u00e7\u0131dan bakt\u0131\u011f\u0131m\u0131zda skor odakl\u0131 bak\u0131\u015f a\u00e7\u0131lar\u0131n\u0131 bir noktaya kadar anla\u015f\u0131labilir bulabiliriz&#8230;Ancak\u2026\u00d6ncelikle, sezon sonuna yakla\u015ft\u0131\u011f\u0131m\u0131z bu g\u00fcnlerin \u201cbirlik g\u00fcn\u00fc\u201d oldu\u011funun alt\u0131n\u0131 kal\u0131n bir \u00e7izgiyle \u00e7izerek, t\u00fcm spor kamuoyunu foto\u011fraf\u0131 [&hellip;]<\/p>\n","protected":false},"author":2,"featured_media":1060,"comment_status":"open","ping_status":"open","sticky":false,"template":"","format":"standard","meta":{"_uag_custom_page_level_css":"","footnotes":""},"categories":[7],"tags":[],"class_list":["post-1265","post","type-post","status-publish","format-standard","has-post-thumbnail","hentry","category-haberler"],"uagb_featured_image_src":{"full":["https:\/\/izvak.org\/wp-content\/uploads\/2024\/12\/hb694c9.jpg",800,600,false],"thumbnail":["https:\/\/izvak.org\/wp-content\/uploads\/2024\/12\/hb694c9-150x150.jpg",150,150,true],"medium":["https:\/\/izvak.org\/wp-content\/uploads\/2024\/12\/hb694c9-300x225.jpg",300,225,true],"medium_large":["https:\/\/izvak.org\/wp-content\/uploads\/2024\/12\/hb694c9-768x576.jpg",640,480,true],"large":["https:\/\/izvak.org\/wp-content\/uploads\/2024\/12\/hb694c9.jpg",640,480,false],"1536x1536":["https:\/\/izvak.org\/wp-content\/uploads\/2024\/12\/hb694c9.jpg",800,600,false],"2048x2048":["https:\/\/izvak.org\/wp-content\/uploads\/2024\/12\/hb694c9.jpg",800,600,false]},"uagb_author_info":{"display_name":"izvak_haber","author_link":"https:\/\/izvak.org\/index.php\/author\/izvak_haber\/"},"uagb_comment_info":0,"uagb_excerpt":"S\u00fcper Lig\u2019deki temsilcilerimizden G\u00f6ztepe\u2019de Say\u0131n Mehmet Sepil\u2019in ba\u015fkanl\u0131k g\u00f6revini b\u0131rakt\u0131\u011f\u0131n\u0131 a\u00e7\u0131klamas\u0131n\u0131n ard\u0131ndan di\u011fer temsilcimiz Altay\u2019da da Say\u0131n \u00d6zg\u00fcr Ekmek\u00e7io\u011flu \u00fczerindeki bask\u0131lar devam ediyor\u2026Futbol, bir sonu\u00e7 oyunu. Bu a\u00e7\u0131dan bakt\u0131\u011f\u0131m\u0131zda skor odakl\u0131 bak\u0131\u015f a\u00e7\u0131lar\u0131n\u0131 bir noktaya kadar anla\u015f\u0131labilir bulabiliriz&#8230;Ancak\u2026\u00d6ncelikle, sezon sonuna yakla\u015ft\u0131\u011f\u0131m\u0131z bu g\u00fcnlerin \u201cbirlik g\u00fcn\u00fc\u201d oldu\u011funun alt\u0131n\u0131 kal\u0131n bir \u00e7izgiyle \u00e7izerek, t\u00fcm spor kamuoyunu foto\u011fraf\u0131&hellip;","_links":{"self":[{"href":"https:\/\/izvak.org\/index.php\/wp-json\/wp\/v2\/posts\/1265","targetHints":{"allow":["GET"]}}],"collection":[{"href":"https:\/\/izvak.org\/index.php\/wp-json\/wp\/v2\/posts"}],"about":[{"href":"https:\/\/izvak.org\/index.php\/wp-json\/wp\/v2\/types\/post"}],"author":[{"embeddable":true,"href":"https:\/\/izvak.org\/index.php\/wp-json\/wp\/v2\/users\/2"}],"replies":[{"embeddable":true,"href":"https:\/\/izvak.org\/index.php\/wp-json\/wp\/v2\/comments?post=1265"}],"version-history":[{"count":1,"href":"https:\/\/izvak.org\/index.php\/wp-json\/wp\/v2\/posts\/1265\/revisions"}],"predecessor-version":[{"id":1266,"href":"https:\/\/izvak.org\/index.php\/wp-json\/wp\/v2\/posts\/1265\/revisions\/1266"}],"wp:featuredmedia":[{"embeddable":true,"href":"https:\/\/izvak.org\/index.php\/wp-json\/wp\/v2\/media\/1060"}],"wp:attachment":[{"href":"https:\/\/izvak.org\/index.php\/wp-json\/wp\/v2\/media?parent=1265"}],"wp:term":[{"taxonomy":"category","embeddable":true,"href":"https:\/\/izvak.org\/index.php\/wp-json\/wp\/v2\/categories?post=1265"},{"taxonomy":"post_tag","embeddable":true,"href":"https:\/\/izvak.org\/index.php\/wp-json\/wp\/v2\/tags?post=1265"}],"curies":[{"name":"wp","href":"https:\/\/api.w.org\/{rel}","templated":true}]}}