{"id":1276,"date":"2022-02-23T16:31:00","date_gmt":"2022-02-23T16:31:00","guid":{"rendered":"https:\/\/izvak.org\/?p=1276"},"modified":"2024-12-12T16:33:23","modified_gmt":"2024-12-12T16:33:23","slug":"sadece-adalet","status":"publish","type":"post","link":"https:\/\/izvak.org\/index.php\/2022\/02\/23\/sadece-adalet\/","title":{"rendered":"SADECE ADALET\u2026"},"content":{"rendered":"\n<p>G\u00f6ztepe ve Altay ba\u015fta olmak \u00fczere \u0130zmir kul\u00fcplerimizin kar\u015f\u0131 kar\u015f\u0131ya kald\u0131klar\u0131 tablo, maalesef de\u011fi\u015fmiyor.<br><br>Son d\u00f6nemde tak\u0131mlar\u0131m\u0131z\u0131n u\u011frad\u0131\u011f\u0131 bariz hakem hatalar\u0131, &#8220;Hakemler de hata yapar&#8221; s\u00f6ylemiyle a\u00e7\u0131klanacak boyutu fazlas\u0131yla a\u015fm\u0131\u015f, kabul edilemez noktaya gelmi\u015ftir.<br><br>Giderek artan ve insani hata boyutunu \u00e7oktan geride b\u0131rakan bu hakem hatalar\u0131 ile tak\u0131mlar\u0131m\u0131z\u0131n emekleri \u00e7al\u0131nmaktad\u0131r.<br><br>Sporda i\u015f birli\u011fi k\u00fclt\u00fcr\u00fcyle hareket edebilen, kul\u00fcplerinin arkas\u0131nda s\u0131ms\u0131k\u0131 duran b\u00fct\u00fcn bir \u015fehir olarak, \u0130zmir olarak, bu durumu \u015fiddetle protesto ediyoruz.<br><br>Biliniz ki&#8230;<br>Olimpiyat ruhu, adil rekabet, eme\u011fe sayg\u0131 ve centilmenlik bu sporun evrensel de\u011ferleridir.<br>Ve futbolu d\u00fcnyan\u0131n en sevilen oyunu yapan da bu de\u011ferlerdir.<br><br>T\u00fcrkiye&#8217;yi futbolla tan\u0131\u015ft\u0131ran \u0130zmir \u015fehrinin iste\u011fi nettir.<br>Eme\u011fe sayg\u0131 g\u00f6sterin, tarafs\u0131z ve adil olun\u2026<br>Koskoca bir \u015fehir sizden \u201cSadece Adalet\u201d bekliyor.<br><br>B\u0131rak\u0131n, bu g\u00fczel oyunun kaderini, ba\u015frol oyuncusu olan futbolcular belirlesin!<\/p>\n","protected":false},"excerpt":{"rendered":"<p>G\u00f6ztepe ve Altay ba\u015fta olmak \u00fczere \u0130zmir kul\u00fcplerimizin kar\u015f\u0131 kar\u015f\u0131ya kald\u0131klar\u0131 tablo, maalesef de\u011fi\u015fmiyor. Son d\u00f6nemde tak\u0131mlar\u0131m\u0131z\u0131n u\u011frad\u0131\u011f\u0131 bariz hakem hatalar\u0131, &#8220;Hakemler de hata yapar&#8221; s\u00f6ylemiyle a\u00e7\u0131klanacak boyutu fazlas\u0131yla a\u015fm\u0131\u015f, kabul edilemez noktaya gelmi\u015ftir. Giderek artan ve insani hata boyutunu \u00e7oktan geride b\u0131rakan bu hakem hatalar\u0131 ile tak\u0131mlar\u0131m\u0131z\u0131n emekleri \u00e7al\u0131nmaktad\u0131r. Sporda i\u015f birli\u011fi k\u00fclt\u00fcr\u00fcyle hareket [&hellip;]<\/p>\n","protected":false},"author":2,"featured_media":1060,"comment_status":"open","ping_status":"open","sticky":false,"template":"","format":"standard","meta":{"_uag_custom_page_level_css":"","footnotes":""},"categories":[7],"tags":[],"class_list":["post-1276","post","type-post","status-publish","format-standard","has-post-thumbnail","hentry","category-haberler"],"uagb_featured_image_src":{"full":["https:\/\/izvak.org\/wp-content\/uploads\/2024\/12\/hb694c9.jpg",800,600,false],"thumbnail":["https:\/\/izvak.org\/wp-content\/uploads\/2024\/12\/hb694c9-150x150.jpg",150,150,true],"medium":["https:\/\/izvak.org\/wp-content\/uploads\/2024\/12\/hb694c9-300x225.jpg",300,225,true],"medium_large":["https:\/\/izvak.org\/wp-content\/uploads\/2024\/12\/hb694c9-768x576.jpg",640,480,true],"large":["https:\/\/izvak.org\/wp-content\/uploads\/2024\/12\/hb694c9.jpg",640,480,false],"1536x1536":["https:\/\/izvak.org\/wp-content\/uploads\/2024\/12\/hb694c9.jpg",800,600,false],"2048x2048":["https:\/\/izvak.org\/wp-content\/uploads\/2024\/12\/hb694c9.jpg",800,600,false]},"uagb_author_info":{"display_name":"izvak_haber","author_link":"https:\/\/izvak.org\/index.php\/author\/izvak_haber\/"},"uagb_comment_info":0,"uagb_excerpt":"G\u00f6ztepe ve Altay ba\u015fta olmak \u00fczere \u0130zmir kul\u00fcplerimizin kar\u015f\u0131 kar\u015f\u0131ya kald\u0131klar\u0131 tablo, maalesef de\u011fi\u015fmiyor. Son d\u00f6nemde tak\u0131mlar\u0131m\u0131z\u0131n u\u011frad\u0131\u011f\u0131 bariz hakem hatalar\u0131, &#8220;Hakemler de hata yapar&#8221; s\u00f6ylemiyle a\u00e7\u0131klanacak boyutu fazlas\u0131yla a\u015fm\u0131\u015f, kabul edilemez noktaya gelmi\u015ftir. Giderek artan ve insani hata boyutunu \u00e7oktan geride b\u0131rakan bu hakem hatalar\u0131 ile tak\u0131mlar\u0131m\u0131z\u0131n emekleri \u00e7al\u0131nmaktad\u0131r. Sporda i\u015f birli\u011fi k\u00fclt\u00fcr\u00fcyle hareket&hellip;","_links":{"self":[{"href":"https:\/\/izvak.org\/index.php\/wp-json\/wp\/v2\/posts\/1276","targetHints":{"allow":["GET"]}}],"collection":[{"href":"https:\/\/izvak.org\/index.php\/wp-json\/wp\/v2\/posts"}],"about":[{"href":"https:\/\/izvak.org\/index.php\/wp-json\/wp\/v2\/types\/post"}],"author":[{"embeddable":true,"href":"https:\/\/izvak.org\/index.php\/wp-json\/wp\/v2\/users\/2"}],"replies":[{"embeddable":true,"href":"https:\/\/izvak.org\/index.php\/wp-json\/wp\/v2\/comments?post=1276"}],"version-history":[{"count":1,"href":"https:\/\/izvak.org\/index.php\/wp-json\/wp\/v2\/posts\/1276\/revisions"}],"predecessor-version":[{"id":1277,"href":"https:\/\/izvak.org\/index.php\/wp-json\/wp\/v2\/posts\/1276\/revisions\/1277"}],"wp:featuredmedia":[{"embeddable":true,"href":"https:\/\/izvak.org\/index.php\/wp-json\/wp\/v2\/media\/1060"}],"wp:attachment":[{"href":"https:\/\/izvak.org\/index.php\/wp-json\/wp\/v2\/media?parent=1276"}],"wp:term":[{"taxonomy":"category","embeddable":true,"href":"https:\/\/izvak.org\/index.php\/wp-json\/wp\/v2\/categories?post=1276"},{"taxonomy":"post_tag","embeddable":true,"href":"https:\/\/izvak.org\/index.php\/wp-json\/wp\/v2\/tags?post=1276"}],"curies":[{"name":"wp","href":"https:\/\/api.w.org\/{rel}","templated":true}]}}