{"id":1285,"date":"2017-05-30T18:19:00","date_gmt":"2017-05-30T18:19:00","guid":{"rendered":"https:\/\/izvak.org\/?p=1285"},"modified":"2024-12-12T18:22:58","modified_gmt":"2024-12-12T18:22:58","slug":"baskanimiz-ali-erten-ebso-meclisinde","status":"publish","type":"post","link":"https:\/\/izvak.org\/index.php\/2017\/05\/30\/baskanimiz-ali-erten-ebso-meclisinde\/","title":{"rendered":"BA\u015eKANIMIZ AL\u0130 ERTEN EBSO MECL\u0130S\u0130NDE"},"content":{"rendered":"\n<p>Ege B\u00f6lgesi Sanayi Odas\u0131 (EBSO) Meclis toplant\u0131s\u0131na konuk alarak kat\u0131lan \u0130zmir Spor Kul\u00fcpleri Birli\u011fi Vakf\u0131 (\u0130ZVAK) Ba\u015fkan\u0131m\u0131z Ali Erten, statlar\u0131n \u015fehrin merkezinde olmas\u0131n\u0131n kente de\u011fer kataca\u011f\u0131n\u0131 ve kul\u00fcplerin de bu sayede gelir elde edece\u011fini s\u00f6yledi.<\/p>\n\n\n\n<p>\u0130zmir&#8217;deki statlar\u0131n da biran \u00f6nce bitirilmesini istediklerini belirten Erten, &#8220;Atat\u00fcrk Stad\u0131&#8217;n\u0131n \u015fehrimize yak\u0131\u015f\u0131r \u015fekilde yenilenmesini istiyoruz. Zira, aday oldu\u011fumuz 2024 Avrupa Kupas\u0131, \u0130zmirsiz olmaz. \u015eehrimizde yap\u0131lacak olan statlar ve Atat\u00fcrk Stad\u0131&#8217;n\u0131n \u015fehir stad\u0131 olarak yenilenmesi bizim ana unsurlar\u0131m\u0131z\u0131 olu\u015fturuyor&#8221; dedi.<\/p>\n\n\n\n<p>&#8220;\u015eEH\u0130R \u0130\u00c7\u0130NDE STADYUM OLUR&#8221;<\/p>\n\n\n\n<p>\u015eehir merkezinde stat yap\u0131l\u0131p yap\u0131lmamas\u0131 y\u00f6n\u00fcndeki ele\u015ftirileri de de\u011ferlendiren Ba\u015fkan\u0131m\u0131z Erten, &#8220;Tabii ki \u015fehir i\u00e7inde stadyum olur. D\u00fcnyan\u0131n en b\u00fcy\u00fck en g\u00fczel statlar\u0131 \u015fehrin kalbindedir ve o \u015fehre de\u011fer katar. Zaten UEFA&#8217;n\u0131n da destekledi\u011fi \u015fey, 7 g\u00fcn 24 saat ya\u015fayan ve \u015fehrin sosyal hayat\u0131na destek veren tesislerdir. \u015eehir i\u00e7i stat yat\u0131r\u0131mlar\u0131 en k\u0131sa s\u00fcrede geri d\u00f6n\u00fc\u015f\u00fcm sa\u011flamas\u0131yla da dikkat \u00e7ekiyor. \u00d6rne\u011fin Be\u015fikta\u015f, tesislerinden bir y\u0131lda 40 milyon dolar elde etti. Stad\u0131n in\u015faat maliyeti ise 100 milyon dolard\u0131. Yani 2,5 y\u0131l gibi bir s\u00fcrede yat\u0131r\u0131lan paray\u0131 geri almak m\u00fcmk\u00fcn&#8221; diye konu\u015ftu.<\/p>\n\n\n\n<p>&#8220;NOU CAMP G\u0130B\u0130&#8221;<\/p>\n\n\n\n<p>D\u00fcnya \u00fczerinde bir \u00e7ok \u00f6nemli stadyumun kentin tam merkezine yap\u0131ld\u0131\u011f\u0131na dikkat \u00e7eken Erten, &#8220;Ajax, Real Madrid, Manchester City, Liverpool, Nou Camp gibi statlar hep kent merkezinde ve 40 bin ila 115 bin ki\u015fi aras\u0131nda de\u011fi\u015fen kapasiteye sahip. Trafik sorununu ise otopark yapmayarak \u00e7\u00f6z\u00fcyorlar. \u00c7\u00fcnk\u00fc ama\u00e7; insanlar\u0131n toplu ula\u015f\u0131m ara\u00e7lar\u0131yla ma\u00e7lara gelmesi. Kar\u015f\u0131yaka&#8217;da da ama\u00e7, insanlar\u0131n ma\u00e7a ara\u00e7la gelmemesi. Toplam 4 giri\u015finin olaca\u011f\u0131 Kar\u015f\u0131yaka Stadyumu&#8217;nda yap\u0131lacak 9 bin metrekarelik ticari alanlar da kul\u00fcbe gelir getirici i\u015flerde kullan\u0131lacak. B\u00f6ylece kul\u00fcb\u00fcn ya\u015famas\u0131 da sa\u011flanacak&#8221; dedi.<\/p>\n\n\n\n<p>&#8220;\u0130ZM\u0130RS\u0130Z OLMAZ&#8221;<\/p>\n\n\n\n<p>\u0130zmir&#8217;deki 3 stad\u0131n hepsinin y\u0131k\u0131lm\u0131\u015f oldu\u011funa dikkat \u00e7eken Ba\u015fkan\u0131m\u0131z Erten, &#8220;Bunlar\u0131n yerinde yenilenmesi gerekiyor. Alsancak Stad\u0131 yine 15 bin ki\u015filik olacak ve 18 ayda tamamlanacak. G\u00f6ztepe stad\u0131 20 bin ki\u015filik olacak 18 ayda bitecek; \u00f6n ihalesi yap\u0131ld\u0131 ard\u0131ndan kesin ihalesine ge\u00e7ilecek. Kar\u015f\u0131yaka Stad\u0131&#8217;n\u0131n ise ihalesi 15 Haziran&#8217;da yap\u0131lacak. Buran\u0131n da imar planlar\u0131nda k\u00fc\u00e7\u00fck bir eksik var. Onun tamamlanmas\u0131yla hi\u00e7 bir sorun kalmayacak. Bu \u00fc\u00e7 stad\u0131m\u0131z\u0131n tamamlanmas\u0131ndan sonra, Atat\u00fcrk Stad\u0131n\u0131n \u015fehrimize yak\u0131\u015f\u0131r \u015fekilde yenilenmesi ama\u00e7l\u0131 \u00e7al\u0131\u015fmalar yapmak istiyoruz. Aday oldu\u011fumuz 2024 Avrupa Kupas\u0131 kesinlikle \u0130zmirsiz olamaz&#8221; ifadelerini kulland\u0131.<\/p>\n\n\n\n<p>&#8220;TES\u0130SLERDEN 100 M\u0130LYON AVRO KAZANDI&#8221;<\/p>\n\n\n\n<p>\u00dclkemizde 3 b\u00fcy\u00fckler sayesinde \u0130stanbul ve Trabzon kentlerinin Avrupal\u0131lar taraf\u0131ndan daha fazla bilindi\u011fini s\u00f6yleyen Ba\u015fkan\u0131m\u0131z Ali Erten, &#8220;Bug\u00fcn Antalya, \u00f6l\u00fc olarak bilinen k\u0131\u015f sezonunda bile tesislerini yabanc\u0131 kul\u00fcplere kiralayarak y\u0131lda 100 milyon Euro civar\u0131nda bir gelir sa\u011fl\u0131yor. \u0130zmir ise bu kadar k\u00f6kl\u00fc tak\u0131mlar\u0131 olmas\u0131na kar\u015f\u0131n sahip oldu\u011fu potansiyelden faydalanamad\u0131. Bizim biran \u00f6nce \u00f6nemli spor tesislerine kent merkezlerimize yapmam\u0131z \u015fart&#8221; dedi.<\/p>\n\n\n\n<p>&#8220;SON MA\u00c7 2009&#8217;DA OYNANDI&#8221;<\/p>\n\n\n\n<p>\u0130zmir&#8217;de son milli ma\u00e7\u0131n 2009&#8217;da oynand\u0131\u011f\u0131n\u0131 s\u00f6yleyen \u0130ZVAK Ba\u015fkan\u0131m\u0131z Erten, &#8220;Kar\u015f\u0131yaka Spor Kul\u00fcb\u00fc Basketbol Tak\u0131m\u0131, Avrupa&#8217;n\u0131n en \u00fcst ligi olan Eurolig&#8217;de bizi temsil etti ama \u0130zmir olarak bunun da fark\u0131na var\u0131p kentimizi iyi tan\u0131tamad\u0131k. Hatta Avrupa&#8217;n\u0131n bir \u00e7ok yerinde \u0130zmir&#8217;i ve Kar\u015f\u0131yaka&#8217;y\u0131 farkl\u0131 yerler olarak g\u00f6rd\u00fcler&#8221; diye konu\u015ftu.<\/p>\n\n\n\n<p>&#8220;TAKIMLARIN EKONOM\u0130YE KATKISI B\u00dcY\u00dcK&#8221;<\/p>\n\n\n\n<p>EBSO Ba\u015fkan\u0131 Ender Yorganc\u0131lar ise tak\u0131mlar\u0131n ekonomik olarak da kentlere b\u00fcy\u00fck katk\u0131 sa\u011flayaca\u011f\u0131n\u0131 ve binlerce seyircinin kente \u00f6nemli gelir kayna\u011f\u0131 yarataca\u011f\u0131n\u0131 aktard\u0131.<\/p>\n\n\n\n<p><\/p>\n","protected":false},"excerpt":{"rendered":"<p>Ege B\u00f6lgesi Sanayi Odas\u0131 (EBSO) Meclis toplant\u0131s\u0131na konuk alarak kat\u0131lan \u0130zmir Spor Kul\u00fcpleri Birli\u011fi Vakf\u0131 (\u0130ZVAK) Ba\u015fkan\u0131m\u0131z Ali Erten, statlar\u0131n \u015fehrin merkezinde olmas\u0131n\u0131n kente de\u011fer kataca\u011f\u0131n\u0131 ve kul\u00fcplerin de bu sayede gelir elde edece\u011fini s\u00f6yledi. \u0130zmir&#8217;deki statlar\u0131n da biran \u00f6nce bitirilmesini istediklerini belirten Erten, &#8220;Atat\u00fcrk Stad\u0131&#8217;n\u0131n \u015fehrimize yak\u0131\u015f\u0131r \u015fekilde yenilenmesini istiyoruz. Zira, aday oldu\u011fumuz 2024 [&hellip;]<\/p>\n","protected":false},"author":2,"featured_media":1286,"comment_status":"open","ping_status":"open","sticky":false,"template":"","format":"standard","meta":{"_uag_custom_page_level_css":"","footnotes":""},"categories":[7],"tags":[],"class_list":["post-1285","post","type-post","status-publish","format-standard","has-post-thumbnail","hentry","category-haberler"],"uagb_featured_image_src":{"full":["https:\/\/izvak.org\/wp-content\/uploads\/2024\/12\/hbd6ada.jpg",800,600,false],"thumbnail":["https:\/\/izvak.org\/wp-content\/uploads\/2024\/12\/hbd6ada-150x150.jpg",150,150,true],"medium":["https:\/\/izvak.org\/wp-content\/uploads\/2024\/12\/hbd6ada-300x225.jpg",300,225,true],"medium_large":["https:\/\/izvak.org\/wp-content\/uploads\/2024\/12\/hbd6ada-768x576.jpg",640,480,true],"large":["https:\/\/izvak.org\/wp-content\/uploads\/2024\/12\/hbd6ada.jpg",640,480,false],"1536x1536":["https:\/\/izvak.org\/wp-content\/uploads\/2024\/12\/hbd6ada.jpg",800,600,false],"2048x2048":["https:\/\/izvak.org\/wp-content\/uploads\/2024\/12\/hbd6ada.jpg",800,600,false]},"uagb_author_info":{"display_name":"izvak_haber","author_link":"https:\/\/izvak.org\/index.php\/author\/izvak_haber\/"},"uagb_comment_info":0,"uagb_excerpt":"Ege B\u00f6lgesi Sanayi Odas\u0131 (EBSO) Meclis toplant\u0131s\u0131na konuk alarak kat\u0131lan \u0130zmir Spor Kul\u00fcpleri Birli\u011fi Vakf\u0131 (\u0130ZVAK) Ba\u015fkan\u0131m\u0131z Ali Erten, statlar\u0131n \u015fehrin merkezinde olmas\u0131n\u0131n kente de\u011fer kataca\u011f\u0131n\u0131 ve kul\u00fcplerin de bu sayede gelir elde edece\u011fini s\u00f6yledi. \u0130zmir&#8217;deki statlar\u0131n da biran \u00f6nce bitirilmesini istediklerini belirten Erten, &#8220;Atat\u00fcrk Stad\u0131&#8217;n\u0131n \u015fehrimize yak\u0131\u015f\u0131r \u015fekilde yenilenmesini istiyoruz. Zira, aday oldu\u011fumuz 2024&hellip;","_links":{"self":[{"href":"https:\/\/izvak.org\/index.php\/wp-json\/wp\/v2\/posts\/1285","targetHints":{"allow":["GET"]}}],"collection":[{"href":"https:\/\/izvak.org\/index.php\/wp-json\/wp\/v2\/posts"}],"about":[{"href":"https:\/\/izvak.org\/index.php\/wp-json\/wp\/v2\/types\/post"}],"author":[{"embeddable":true,"href":"https:\/\/izvak.org\/index.php\/wp-json\/wp\/v2\/users\/2"}],"replies":[{"embeddable":true,"href":"https:\/\/izvak.org\/index.php\/wp-json\/wp\/v2\/comments?post=1285"}],"version-history":[{"count":1,"href":"https:\/\/izvak.org\/index.php\/wp-json\/wp\/v2\/posts\/1285\/revisions"}],"predecessor-version":[{"id":1287,"href":"https:\/\/izvak.org\/index.php\/wp-json\/wp\/v2\/posts\/1285\/revisions\/1287"}],"wp:featuredmedia":[{"embeddable":true,"href":"https:\/\/izvak.org\/index.php\/wp-json\/wp\/v2\/media\/1286"}],"wp:attachment":[{"href":"https:\/\/izvak.org\/index.php\/wp-json\/wp\/v2\/media?parent=1285"}],"wp:term":[{"taxonomy":"category","embeddable":true,"href":"https:\/\/izvak.org\/index.php\/wp-json\/wp\/v2\/categories?post=1285"},{"taxonomy":"post_tag","embeddable":true,"href":"https:\/\/izvak.org\/index.php\/wp-json\/wp\/v2\/tags?post=1285"}],"curies":[{"name":"wp","href":"https:\/\/api.w.org\/{rel}","templated":true}]}}