{"id":1300,"date":"2017-11-28T18:37:00","date_gmt":"2017-11-28T18:37:00","guid":{"rendered":"https:\/\/izvak.org\/?p=1300"},"modified":"2024-12-12T18:46:20","modified_gmt":"2024-12-12T18:46:20","slug":"medyamiza-bilgilendirme-toplantisi","status":"publish","type":"post","link":"https:\/\/izvak.org\/index.php\/2017\/11\/28\/medyamiza-bilgilendirme-toplantisi\/","title":{"rendered":"MEDYAMIZA B\u0130LG\u0130LEND\u0130RME TOPLANTISI"},"content":{"rendered":"\n<p>AL\u0130 Erten Ba\u015fkanl\u0131\u011f\u0131\u2019nda 17 ayl\u0131k hizmet s\u00fcresini geride b\u0131rakan \u0130zmir Spor Kul\u00fcpleri Birli\u011fi Vakf\u0131 (\u0130ZVAK), \u0130zmir\u2019in de\u011ferli spor medyas\u0131 temsilci ve muhabirleriyle bir araya geldi.<\/p>\n\n\n\n<p>Kordon\u2019daki vak\u0131f merkezimizde yap\u0131lan toplant\u0131ya Ba\u015fkan\u0131m\u0131z Erten\u2019in yan\u0131 s\u0131ra Y\u00f6netim Kurulu \u00dcyelerimiz Fatih Tanfer, \u0130rfan Erol, Suavi Yard\u0131mo\u011flu ve Ayda Ma\u00e7 kat\u0131l\u0131rken, T\u00fcrkiye Spor Yazarlar\u0131 Derne\u011fi \u0130zmir \u015eube Ba\u015fkan\u0131 Bahri Okumu\u015f ile y\u00f6netim kurulu \u00fcyeleri de haz\u0131r bulundu.<\/p>\n\n\n\n<p>Ba\u015fkan\u0131m\u0131z Ali Erten, g\u00f6reve gelir gelmez yeniden yap\u0131land\u0131rd\u0131klar\u0131 \u0130ZVAK\u2019\u0131n ge\u00e7en k\u0131sa s\u00fcrede \u0130zmir i\u00e7in \u00e7ok \u00f6nemli g\u00f6revler \u00fcstlendi\u011fini belirterek, \u201cKul\u00fcplerimizle ortak hareket etmek en \u00f6nemli hamlemizdi. Birliktelik sayesinde bug\u00fcn kul\u00fcplerimiz \u00fc\u00e7 modern stada sahip olacak\u201d dedi.<\/p>\n\n\n\n<p>Erten\u2019in toplant\u0131daki a\u00e7\u0131klamalar\u0131 \u015f\u00f6yle:<\/p>\n\n\n\n<p>KUL\u00dcPLER\u0130M\u0130Z , BU KENT\u0130N K\u00dcLT\u00dcR M\u0130RASLARIDIR\u2026<\/p>\n\n\n\n<p>\u0130ZVAK \u00e7at\u0131s\u0131 alt\u0131nda bulunan 9 kul\u00fcb\u00fcm\u00fcz\u00fcn 6\u2019s\u0131 ortalama 100 ya\u015f\u0131n\u0131 doldurmu\u015f veya doldurmak \u00fczere. Bu kul\u00fcplerimizi, spor kul\u00fcb\u00fc olma \u00f6zelliklerinin d\u0131\u015f\u0131nda bir nevi kent miras\u0131 olarak korumak ve ya\u015fatma sorumlulu\u011fumuz var. Bizi motive eden ve bu i\u015fte tutan en \u00f6nemli unsurlardan biri bu.<\/p>\n\n\n\n<p>\u0130ZVAK\u2019IN V\u0130ZYONUNU YEN\u0130LED\u0130K\u2026<\/p>\n\n\n\n<p>\u0130ZVAK, 1998 y\u0131l\u0131ndan bu yana kul\u00fcplerimize destek veriyor.Kurulu\u015f tarihinde T\u00fcrkiye de<br>bir ilk. \u00c7ok \u00f6nemli hizmetleri olmu\u015f.<\/p>\n\n\n\n<p>Kul\u00fcplerimizin se\u00e7ilmi\u015f ve sorumluluk alm\u0131\u015f y\u00f6netimlerinin isteklerine, ihtiya\u00e7lar\u0131na ve taleplerine g\u00f6re yerel ve merkezi y\u00f6netimlerimizle, ilgili t\u00fcm kurumlarla i\u015fbirli\u011fi yapmay\u0131, i\u015fbirli\u011fini geli\u015ftirmeyi,s\u00fcre\u00e7leri h\u0131zland\u0131rmay\u0131, \u00e7\u00f6zmeyi,konularla ilgili fikir ve proje geli\u015ftirmeyi, bu \u015fekilde \u015fehrimize, kul\u00fcplerimize, sporumuza ve topluma hizmet etmeyi ama\u00e7layan g\u00f6n\u00fcll\u00fc bir sivil toplum kurulu\u015fu.<\/p>\n\n\n\n<p>17 ay \u00f6nce hepsi birbirinden de\u011ferli kurucular\u0131m\u0131zla ve kul\u00fcplerimizle tek tek konu\u015farak bir vizyon yenilemesi yapt\u0131k. G\u00f6rev tan\u0131m\u0131m\u0131z\u0131 yeniledik.<br>Kul\u00fcplerimizin ihtiya\u00e7lar\u0131 do\u011frultusunda \u00f6nceliklerimizi yeniden belirledik.<\/p>\n\n\n\n<p>TES\u0130SLE\u015eMEYE ODAKLANDIK\u2026<br>Bu a\u015famadan sonra \u00f6zellikle tesisle\u015fme konusuna odakland\u0131k. \u00c7\u00fcnk\u00fc g\u00f6rd\u00fck ki ekonomik yap\u0131s\u0131 g\u00fc\u00e7l\u00fc olmayan, s\u00fcrd\u00fcr\u00fclebilir geliri olmayan kul\u00fcpler ayakta kalmakta zorlan\u0131yor. B\u00f6yle bir yap\u0131dan sportif ba\u015far\u0131 beklemek de zor.<\/p>\n\n\n\n<p>\u015eu anda e\u015f zamanl\u0131 olarak 3 stat in\u015faat\u0131 ba\u015flad\u0131. Bunun T\u00fcrkiye de ba\u015fka bir \u00f6rne\u011fi yok. Yerel y\u00f6netimin deste\u011fi ile ilerleyen Tire Stad\u0131 da bitmek \u00fczere.<\/p>\n\n\n\n<p>Spora yat\u0131r\u0131m yapan \u00e7ok de\u011ferli giri\u015fimcilerimiz, yat\u0131r\u0131mc\u0131lar\u0131m\u0131z var. \u0130\u015fini \u00e7ok \u00f6nemseyen \u00e7ok de\u011ferli y\u00f6neticilerimiz, ba\u015fkanlar\u0131m\u0131z var. Devletimizin de bu konuda b\u00fcy\u00fck bir \u00e7abas\u0131 ve kararl\u0131l\u0131\u011f\u0131 var.<br>Ancak i\u015fe ba\u015flama ve proje s\u00fcre\u00e7leri maalesef \u00e7ok yava\u015f ilerliyorsa da sab\u0131rla ve inan\u00e7la b\u00fct\u00fcn engeller a\u015f\u0131l\u0131yor\u2026<\/p>\n\n\n\n<p>2017 DE \u0130K\u0130 \u015eAMP\u0130YON S\u0130NERJ\u0130 YARATTI\u2026<\/p>\n\n\n\n<p>Sportif anlamda kul\u00fcplerimiz \u0130zmir\u2019de ger\u00e7ekten \u00f6nemli i\u015flere imza at\u0131yorlar.<br>Biliyorsunuz ge\u00e7en y\u0131l iki \u015fampiyon \u00e7\u0131kt\u0131 \u0130zmir\u2019den. Bu durum ger\u00e7ekten kul\u00fcplerde ve camialarda b\u00fcy\u00fck bir sinerji yaratt\u0131.<\/p>\n\n\n\n<p>NELER YAPIYORUZ ?\u2026<\/p>\n\n\n\n<p>\u0130ZVAK y\u00f6netimi olarak b\u00fct\u00fcn kul\u00fcplerimizle , y\u00f6netim erkiyle, b\u00fcrokrasi ile tam i\u015fbirli\u011fi halinde, planl\u0131 programl\u0131 ve sistematik bir \u015fekilde \u00e7al\u0131\u015f\u0131yoruz.<br>Ak\u0131ll\u0131 mant\u0131kl\u0131 her projeyi ilgililerle, merkezi ve yerel y\u00f6netimlerle konu\u015fabilme ola\u011fan\u0131m\u0131z var.<br>Bu \u015fekilde, se\u00e7ilmi\u015f ve sorumluluk alm\u0131\u015f kul\u00fcp y\u00f6netimlerimizin i\u015flerini kolayla\u015ft\u0131rmaya \u00e7al\u0131\u015f\u0131yoruz.<br>Onlar\u0131n yapt\u0131klar\u0131 g\u00f6reve b\u00fcy\u00fck sayg\u0131 duyuyoruz.Nelerle , ne zor \u015fartlarla m\u00fccadele ettiklerini \u00e7ok iyi biliyoruz.<\/p>\n\n\n\n<p>\u0130zmir olarak hayallerimiz ve hedeflerimiz var. Sporun, \u00f6zellikle futbolun \u015fehrin marka de\u011ferine, ekonomisine, tan\u0131n\u0131rl\u0131\u011f\u0131na ve geli\u015fmesine neler katabilece\u011finin fark\u0131nday\u0131z. Zaman\u0131m\u0131zda gen\u00e7 jenerasyon, baz\u0131 \u015fehirlerin adlar\u0131n\u0131, \u00f6nce futbol tak\u0131mlar\u0131n\u0131n ad\u0131 ile \u00f6\u011freniyor.<\/p>\n\n\n\n<p>Sorunlar\u0131m\u0131z yok mu, elbette var. Bazen \u00e7ok gereksiz yere enerjimizi bo\u015fa harc\u0131yoruz. Yeterince birbirimizi anlayam\u0131yoruz.<\/p>\n\n\n\n<p>M\u00fcmk\u00fcn oldu\u011funca k\u0131s\u0131r ve sonu\u00e7suz tart\u0131\u015fmalara girmeden sonu\u00e7 odakl\u0131 olmaya \u00f6zen g\u00f6steriyoruz. \u00c7o\u011fu zaman kulaklar\u0131m\u0131z\u0131 t\u0131kay\u0131p i\u015fimize bak\u0131yoruz. Bu konuda bizlere destek olan, yard\u0131mc\u0131 olan herkese te\u015fekk\u00fcr borcumuz var.<\/p>\n\n\n\n<p>Di\u011fer yandan 2017 y\u0131l\u0131 i\u00e7erisinde;<br>-Kul\u00fcplerimize maddi kaynak yaratma faaliyetlerimiz oldu. \u015eu anda 7 kul\u00fcb\u00fcm\u00fcz ayn\u0131 firman\u0131n, Folkart\u2019\u0131n g\u00f6\u011f\u00fcs reklam\u0131 ile ma\u00e7lara \u00e7\u0131k\u0131yor.<br>-\u0130zmir Ticaret Odas\u0131 Meclisi, Ege B\u00f6lgesi Sanayi Odas\u0131 Meclisi, \u0130zmir Ticaret Borsas\u0131 meclislerinde \u201cSpor Kul\u00fcplerinin Kent Ekonomisine ve Tan\u0131n\u0131rl\u0131\u011f\u0131na Katk\u0131s\u0131\u201d konu ba\u015fl\u0131klar\u0131 ile sunumlar\u0131m\u0131z oldu. Bu sunumlarda, kentin ticari organizasyonlar\u0131nda fark\u0131ndal\u0131k yaratmaya \u00e7al\u0131\u015ft\u0131k.<br>-Ayr\u0131ca kentimizin medya temsilcileri ile defalarca bir araya geldik.<br>-Kul\u00fcplerimizin de\u011ferli ba\u015fkanlar\u0131n\u0131n Say\u0131n Ba\u015fbakan\u0131m\u0131z ve Say\u0131n Spor Bakan\u0131m\u0131z ile bir araya gelmelerini sa\u011flad\u0131k. Sorun ve taleplerin birinci elde iletilmesini sa\u011flad\u0131k.<br>-\u00d6zellikle stat projelerinin birebir takibini yapt\u0131k ve s\u00fcrecin h\u0131zland\u0131r\u0131lmas\u0131n\u0131 sa\u011flad\u0131k<br>-Alsancak Stad\u0131 projesinin geli\u015ftirilmesinde ve Kar\u015f\u0131yaka Stad\u0131\u2019n\u0131n proje yenilenmesinde aktif g\u00f6rev ald\u0131k.<\/p>\n\n\n\n<p>TR\u0130B\u00dcNLERDE , DAHA FAZLA \u00c7OCUK VE BAYAN OLMALI\u2026<br>Kul\u00fcplerimiz ve taraftarlar\u0131m\u0131z stat yoksunlu\u011fu nedeni ile \u00e7ok \u00e7ile \u00e7ekti.<br>\u015eehir i\u00e7inde stat olur mu tart\u0131\u015fmas\u0131 ile y\u0131llar\u0131m\u0131z ge\u00e7irdik. Hi\u00e7bir bilimsel temeli olmayan \u00e7ok sa\u00e7ma bir tart\u0131\u015fmayd\u0131. Y\u00fcz y\u0131la yak\u0131nd\u0131r yerlerinde var olan 3 stad\u0131 ayn\u0131 yerlerinde yenileyebilmek i\u00e7in y\u0131llar\u0131m\u0131z\u0131 harcad\u0131k. Oysa d\u00fcnyan\u0131n en b\u00fcy\u00fck, en g\u00fczel statlar\u0131 \u015fehrin, hayat\u0131n i\u00e7indedir. Hem de \u00f6yle b\u00f6yle de\u011fil. Seksen, y\u00fczbin ki\u015filik statlar\u0131 kastediyorum.<\/p>\n\n\n\n<p>\u00c7\u00fcnk\u00fc statlar, sadece haftada bir kez 22 ki\u015finin futbol oynad\u0131\u011f\u0131 alanlar de\u011fildir, daha fazlas\u0131d\u0131r. Sosyalle\u015fme ve e\u011flence alanlar\u0131d\u0131r.Ailece keyif al\u0131nmas\u0131 gereken alanlar\u0131d\u0131r. \u0130zmir kul\u00fcpleri zaman geldi, i\u00e7 saha ma\u00e7lar\u0131 i\u00e7in bile deplasmana gittiler. Art\u0131k \u0130zmirli futbolseverler, modern statlar\u0131nda ma\u00e7 izlemenin keyfini yeniden ke\u015ffedecekler. Daha dazla bayan ve \u00e7ocu\u011fumuzu trib\u00fcnlerde g\u00f6rece\u011fimiz g\u00fcnlerin hayalini kuruyoruz.<\/p>\n\n\n\n<p>HEDEFLER\u0130M\u0130Z\u2026<\/p>\n\n\n\n<p>Kul\u00fcplerimiz ve taraftarlar\u0131m\u0131z stat yoksunlu\u011fu nedeni ile \u00e7ok \u00e7ile \u00e7ekti.<br>\u015eehir i\u00e7inde stat olur mu tart\u0131\u015fmas\u0131 ile y\u0131llar\u0131m\u0131z ge\u00e7irdik. Hi\u00e7bir bilimsel temeli olmayan \u00e7ok sa\u00e7ma bir tart\u0131\u015fmayd\u0131. Y\u00fcz y\u0131la yak\u0131nd\u0131r yerlerinde var olan 3 stad\u0131 ayn\u0131 yerlerinde yenileyebilmek i\u00e7in y\u0131llar\u0131m\u0131z\u0131 harcad\u0131k. Oysa d\u00fcnyan\u0131n en b\u00fcy\u00fck, en g\u00fczel statlar\u0131 \u015fehrin, hayat\u0131n i\u00e7indedir. Hem de \u00f6yle b\u00f6yle de\u011fil. Seksen, y\u00fczbin ki\u015filik statlar\u0131 kastediyorum.<\/p>\n\n\n\n<p>\u00c7\u00fcnk\u00fc statlar, sadece haftada bir kez 22 ki\u015finin futbol oynad\u0131\u011f\u0131 alanlar de\u011fildir, daha fazlas\u0131d\u0131r. Sosyalle\u015fme ve e\u011flence alanlar\u0131d\u0131r.Ailece keyif al\u0131nmas\u0131 gereken alanlar\u0131d\u0131r. \u0130zmir kul\u00fcpleri zaman geldi, i\u00e7 saha ma\u00e7lar\u0131 i\u00e7in bile deplasmana gittiler.<\/p>\n\n\n\n<p>Art\u0131k \u0130zmirli futbolseverler, modern statlar\u0131nda ma\u00e7 izlemenin keyfini yeniden ke\u015ffedecekler. Daha fazla bayan ve \u00e7ocu\u011fumuzu trib\u00fcnlerde g\u00f6rece\u011fimiz g\u00fcnlerin hayalini kuruyoruz.<\/p>\n\n\n\n<p>Bu nedenle en \u00f6ncelikli hedefimiz stat projelerini bitirmek.<br>Sonras\u0131nda Atat\u00fcrk Stad\u0131n\u0131n \u015fehir stad\u0131 olarak yeniden in\u015fa edilmesi i\u00e7in \u00e7al\u0131\u015fmak . Topyek\u00fcn \u0130zmir \u015fehri olarak bu sportif vizyonuna sahip \u00e7\u0131kmal\u0131y\u0131z.<\/p>\n\n\n\n<p>Stat projeleri ve altyap\u0131 yat\u0131r\u0131mlar\u0131 \u0130zmir futboluna \u00e7a\u011f atlatacak,kul\u00fcplerin ve \u015fehrin ekonomisine b\u00fcy\u00fck katk\u0131 sa\u011flayacak.En \u00f6nemlisi de di\u011fer \u015fehir kul\u00fcpleri ile \u0130zmir kul\u00fcpleri aras\u0131ndaki haks\u0131z rekabeti sonland\u0131racak.<\/p>\n\n\n\n<p>\u0130ZVAK olarak en \u00f6nemli i\u015flerimizden biri de kurumlar aras\u0131nda azami uzla\u015fma ko\u015fullar\u0131 i\u00e7erisinde hedef ve ama\u00e7 birli\u011fi sa\u011flamak.<\/p>\n\n\n\n<p>\u00d6n\u00fcm\u00fczdeki f\u0131rsatlar\u0131 ve potansiyeli iyi de\u011ferlendirip birka\u00e7 y\u0131l i\u00e7erisinde \u0130zmir\u2019i tesis cenneti haline getirmek elimizde. Bunu ba\u015farabiliriz. B\u00fct\u00fcn T\u00fcrkiye\u2019nin \u0130zmir\u2019de olanlar\u0131, olacaklar\u0131 iyi izlemelerini \u00f6neriyorum .<\/p>\n\n\n\n<p><\/p>\n","protected":false},"excerpt":{"rendered":"<p>AL\u0130 Erten Ba\u015fkanl\u0131\u011f\u0131\u2019nda 17 ayl\u0131k hizmet s\u00fcresini geride b\u0131rakan \u0130zmir Spor Kul\u00fcpleri Birli\u011fi Vakf\u0131 (\u0130ZVAK), \u0130zmir\u2019in de\u011ferli spor medyas\u0131 temsilci ve muhabirleriyle bir araya geldi. Kordon\u2019daki vak\u0131f merkezimizde yap\u0131lan toplant\u0131ya Ba\u015fkan\u0131m\u0131z Erten\u2019in yan\u0131 s\u0131ra Y\u00f6netim Kurulu \u00dcyelerimiz Fatih Tanfer, \u0130rfan Erol, Suavi Yard\u0131mo\u011flu ve Ayda Ma\u00e7 kat\u0131l\u0131rken, T\u00fcrkiye Spor Yazarlar\u0131 Derne\u011fi \u0130zmir \u015eube Ba\u015fkan\u0131 Bahri [&hellip;]<\/p>\n","protected":false},"author":2,"featured_media":1301,"comment_status":"open","ping_status":"open","sticky":false,"template":"","format":"standard","meta":{"_uag_custom_page_level_css":"","footnotes":""},"categories":[7],"tags":[],"class_list":["post-1300","post","type-post","status-publish","format-standard","has-post-thumbnail","hentry","category-haberler"],"uagb_featured_image_src":{"full":["https:\/\/izvak.org\/wp-content\/uploads\/2024\/12\/hb6de36.jpg",1200,630,false],"thumbnail":["https:\/\/izvak.org\/wp-content\/uploads\/2024\/12\/hb6de36-150x150.jpg",150,150,true],"medium":["https:\/\/izvak.org\/wp-content\/uploads\/2024\/12\/hb6de36-300x158.jpg",300,158,true],"medium_large":["https:\/\/izvak.org\/wp-content\/uploads\/2024\/12\/hb6de36-768x403.jpg",640,336,true],"large":["https:\/\/izvak.org\/wp-content\/uploads\/2024\/12\/hb6de36-1024x538.jpg",640,336,true],"1536x1536":["https:\/\/izvak.org\/wp-content\/uploads\/2024\/12\/hb6de36.jpg",1200,630,false],"2048x2048":["https:\/\/izvak.org\/wp-content\/uploads\/2024\/12\/hb6de36.jpg",1200,630,false]},"uagb_author_info":{"display_name":"izvak_haber","author_link":"https:\/\/izvak.org\/index.php\/author\/izvak_haber\/"},"uagb_comment_info":0,"uagb_excerpt":"AL\u0130 Erten Ba\u015fkanl\u0131\u011f\u0131\u2019nda 17 ayl\u0131k hizmet s\u00fcresini geride b\u0131rakan \u0130zmir Spor Kul\u00fcpleri Birli\u011fi Vakf\u0131 (\u0130ZVAK), \u0130zmir\u2019in de\u011ferli spor medyas\u0131 temsilci ve muhabirleriyle bir araya geldi. Kordon\u2019daki vak\u0131f merkezimizde yap\u0131lan toplant\u0131ya Ba\u015fkan\u0131m\u0131z Erten\u2019in yan\u0131 s\u0131ra Y\u00f6netim Kurulu \u00dcyelerimiz Fatih Tanfer, \u0130rfan Erol, Suavi Yard\u0131mo\u011flu ve Ayda Ma\u00e7 kat\u0131l\u0131rken, T\u00fcrkiye Spor Yazarlar\u0131 Derne\u011fi \u0130zmir \u015eube Ba\u015fkan\u0131 Bahri&hellip;","_links":{"self":[{"href":"https:\/\/izvak.org\/index.php\/wp-json\/wp\/v2\/posts\/1300","targetHints":{"allow":["GET"]}}],"collection":[{"href":"https:\/\/izvak.org\/index.php\/wp-json\/wp\/v2\/posts"}],"about":[{"href":"https:\/\/izvak.org\/index.php\/wp-json\/wp\/v2\/types\/post"}],"author":[{"embeddable":true,"href":"https:\/\/izvak.org\/index.php\/wp-json\/wp\/v2\/users\/2"}],"replies":[{"embeddable":true,"href":"https:\/\/izvak.org\/index.php\/wp-json\/wp\/v2\/comments?post=1300"}],"version-history":[{"count":1,"href":"https:\/\/izvak.org\/index.php\/wp-json\/wp\/v2\/posts\/1300\/revisions"}],"predecessor-version":[{"id":1302,"href":"https:\/\/izvak.org\/index.php\/wp-json\/wp\/v2\/posts\/1300\/revisions\/1302"}],"wp:featuredmedia":[{"embeddable":true,"href":"https:\/\/izvak.org\/index.php\/wp-json\/wp\/v2\/media\/1301"}],"wp:attachment":[{"href":"https:\/\/izvak.org\/index.php\/wp-json\/wp\/v2\/media?parent=1300"}],"wp:term":[{"taxonomy":"category","embeddable":true,"href":"https:\/\/izvak.org\/index.php\/wp-json\/wp\/v2\/categories?post=1300"},{"taxonomy":"post_tag","embeddable":true,"href":"https:\/\/izvak.org\/index.php\/wp-json\/wp\/v2\/tags?post=1300"}],"curies":[{"name":"wp","href":"https:\/\/api.w.org\/{rel}","templated":true}]}}