{"id":1321,"date":"2019-02-22T19:24:00","date_gmt":"2019-02-22T19:24:00","guid":{"rendered":"https:\/\/izvak.org\/?p=1321"},"modified":"2024-12-12T19:29:03","modified_gmt":"2024-12-12T19:29:03","slug":"tsyd-egede-yilin-spor-odulleri","status":"publish","type":"post","link":"https:\/\/izvak.org\/index.php\/2019\/02\/22\/tsyd-egede-yilin-spor-odulleri\/","title":{"rendered":"TSYD&#8217; EGE&#8217;DE YILIN SPOR \u00d6D\u00dcLLER\u0130"},"content":{"rendered":"\n<p>T\u00dcRK\u0130YE Spor Yazarlar\u0131 Derne\u011fi (TSYD) \u0130zmir \u015eubesince 7. kez d\u00fczenlenen TSYD Ege\u2019de Y\u0131l\u0131n Spor \u00d6d\u00fclleri, B\u00fcy\u00fck\u015fehir Belediyesi Tarihi Havagaz\u0131 Fabrikas\u0131\u2019nda d\u00fczenlenen t\u00f6renle sahiplerine verildi.<\/p>\n\n\n\n<p>\u0130zmir Spor Kul\u00fcpleri Birli\u011fi Vakf\u0131 (\u0130ZVAK) Y\u00f6netim Kurulu ad\u0131na ba\u015fkan\u0131 Ali Erten\u2019e \u0130zmir Sporuna Katk\u0131 \u00f6d\u00fcl\u00fcn\u00fc TSYD \u0130zmir Ba\u015fkan\u0131 Bahri Okumu\u015f verdi.<\/p>\n\n\n\n<p>TSYD \u0130zmir \u015eube Ba\u015fkan\u0131 Bahri Okumu\u015f, yapt\u0131\u011f\u0131 a\u00e7\u0131l\u0131\u015f konu\u015fmas\u0131nda, \u00fclkedeki futbol odakl\u0131 spor g\u00fcndeminin k\u0131s\u0131r tart\u0131\u015fmalar\u0131 aras\u0131nda, uluslararas\u0131 sahada \u00e7ok \u00f6nemli ba\u015far\u0131lar elde eden gen\u00e7 sporcular\u0131n \u00f6n planda yer alamamas\u0131ndan \u00fcz\u00fcnt\u00fc duyduklar\u0131n\u0131 belirtti.<\/p>\n\n\n\n<p>Yaln\u0131zca Ege\u2019nin de\u011fil T\u00fcrkiye\u2019nin y\u00fcz ak\u0131 olmu\u015f \u00e7e\u015fitli bran\u015flardaki bu gen\u00e7 sporcular\u0131 bir nebze de olsa motive etmeyi ama\u00e7lad\u0131klar\u0131n\u0131 kaydeden Okumu\u015f, 7\u2019nci defa d\u00fczenledikleri organizasyonun, her y\u0131l sayg\u0131nl\u0131\u011f\u0131n\u0131n artt\u0131\u011f\u0131n\u0131 ve gelenekselle\u015fme yolunda ilerledi\u011fini s\u00f6yledi.<\/p>\n\n\n\n<p>\u0130zmir Sporuna Katk\u0131 \u00f6d\u00fcl\u00fcn\u00fcn verildi\u011fi \u0130ZVAK\u2019\u0131n y\u00f6netim kurulu ba\u015fkan\u0131 Ali Erten de 100 y\u0131ll\u0131k ge\u00e7mi\u015fe sahip spor kul\u00fcplerini kentin en de\u011ferli markalar\u0131 aras\u0131nda g\u00f6rd\u00fcklerini, statlar\u0131n in\u015fas\u0131 ve spor turizminin geli\u015fmesi amac\u0131yla y\u00f6netim kurulu \u00fcyeleriyle birlikte g\u00f6n\u00fcll\u00fcl\u00fck esas\u0131yla \u00e7al\u0131\u015ft\u0131klar\u0131n\u0131 anlatt\u0131.<\/p>\n\n\n\n<p><\/p>\n","protected":false},"excerpt":{"rendered":"<p>T\u00dcRK\u0130YE Spor Yazarlar\u0131 Derne\u011fi (TSYD) \u0130zmir \u015eubesince 7. kez d\u00fczenlenen TSYD Ege\u2019de Y\u0131l\u0131n Spor \u00d6d\u00fclleri, B\u00fcy\u00fck\u015fehir Belediyesi Tarihi Havagaz\u0131 Fabrikas\u0131\u2019nda d\u00fczenlenen t\u00f6renle sahiplerine verildi. \u0130zmir Spor Kul\u00fcpleri Birli\u011fi Vakf\u0131 (\u0130ZVAK) Y\u00f6netim Kurulu ad\u0131na ba\u015fkan\u0131 Ali Erten\u2019e \u0130zmir Sporuna Katk\u0131 \u00f6d\u00fcl\u00fcn\u00fc TSYD \u0130zmir Ba\u015fkan\u0131 Bahri Okumu\u015f verdi. TSYD \u0130zmir \u015eube Ba\u015fkan\u0131 Bahri Okumu\u015f, yapt\u0131\u011f\u0131 a\u00e7\u0131l\u0131\u015f konu\u015fmas\u0131nda, [&hellip;]<\/p>\n","protected":false},"author":2,"featured_media":1322,"comment_status":"open","ping_status":"open","sticky":false,"template":"","format":"standard","meta":{"_uag_custom_page_level_css":"","footnotes":""},"categories":[7],"tags":[],"class_list":["post-1321","post","type-post","status-publish","format-standard","has-post-thumbnail","hentry","category-haberler"],"uagb_featured_image_src":{"full":["https:\/\/izvak.org\/wp-content\/uploads\/2024\/12\/TSYD-LOGO.jpg",1024,768,false],"thumbnail":["https:\/\/izvak.org\/wp-content\/uploads\/2024\/12\/TSYD-LOGO-150x150.jpg",150,150,true],"medium":["https:\/\/izvak.org\/wp-content\/uploads\/2024\/12\/TSYD-LOGO-300x225.jpg",300,225,true],"medium_large":["https:\/\/izvak.org\/wp-content\/uploads\/2024\/12\/TSYD-LOGO-768x576.jpg",640,480,true],"large":["https:\/\/izvak.org\/wp-content\/uploads\/2024\/12\/TSYD-LOGO.jpg",640,480,false],"1536x1536":["https:\/\/izvak.org\/wp-content\/uploads\/2024\/12\/TSYD-LOGO.jpg",1024,768,false],"2048x2048":["https:\/\/izvak.org\/wp-content\/uploads\/2024\/12\/TSYD-LOGO.jpg",1024,768,false]},"uagb_author_info":{"display_name":"izvak_haber","author_link":"https:\/\/izvak.org\/index.php\/author\/izvak_haber\/"},"uagb_comment_info":0,"uagb_excerpt":"T\u00dcRK\u0130YE Spor Yazarlar\u0131 Derne\u011fi (TSYD) \u0130zmir \u015eubesince 7. kez d\u00fczenlenen TSYD Ege\u2019de Y\u0131l\u0131n Spor \u00d6d\u00fclleri, B\u00fcy\u00fck\u015fehir Belediyesi Tarihi Havagaz\u0131 Fabrikas\u0131\u2019nda d\u00fczenlenen t\u00f6renle sahiplerine verildi. \u0130zmir Spor Kul\u00fcpleri Birli\u011fi Vakf\u0131 (\u0130ZVAK) Y\u00f6netim Kurulu ad\u0131na ba\u015fkan\u0131 Ali Erten\u2019e \u0130zmir Sporuna Katk\u0131 \u00f6d\u00fcl\u00fcn\u00fc TSYD \u0130zmir Ba\u015fkan\u0131 Bahri Okumu\u015f verdi. TSYD \u0130zmir \u015eube Ba\u015fkan\u0131 Bahri Okumu\u015f, yapt\u0131\u011f\u0131 a\u00e7\u0131l\u0131\u015f konu\u015fmas\u0131nda,&hellip;","_links":{"self":[{"href":"https:\/\/izvak.org\/index.php\/wp-json\/wp\/v2\/posts\/1321","targetHints":{"allow":["GET"]}}],"collection":[{"href":"https:\/\/izvak.org\/index.php\/wp-json\/wp\/v2\/posts"}],"about":[{"href":"https:\/\/izvak.org\/index.php\/wp-json\/wp\/v2\/types\/post"}],"author":[{"embeddable":true,"href":"https:\/\/izvak.org\/index.php\/wp-json\/wp\/v2\/users\/2"}],"replies":[{"embeddable":true,"href":"https:\/\/izvak.org\/index.php\/wp-json\/wp\/v2\/comments?post=1321"}],"version-history":[{"count":1,"href":"https:\/\/izvak.org\/index.php\/wp-json\/wp\/v2\/posts\/1321\/revisions"}],"predecessor-version":[{"id":1323,"href":"https:\/\/izvak.org\/index.php\/wp-json\/wp\/v2\/posts\/1321\/revisions\/1323"}],"wp:featuredmedia":[{"embeddable":true,"href":"https:\/\/izvak.org\/index.php\/wp-json\/wp\/v2\/media\/1322"}],"wp:attachment":[{"href":"https:\/\/izvak.org\/index.php\/wp-json\/wp\/v2\/media?parent=1321"}],"wp:term":[{"taxonomy":"category","embeddable":true,"href":"https:\/\/izvak.org\/index.php\/wp-json\/wp\/v2\/categories?post=1321"},{"taxonomy":"post_tag","embeddable":true,"href":"https:\/\/izvak.org\/index.php\/wp-json\/wp\/v2\/tags?post=1321"}],"curies":[{"name":"wp","href":"https:\/\/api.w.org\/{rel}","templated":true}]}}