{"id":1326,"date":"2019-03-25T19:31:00","date_gmt":"2019-03-25T19:31:00","guid":{"rendered":"https:\/\/izvak.org\/?p=1326"},"modified":"2024-12-12T19:38:55","modified_gmt":"2024-12-12T19:38:55","slug":"izmir-spor-kulupleri-ortak-bildirgesi-imzalandi","status":"publish","type":"post","link":"https:\/\/izvak.org\/index.php\/2019\/03\/25\/izmir-spor-kulupleri-ortak-bildirgesi-imzalandi\/","title":{"rendered":"\u0130ZM\u0130R SPOR KUL\u00dcPLER\u0130 ORTAK B\u0130LD\u0130RGES\u0130 \u0130MZALANDI"},"content":{"rendered":"\n<p>\u0130zmir Spor Kul\u00fcpleri Birli\u011fi Vakf\u0131 \u0130ZVAK \u00e7at\u0131s\u0131 alt\u0131nda 6 \u0130zmir kul\u00fcb\u00fcn\u00fcn kat\u0131l\u0131m\u0131yla ortak bir bildiri imzaland\u0131. D\u00fczenlenen imza t\u00f6renine \u0130ZVAK Ba\u015fkan\u0131 Ali Erten, G\u00f6ztepe Ba\u015fkan\u0131 Mehmet Sepil, Altay Ba\u015fkan\u0131 \u00d6zg\u00fcr Ekmek\u00e7io\u011flu, Alt\u0131nordu \u0130cra Kurulu Ba\u015fkan\u0131 Bar\u0131\u015f Orhunbilge, Kar\u015f\u0131yaka Ba\u015fkan\u0131 Turgay B\u00fcy\u00fckkarc\u0131, Bucaspor Ba\u015fkan\u0131 Cihan Akta\u015f, , \u0130zmirspor Ba\u015fkan\u0131 Mustafa G\u00fcrkan kat\u0131ld\u0131.&nbsp;<br>\u0130zmir&#8217;in spor kul\u00fcpleri olarak g\u00fc\u00e7 birli\u011fi ve i\u015f birli\u011fi yapma karar\u0131 ald\u0131klar\u0131n\u0131 bildiren \u0130ZVAK Ba\u015fkan\u0131 Ali Erten, en yak\u0131n zamanda merkezi ve yerel y\u00f6netimle birlikte bir &#8220;spor \u015furas\u0131&#8221; toplanmas\u0131 gerekti\u011fini ve \u015fehrin t\u00fcm dinamiklerinin kat\u0131l\u0131m\u0131yla &#8220;spor anayasas\u0131&#8221; olu\u015fturulmas\u0131n\u0131 istedi. Belediyelerin kul\u00fcplere destek olmas\u0131 gerekti\u011finin alt\u0131n\u0131 \u00e7izen Erten, \u201cStatlar\u0131m\u0131z, sportif ve ekonomik ba\u015far\u0131m\u0131z\u0131n anahtarlar\u0131d\u0131r. B\u00fct\u00fcn d\u00fcnya \u00f6rneklerinde oldu\u011fu gibi statlar\u0131n \u015fehir i\u00e7inde, \u015fehre ve kul\u00fcplerimize de\u011fer katacak yap\u0131lar olarak de\u011ferlendirilmesini, bu konuda ge\u00e7mi\u015f d\u00f6nemlerde ya\u015fanan gecikmelere ve dolay\u0131s\u0131yla b\u00fcy\u00fck ekonomik kay\u0131plara yol a\u00e7an fikir ayr\u0131l\u0131klar\u0131n\u0131n art\u0131k g\u00fcndemden kalkmas\u0131n\u0131, s\u00f6ylem ve hedef birli\u011fi olu\u015fturulmas\u0131n\u0131 istiyoruz.&#8221; dedi.<br><br>\u201c\u0130ZM\u0130R HAK ETT\u0130\u011e\u0130 YERDE DE\u011e\u0130L\u201d<br>G\u00f6ztepe Ba\u015fkan\u0131 Mehmet Sepil, \u0130zmir\u2019in sporda hak etti\u011fi yerde olmad\u0131\u011f\u0131n\u0131 s\u00f6yledi. Sepil, \u201cSpora uygun olan \u015fehrimiz bug\u00fcn hala yeterli ba\u015far\u0131ya sahip de\u011fil. \u015eehir olarak sporda bug\u00fcn oldu\u011fundan daha aktif olmak istiyoruz. Yeni gelecek olan belediye ba\u015fkan adaylar\u0131n\u0131n parti fark etmeksizin kul\u00fcplere destek olmas\u0131 gerekiyor. Biz t\u00fcm \u0130zmir kul\u00fcpleri olarak birlikteyiz\u201d dedi.<br>\u0130mzalanan bu bildiriyle birlikte \u0130zmir kul\u00fcplerinin sesinin daha g\u00fcr \u00e7\u0131kaca\u011f\u0131n\u0131n alt\u0131n\u0131 \u00e7izen Kar\u015f\u0131yaka Ba\u015fkan\u0131 Turgay B\u00fcy\u00fckkarc\u0131, \u201c\u0130zmir\u2019e tesis yetersizli\u011finden olay\u0131 uluslararas\u0131 spor organizasyonlar\u0131 alam\u0131yoruz. Bu tarz organizasyonlar alamad\u0131\u011f\u0131m\u0131z i\u00e7in \u015fehrin spor ekonomisi de geli\u015fmiyor. Birle\u015fmenin en b\u00fcy\u00fck nedenlerinden biri sesimizi daha g\u00fcr duyurmak\u201d ifadelerini kulland\u0131.<br>\u0130zmir\u2019in spor alan\u0131nda geride kald\u0131\u011f\u0131n\u0131 belirten Altay Ba\u015fkan\u0131 \u00d6zg\u00fcr Ekmek\u00e7io\u011flu, \u201c\u00dclkemizin incisi \u0130zmir ne yaz\u0131k ki spor alan\u0131nda geride kal\u0131yor. Tesis eksikliklerimiz var. Di\u011fer illerin tak\u0131mlar\u0131yla rekabet konusunda eksiklikler yaz\u0131yoruz. Bu sorunlar\u0131 birlik olarak a\u015faca\u011f\u0131z\u201d diye konu\u015ftu. Alt\u0131nordu \u0130cra Kurulu Ba\u015fkan\u0131 Bar\u0131\u015f Orhunbilge, Bucaspor Ba\u015fkan\u0131 Cihan Akta\u015f ve \u0130zmirspor Ba\u015fkan\u0131 Mustafa G\u00fcrkan da imzalanan bildirinin \u0130zmir futboluna yarar getirece\u011fini s\u00f6yledi.<\/p>\n\n\n\n<p>6 \u0130ZM\u0130R KUL\u00dcB\u00dcNCE \u0130MZA ALTINA ALINAN ORTAK B\u0130LD\u0130RGE \u015eU \u015eEK\u0130LDE :<br><br>\u0130ZM\u0130R SPOR KUL\u00dcPLER\u0130 ORTAK B\u0130LD\u0130RGES\u0130<\/p>\n\n\n\n<p>\u0130zmir\u2019in spor kul\u00fcpleri kentimizin en \u00f6nemli markalar\u0131d\u0131r. Gerek sportif birikimleri, kurulu\u015f hikayeleri, \u015fanl\u0131 tarihleri ve ortalama y\u00fcz y\u0131la dayanan k\u00f6kl\u00fc ge\u00e7mi\u015fleri ile, Spor Kul\u00fcb\u00fc kimlikleri d\u0131\u015f\u0131nda ayn\u0131 zamanda en \u00f6nemli \u201cKent Miraslar\u0131\u201dm\u0131zd\u0131r. Bu miras\u0131 korumak ve geli\u015ftirerek gelecek nesillere aktarmak sorumlulu\u011fumuz bulunmaktad\u0131r. Ancak bu sorumluluk ve g\u00f6rev; biz spor kul\u00fcplerinin y\u00f6neticileri d\u0131\u015f\u0131nda ayn\u0131 zamanda yerel ve merkezi y\u00f6netim temsilcilerinin, meslek \u00f6rg\u00fctlerinin ve t\u00fcm kent dinamiklerinin g\u00f6revi olmas\u0131 gerekti\u011fine dikkat \u00e7ekmek istiyoruz.<\/p>\n\n\n\n<p>G\u00fcn\u00fcm\u00fczde gen\u00e7 jenerasyonumuz, baz\u0131 kentlerin isimlerini, \u00f6nce o kentlerin spor kul\u00fcplerinin ad\u0131yla \u00f6\u011frenmektedir. \u00dclkelerle birlikte kentlerin de marka olarak \u00f6n plana \u00e7\u0131kt\u0131\u011f\u0131 g\u00fcn\u00fcm\u00fczde, spor kul\u00fcplerinin, kentlerin bilinirli\u011fine, marka de\u011ferine ve ekonomisine verdikleri b\u00fcy\u00fck katk\u0131, bir d\u00fcnya ger\u00e7e\u011fi olarak \u00f6n\u00fcm\u00fczdedir.<\/p>\n\n\n\n<p>\u0130zmir\u2019in Spor Kul\u00fcpleri; ekonomik yap\u0131lar\u0131n\u0131n desteklenmesi, tesis yat\u0131r\u0131mlar\u0131n\u0131n geli\u015ftirilmesi ve tamamlanmas\u0131 ve \u015fehir dinamiklerinin deste\u011fi a\u00e7\u0131s\u0131ndan di\u011fer \u015fehir kul\u00fcpleri ile k\u0131yaslanmayacak seviyede geri kalm\u0131\u015ft\u0131r. \u0130zmir\u2019deki spor kul\u00fcb\u00fc zenginli\u011fi, \u015fehir dinamiklerinin deste\u011fi noktas\u0131nda bir negatif gerek\u00e7e durumuna getirilmi\u015f,&nbsp;\u201cSize destek olursam herkese olmam gerekir\u201d s\u00f6ylemiyle verilen destekler hep s\u0131n\u0131rl\u0131 kalm\u0131\u015ft\u0131r. G\u00fcncel durumda, di\u011fer \u015fehir tak\u0131mlar\u0131yla olan rekabetlerimiz \u201chaks\u0131z rekabet\u201d boyutunu bile a\u015fm\u0131\u015ft\u0131r. Kul\u00fcplerimiz, y\u00f6neticilerinin ve camialar\u0131n bireysel fedakarl\u0131klar\u0131 ile ayakta kalma m\u00fccadelesi vermektedirler.<\/p>\n\n\n\n<p>\u0130zmir\u2019in Spor Kul\u00fcpleri olarak bizler, yeni ve daha kolektif bir anlay\u0131\u015fla g\u00fc\u00e7 birli\u011fi ve i\u015f birli\u011fi yapma karar\u0131 ald\u0131\u011f\u0131m\u0131z\u0131 kamuoyumuzla payla\u015f\u0131yoruz.<\/p>\n\n\n\n<p>1. En yak\u0131n zamanda, gerek merkezi ve gerekse yerel y\u00f6netim erkini temsil eden t\u00fcm payda\u015flarla konuyu de\u011ferlendirmek \u00fczere, bir \u201cSpor \u015e\u00fcras\u0131\u201d toplanmas\u0131n\u0131, kentimizin ve kul\u00fcplerimizin desteklenmesi anlam\u0131nda, \u015fehrin t\u00fcm dinamiklerinin destekledi\u011fi ve sahiplendi\u011fi bir \u201cSpor Anayasas\u0131\u201d olu\u015fturulmas\u0131n\u0131,<\/p>\n\n\n\n<p>2. Belediye Spor Kul\u00fcplerinin, kendi spor kul\u00fcplerimizle rekabet eden de\u011fil, onlar\u0131 destekleyen bir yap\u0131ya kavu\u015fturulmalar\u0131n\u0131, rekabet edilen alanlar\u0131 kul\u00fcplerimize terk ve devir etmelerini, bu \u015fekilde maddi kaynaklar\u0131n ve insan kayna\u011f\u0131n\u0131n daha verimli kullan\u0131lmas\u0131n\u0131n sa\u011flanmas\u0131n\u0131,<\/p>\n\n\n\n<p>3. Statlar\u0131m\u0131z, sportif ve ekonomik ba\u015far\u0131m\u0131z\u0131n anahtarlar\u0131d\u0131r. B\u00fct\u00fcn d\u00fcnya \u00f6rneklerinde oldu\u011fu gibi, statlar\u0131n \u015fehir i\u00e7inde, \u015fehre ve kul\u00fcplerimize de\u011fer katacak yap\u0131lar olarak de\u011ferlendirilmesini, bu konuda ge\u00e7mi\u015f d\u00f6nemlerde ya\u015fanan, gecikmelere ve dolay\u0131s\u0131 ile b\u00fcy\u00fck ekonomik kay\u0131plara yol a\u00e7an fikir ayr\u0131l\u0131klar\u0131n\u0131n art\u0131k g\u00fcndemden kalkmas\u0131n\u0131, s\u00f6ylem ve hedef birli\u011fi olu\u015fturulmas\u0131n\u0131,<\/p>\n\n\n\n<p>4. \u0130ZVAK-\u0130zmir Spor Kul\u00fcpleri Birli\u011fi Vakf\u0131\u2019n\u0131 ortak kurulu\u015fumuz olarak g\u00f6r\u00fcyor, misyonunu \u00f6nemli buluyor ve destekliyoruz. Bu misyona uygun olarak, \u0130ZVAK arac\u0131l\u0131\u011f\u0131 ile kul\u00fcplerimiz i\u00e7in kal\u0131c\u0131, s\u00fcrd\u00fcr\u00fclebilir ve kul\u00fcplerimiz aras\u0131nda adil b\u00f6l\u00fc\u015f\u00fclen ekonomik kaynaklar yarat\u0131lmas\u0131n\u0131, y\u00fcr\u00fct\u00fclen tesisle\u015fme ve yeni proje geli\u015ftirme \u00e7al\u0131\u015fmalar\u0131n\u0131n desteklenmesini istiyoruz.<\/p>\n\n\n\n<p>Bu konulardaki kararl\u0131l\u0131\u011f\u0131m\u0131z\u0131n g\u00f6stergesi olarak;<br>Saha d\u0131\u015f\u0131nda \u00e7ok daha fazla bir arada olaca\u011f\u0131z, birbirimize her anlamda destek olaca\u011f\u0131z.<br>\u0130zmir\u2019in gelene\u011finde, ya\u015fam ve spor k\u00fclt\u00fcr\u00fcnde var olan centilmenlik ve ho\u015fg\u00f6r\u00fc ile taraftarlar\u0131m\u0131z aras\u0131nda k\u00f6pr\u00fc olaca\u011f\u0131z.<br>\u015eehrimizde bu konuda uygun iklimin olu\u015fmas\u0131 ad\u0131na, kul\u00fcp ba\u015fkanlar\u0131 olarak, sahada sportif anlamda rekabet ederken, \u00fclkemize ve t\u00fcm spor camias\u0131na \u00f6rnek olacak \u015fekilde saha d\u0131\u015f\u0131nda her alanda i\u015f birli\u011fi ve g\u00fc\u00e7 birli\u011fi yapaca\u011f\u0131z.<br>Kamuoyumuzla sayg\u0131yla payla\u015f\u0131r\u0131z. 25.03.2019<\/p>\n\n\n\n<p><\/p>\n","protected":false},"excerpt":{"rendered":"<p>\u0130zmir Spor Kul\u00fcpleri Birli\u011fi Vakf\u0131 \u0130ZVAK \u00e7at\u0131s\u0131 alt\u0131nda 6 \u0130zmir kul\u00fcb\u00fcn\u00fcn kat\u0131l\u0131m\u0131yla ortak bir bildiri imzaland\u0131. D\u00fczenlenen imza t\u00f6renine \u0130ZVAK Ba\u015fkan\u0131 Ali Erten, G\u00f6ztepe Ba\u015fkan\u0131 Mehmet Sepil, Altay Ba\u015fkan\u0131 \u00d6zg\u00fcr Ekmek\u00e7io\u011flu, Alt\u0131nordu \u0130cra Kurulu Ba\u015fkan\u0131 Bar\u0131\u015f Orhunbilge, Kar\u015f\u0131yaka Ba\u015fkan\u0131 Turgay B\u00fcy\u00fckkarc\u0131, Bucaspor Ba\u015fkan\u0131 Cihan Akta\u015f, , \u0130zmirspor Ba\u015fkan\u0131 Mustafa G\u00fcrkan kat\u0131ld\u0131.&nbsp;\u0130zmir&#8217;in spor kul\u00fcpleri olarak g\u00fc\u00e7 [&hellip;]<\/p>\n","protected":false},"author":2,"featured_media":1060,"comment_status":"open","ping_status":"open","sticky":false,"template":"","format":"standard","meta":{"_uag_custom_page_level_css":"","footnotes":""},"categories":[7],"tags":[],"class_list":["post-1326","post","type-post","status-publish","format-standard","has-post-thumbnail","hentry","category-haberler"],"uagb_featured_image_src":{"full":["https:\/\/izvak.org\/wp-content\/uploads\/2024\/12\/hb694c9.jpg",800,600,false],"thumbnail":["https:\/\/izvak.org\/wp-content\/uploads\/2024\/12\/hb694c9-150x150.jpg",150,150,true],"medium":["https:\/\/izvak.org\/wp-content\/uploads\/2024\/12\/hb694c9-300x225.jpg",300,225,true],"medium_large":["https:\/\/izvak.org\/wp-content\/uploads\/2024\/12\/hb694c9-768x576.jpg",640,480,true],"large":["https:\/\/izvak.org\/wp-content\/uploads\/2024\/12\/hb694c9.jpg",640,480,false],"1536x1536":["https:\/\/izvak.org\/wp-content\/uploads\/2024\/12\/hb694c9.jpg",800,600,false],"2048x2048":["https:\/\/izvak.org\/wp-content\/uploads\/2024\/12\/hb694c9.jpg",800,600,false]},"uagb_author_info":{"display_name":"izvak_haber","author_link":"https:\/\/izvak.org\/index.php\/author\/izvak_haber\/"},"uagb_comment_info":0,"uagb_excerpt":"\u0130zmir Spor Kul\u00fcpleri Birli\u011fi Vakf\u0131 \u0130ZVAK \u00e7at\u0131s\u0131 alt\u0131nda 6 \u0130zmir kul\u00fcb\u00fcn\u00fcn kat\u0131l\u0131m\u0131yla ortak bir bildiri imzaland\u0131. D\u00fczenlenen imza t\u00f6renine \u0130ZVAK Ba\u015fkan\u0131 Ali Erten, G\u00f6ztepe Ba\u015fkan\u0131 Mehmet Sepil, Altay Ba\u015fkan\u0131 \u00d6zg\u00fcr Ekmek\u00e7io\u011flu, Alt\u0131nordu \u0130cra Kurulu Ba\u015fkan\u0131 Bar\u0131\u015f Orhunbilge, Kar\u015f\u0131yaka Ba\u015fkan\u0131 Turgay B\u00fcy\u00fckkarc\u0131, Bucaspor Ba\u015fkan\u0131 Cihan Akta\u015f, , \u0130zmirspor Ba\u015fkan\u0131 Mustafa G\u00fcrkan kat\u0131ld\u0131.&nbsp;\u0130zmir&#8217;in spor kul\u00fcpleri olarak g\u00fc\u00e7&hellip;","_links":{"self":[{"href":"https:\/\/izvak.org\/index.php\/wp-json\/wp\/v2\/posts\/1326","targetHints":{"allow":["GET"]}}],"collection":[{"href":"https:\/\/izvak.org\/index.php\/wp-json\/wp\/v2\/posts"}],"about":[{"href":"https:\/\/izvak.org\/index.php\/wp-json\/wp\/v2\/types\/post"}],"author":[{"embeddable":true,"href":"https:\/\/izvak.org\/index.php\/wp-json\/wp\/v2\/users\/2"}],"replies":[{"embeddable":true,"href":"https:\/\/izvak.org\/index.php\/wp-json\/wp\/v2\/comments?post=1326"}],"version-history":[{"count":1,"href":"https:\/\/izvak.org\/index.php\/wp-json\/wp\/v2\/posts\/1326\/revisions"}],"predecessor-version":[{"id":1327,"href":"https:\/\/izvak.org\/index.php\/wp-json\/wp\/v2\/posts\/1326\/revisions\/1327"}],"wp:featuredmedia":[{"embeddable":true,"href":"https:\/\/izvak.org\/index.php\/wp-json\/wp\/v2\/media\/1060"}],"wp:attachment":[{"href":"https:\/\/izvak.org\/index.php\/wp-json\/wp\/v2\/media?parent=1326"}],"wp:term":[{"taxonomy":"category","embeddable":true,"href":"https:\/\/izvak.org\/index.php\/wp-json\/wp\/v2\/categories?post=1326"},{"taxonomy":"post_tag","embeddable":true,"href":"https:\/\/izvak.org\/index.php\/wp-json\/wp\/v2\/tags?post=1326"}],"curies":[{"name":"wp","href":"https:\/\/api.w.org\/{rel}","templated":true}]}}