{"id":1363,"date":"2019-11-14T19:24:00","date_gmt":"2019-11-14T19:24:00","guid":{"rendered":"https:\/\/izvak.org\/?p=1363"},"modified":"2024-12-13T19:32:25","modified_gmt":"2024-12-13T19:32:25","slug":"kasapoglu-statlari-inceledi","status":"publish","type":"post","link":"https:\/\/izvak.org\/index.php\/2019\/11\/14\/kasapoglu-statlari-inceledi\/","title":{"rendered":"KASAPO\u011eLU STATLARI \u0130NCELED\u0130"},"content":{"rendered":"\n<p>GEN\u00c7L\u0130K ve Spor Bakan\u0131 Mehmet Muharrem Kasapo\u011flu, \u0130zmir&#8217;de yap\u0131m\u0131 devam eden Alsancak Stad\u0131 ile G\u00f6ztepe&#8217;nin stad\u0131 olan G\u00fcrsel Aksel Spor ve Sa\u011fl\u0131kl\u0131 Ya\u015fam Merkezi&#8217;nde incelemelerde bulundu, durumlar\u0131 hakk\u0131nda bilgi ald\u0131. Kasapo\u011flu&#8217;na, AK Parti Genel Ba\u015fkan Yard\u0131mc\u0131s\u0131 Hamza Da\u011f ile AK Parti \u0130zmir Milletvekilleri Binali Y\u0131ld\u0131r\u0131m, Alpay \u00d6zalan, Mahmut Atilla Kaya ve Ceyda B\u00f6l\u00fcnmez \u00c7ank\u0131r\u0131, \u0130ZVAK Ba\u015fkan\u0131m\u0131z Ali Erten, Altay Ba\u015fkan\u0131 \u00d6zg\u00fcr Ekmek\u00e7io\u011flu, Alt\u0131nordu \u0130cra Kurulu Ba\u015fkan\u0131 Bar\u0131\u015f Orhunbilge, G\u00f6ztepe Ba\u015fkan\u0131 Mehmet Sepil, Kar\u015f\u0131yaka Ba\u015fkan\u0131 Turgay B\u00fcy\u00fckkarc\u0131 da e\u015flik etti.<br>\u00a0<br>G\u00fcrsel Aksel Spor ve Sa\u011fl\u0131kl\u0131 Ya\u015fam Merkezi&#8217;nde a\u00e7\u0131klamalarda bulunan Kasapo\u011flu, 2002&#8217;den bu yana pek \u00e7ok alanda oldu\u011fu gibi sporda da \u00f6nemli yat\u0131r\u0131mlar yapt\u0131klar\u0131n\u0131 s\u00f6yledi. Futbol d\u0131\u015f\u0131ndaki bran\u015flarda da bir\u00e7ok tesisin T\u00fcrkiye&#8217;ye kazand\u0131r\u0131ld\u0131\u011f\u0131n\u0131 belirten Kasapo\u011flu, &#8220;D\u00fcnya ile rekabet edebilecek, tam donan\u0131ml\u0131 tesislerimiz var. Hamdolsun bu tesisle\u015fmeyi spordaki ba\u015far\u0131yla daha yukar\u0131lara ta\u015f\u0131yarak ta\u00e7land\u0131r\u0131yoruz&#8221; de\u011ferlendirmesinde bulundu.<br>Tesislerin kullan\u0131m\u0131n\u0131n her ge\u00e7en g\u00fcn artt\u0131\u011f\u0131na dikkati \u00e7eken Kasapo\u011flu, &#8220;\u0130n\u015fallah bug\u00fcn milli ma\u00e7\u0131m\u0131zda \u0130zlanda&#8217;y\u0131 yenerek, EURO 2020&#8217;ye hep birlikte kat\u0131lman\u0131n ba\u015far\u0131s\u0131n\u0131 kutlayaca\u011f\u0131z.&#8221; diye konu\u015ftu.<br>Bakan Kasapo\u011flu, Alsancak Stad\u0131&#8217;n\u0131n ard\u0131ndan G\u00fcrsel Aksel Spor ve Sa\u011fl\u0131kl\u0131 Ya\u015fam Merkezi&#8217;nin son durumu hakk\u0131nda bilgi ald\u0131\u011f\u0131n\u0131 belirterek, &#8220;Gerek G\u00f6ztepe gerek di\u011fer tak\u0131mlar\u0131m\u0131z \u00e7ok \u015fansl\u0131lar. Edindi\u011fimiz g\u00f6zlemler, statlar\u0131n in\u015faat\u0131n\u0131n h\u0131zl\u0131 bir \u015fekilde ilerledi\u011fi ve sona yakla\u015f\u0131ld\u0131\u011f\u0131. Bu anlamda \u0130zmir halk\u0131m\u0131za, \u0130zmirli sporseverlere hay\u0131rl\u0131 olsun diyorum.&#8221; ifadelerini kulland\u0131.<br>\u00a0<br>A\u00c7ILI\u015e, G\u00d6ZTEPE-BE\u015e\u0130KTA\u015e MA\u00c7INDA<br>AK Parti \u0130zmir Milletvekili Binali Y\u0131ld\u0131r\u0131m da G\u00f6ztepe&#8217;nin \u00f6nce S\u00fcper Lig&#8217;e, \u015fimdi de evine d\u00f6nd\u00fc\u011f\u00fcne dikkati \u00e7ekti. Kar\u015f\u0131yaka ve Atat\u00fcrk stadyumlar\u0131yla ilgili konularda da \u00e7al\u0131\u015fma yap\u0131laca\u011f\u0131n\u0131 kaydeden Y\u0131ld\u0131r\u0131m, \u0130zmir&#8217;de Cumhuriyet ile ya\u015f\u0131t, hatta \u00f6nce kurulan tak\u0131mlar bulundu\u011funa i\u015faret etti. Y\u0131ld\u0131r\u0131m, &#8220;Ge\u00e7mi\u015fte b\u00fcy\u00fck ba\u015far\u0131lara imza atm\u0131\u015flard\u0131r. Bug\u00fcn s\u00fcper \u015fehir \u0130zmir\u2019in S\u00fcper Lig&#8217;de temsilcisinin G\u00f6ztepe olmas\u0131 biz \u0130zmirlileri ziyadesiyle mutlu ediyor. Ba\u015fkana, teknik arkada\u015flara, futbolculara te\u015fekk\u00fcr ediyoruz.&#8221; diye konu\u015ftu.<br>Stad\u0131n yap\u0131m\u0131nda eme\u011fi ge\u00e7en herkese te\u015fekk\u00fcr eden Y\u0131ld\u0131r\u0131m, &#8220;Ocak ay\u0131n\u0131n 26&#8217;s\u0131nda S\u00fcper Lig&#8217;deki G\u00f6ztepe-Be\u015fikta\u015f ma\u00e7\u0131nda bulu\u015fmak \u00fczere. Hay\u0131rl\u0131 u\u011furlu olsun diyorum.&#8221; ifadelerini kulland\u0131.<br>A\u00e7\u0131klama sonras\u0131 Bakan Kasapo\u011flu ve Binali Y\u0131ld\u0131r\u0131m, stad\u0131n \u00e7at\u0131s\u0131ndaki y\u00fcr\u00fcy\u00fc\u015f parkurunu inceledi. Bu s\u0131rada parkurda ilk y\u00fcr\u00fcy\u00fc\u015f\u00fc yapmalar\u0131 an\u0131s\u0131na Kasapo\u011flu ve Y\u0131ld\u0131r\u0131m&#8217;\u0131n ayak izleri al\u0131nd\u0131.<\/p>\n","protected":false},"excerpt":{"rendered":"<p>GEN\u00c7L\u0130K ve Spor Bakan\u0131 Mehmet Muharrem Kasapo\u011flu, \u0130zmir&#8217;de yap\u0131m\u0131 devam eden Alsancak Stad\u0131 ile G\u00f6ztepe&#8217;nin stad\u0131 olan G\u00fcrsel Aksel Spor ve Sa\u011fl\u0131kl\u0131 Ya\u015fam Merkezi&#8217;nde incelemelerde bulundu, durumlar\u0131 hakk\u0131nda bilgi ald\u0131. Kasapo\u011flu&#8217;na, AK Parti Genel Ba\u015fkan Yard\u0131mc\u0131s\u0131 Hamza Da\u011f ile AK Parti \u0130zmir Milletvekilleri Binali Y\u0131ld\u0131r\u0131m, Alpay \u00d6zalan, Mahmut Atilla Kaya ve Ceyda B\u00f6l\u00fcnmez \u00c7ank\u0131r\u0131, \u0130ZVAK [&hellip;]<\/p>\n","protected":false},"author":2,"featured_media":1364,"comment_status":"open","ping_status":"open","sticky":false,"template":"","format":"standard","meta":{"_uag_custom_page_level_css":"","footnotes":""},"categories":[7],"tags":[],"class_list":["post-1363","post","type-post","status-publish","format-standard","has-post-thumbnail","hentry","category-haberler"],"uagb_featured_image_src":{"full":["https:\/\/izvak.org\/wp-content\/uploads\/2024\/12\/bakan.jpg",1200,675,false],"thumbnail":["https:\/\/izvak.org\/wp-content\/uploads\/2024\/12\/bakan-150x150.jpg",150,150,true],"medium":["https:\/\/izvak.org\/wp-content\/uploads\/2024\/12\/bakan-300x169.jpg",300,169,true],"medium_large":["https:\/\/izvak.org\/wp-content\/uploads\/2024\/12\/bakan-768x432.jpg",640,360,true],"large":["https:\/\/izvak.org\/wp-content\/uploads\/2024\/12\/bakan-1024x576.jpg",640,360,true],"1536x1536":["https:\/\/izvak.org\/wp-content\/uploads\/2024\/12\/bakan.jpg",1200,675,false],"2048x2048":["https:\/\/izvak.org\/wp-content\/uploads\/2024\/12\/bakan.jpg",1200,675,false]},"uagb_author_info":{"display_name":"izvak_haber","author_link":"https:\/\/izvak.org\/index.php\/author\/izvak_haber\/"},"uagb_comment_info":0,"uagb_excerpt":"GEN\u00c7L\u0130K ve Spor Bakan\u0131 Mehmet Muharrem Kasapo\u011flu, \u0130zmir&#8217;de yap\u0131m\u0131 devam eden Alsancak Stad\u0131 ile G\u00f6ztepe&#8217;nin stad\u0131 olan G\u00fcrsel Aksel Spor ve Sa\u011fl\u0131kl\u0131 Ya\u015fam Merkezi&#8217;nde incelemelerde bulundu, durumlar\u0131 hakk\u0131nda bilgi ald\u0131. Kasapo\u011flu&#8217;na, AK Parti Genel Ba\u015fkan Yard\u0131mc\u0131s\u0131 Hamza Da\u011f ile AK Parti \u0130zmir Milletvekilleri Binali Y\u0131ld\u0131r\u0131m, Alpay \u00d6zalan, Mahmut Atilla Kaya ve Ceyda B\u00f6l\u00fcnmez \u00c7ank\u0131r\u0131, \u0130ZVAK&hellip;","_links":{"self":[{"href":"https:\/\/izvak.org\/index.php\/wp-json\/wp\/v2\/posts\/1363","targetHints":{"allow":["GET"]}}],"collection":[{"href":"https:\/\/izvak.org\/index.php\/wp-json\/wp\/v2\/posts"}],"about":[{"href":"https:\/\/izvak.org\/index.php\/wp-json\/wp\/v2\/types\/post"}],"author":[{"embeddable":true,"href":"https:\/\/izvak.org\/index.php\/wp-json\/wp\/v2\/users\/2"}],"replies":[{"embeddable":true,"href":"https:\/\/izvak.org\/index.php\/wp-json\/wp\/v2\/comments?post=1363"}],"version-history":[{"count":1,"href":"https:\/\/izvak.org\/index.php\/wp-json\/wp\/v2\/posts\/1363\/revisions"}],"predecessor-version":[{"id":1365,"href":"https:\/\/izvak.org\/index.php\/wp-json\/wp\/v2\/posts\/1363\/revisions\/1365"}],"wp:featuredmedia":[{"embeddable":true,"href":"https:\/\/izvak.org\/index.php\/wp-json\/wp\/v2\/media\/1364"}],"wp:attachment":[{"href":"https:\/\/izvak.org\/index.php\/wp-json\/wp\/v2\/media?parent=1363"}],"wp:term":[{"taxonomy":"category","embeddable":true,"href":"https:\/\/izvak.org\/index.php\/wp-json\/wp\/v2\/categories?post=1363"},{"taxonomy":"post_tag","embeddable":true,"href":"https:\/\/izvak.org\/index.php\/wp-json\/wp\/v2\/tags?post=1363"}],"curies":[{"name":"wp","href":"https:\/\/api.w.org\/{rel}","templated":true}]}}