{"id":1378,"date":"2020-01-17T20:02:00","date_gmt":"2020-01-17T20:02:00","guid":{"rendered":"https:\/\/izvak.org\/?p=1378"},"modified":"2024-12-13T20:06:03","modified_gmt":"2024-12-13T20:06:03","slug":"izmir-spor-medyasiyla-bulustuk","status":"publish","type":"post","link":"https:\/\/izvak.org\/index.php\/2020\/01\/17\/izmir-spor-medyasiyla-bulustuk\/","title":{"rendered":"\u0130ZM\u0130R SPOR MEDYASIYLA BULU\u015eTUK"},"content":{"rendered":"\n<p>\u0130ZM\u0130R Spor Kul\u00fcpler Birli\u011fi Vakf\u0131 (\u0130ZVAK) y\u00f6netim kurulu, spor medyas\u0131n\u0131n duayen gazetecileri ve temsilcileriyle bir araya geldi. \u0130zmir Ticaret Odas\u0131(\u0130ZTO) teras 1885 restoranda ger\u00e7ekle\u015ftirilen toplant\u0131da \u0130ZVAK Y\u00f6netim Kurulu Ba\u015fkan\u0131 Ali Erten \u0130zmir\u2019in spor camias\u0131ndaki beklentileri ve g\u00fcndemdeki konularla ilgili a\u00e7\u0131klamalarda bulundu. Stat in\u015faatlar\u0131 konusunda bilgiler veren Erten, G\u00f6ztepe stad\u0131n\u0131n 26 Ocak\u2019ta Be\u015fikta\u015f ile oynanacak kar\u015f\u0131la\u015fma ile a\u00e7\u0131laca\u011f\u0131n\u0131 dile getirirken, Alsancak stad\u0131n\u0131n ise Temmuz ay\u0131nda bitece\u011fini s\u00f6yledi. Kar\u015f\u0131yaka stad\u0131 konusunda ise t\u00fcm p\u00fcr\u00fczlerin ortadan kalkt\u0131\u011f\u0131n\u0131 dile giren Ali Erten, en k\u0131sa zamanda ihalenin yap\u0131l\u0131p stat in\u015faat\u0131na ba\u015flanaca\u011f\u0131n\u0131 dile getirdi. G\u00f6ztepe stad\u0131 ile ilgili g\u00fczel bir de haber ald\u0131klar\u0131n\u0131 aktaran Erten, yeni statta yak\u0131n bir tarihte milli ma\u00e7 oynanaca\u011f\u0131 y\u00f6n\u00fcnde haberler geldi\u011fini s\u00f6yledi. S\u00fcper Lig\u2019in 2020-2021 sezonuna, \u0130zmir\u2019in yeti\u015ftirdi\u011fi en b\u00fcy\u00fck spor insanlar\u0131ndan olan Adnan S\u00fcvari ad\u0131yla oynanmas\u0131 konusunda \u00e7al\u0131\u015fmalar yapt\u0131klar\u0131n\u0131 belirten Erten, \u201cBu konuya t\u00fcm \u0130zmir kul\u00fcpleri destek veriyor\u201d dedi.<\/p>\n\n\n\n<p>KAR\u015eIYAKA STADINDA P\u00dcR\u00dcZLER KALKTI<br>\u0130zmir\u2019de spor g\u00fcndeminin s\u0131cak konular\u0131ndan bir olan stat in\u015faatlar\u0131n\u0131 de\u011finen Ali Erten, stat in\u015faatlar\u0131 konusunda epeyce yol al\u0131nd\u0131\u011f\u0131n\u0131 dikkat \u00e7ekti. G\u00f6ztepe stad\u0131n\u0131n 26 Ocak\u2019ta Be\u015fikta\u015f ma\u00e7\u0131 ile a\u00e7\u0131laca\u011f\u0131n\u0131 s\u00f6yleyen Erten, \u201cAlsancak stad\u0131 Temmuz ay\u0131nda bitirilmesi hedefleniyor. Ancak en ge\u00e7 \u00f6n\u00fcm\u00fczdeki sezona yeti\u015fecek. Kar\u015f\u0131yaka stad\u0131 ile ilgili bir\u00e7ok sorunla kar\u015f\u0131 kar\u015f\u0131ya kald\u0131k. \u0130lk ba\u015flanan stat projesi Kar\u015f\u0131yaka stad\u0131yd\u0131. Ancak sorunlar nedeniyle en sona kald\u0131. Kar\u015f\u0131yaka ile ilgili sorunlarda mahkemeler, davalar derken hepsi bitti ve t\u00fcm p\u00fcr\u00fczler ortadan kalkt\u0131. Tabi bu da yakla\u015f\u0131k 5 y\u0131la mal oldu. \u015eimdi \u00fc\u00e7\u00fcnc\u00fc kez Kar\u015f\u0131yaka stad\u0131n\u0131n ihale edilmesi bekleniyor. Bunun i\u00e7in de b\u00fct\u00e7e planlamas\u0131 yap\u0131l\u0131yor. 2020 i\u00e7inde in\u015fallah ihale edilmesini bekliyoruz. Temelleri ve altyap\u0131s\u0131 haz\u0131r oldu\u011fu i\u00e7in in\u015faat s\u00fcresi daha k\u0131sa olacak. \u00dc\u00e7 defa imar plan\u0131 de\u011fi\u015fikli\u011fi oldu. Maalesef burada \u00e7ok yorulduk. T\u00fcrkiye\u2019de bu kadar \u00e7ok istenen, \u00e7ok m\u00fccadele edilen ve ba\u015flam\u0131\u015f yar\u0131m kalan ba\u015fka bir stat \u00f6rne\u011fi yok\u201d dedi.<\/p>\n\n\n\n<p>\u0130K\u0130 \u00d6NEML\u0130 GEL\u0130\u015eME<br>S\u00fcper Lig\u2019in 2020-2021 sezonuna T\u00fcrkiye\u2019nin ve \u0130zmir\u2019in yeti\u015ftirmi\u015f oldu\u011fu en b\u00fcy\u00fck spor insanlar\u0131ndan bir olan Adnan S\u00fcvari isminin verilmesi konusunda \u00e7al\u0131\u015fmalar yapt\u0131klar\u0131n\u0131 belirten Erten bu konuda t\u00fcm \u0130zmir\u2019in tam deste\u011fini ald\u0131klar\u0131n\u0131 s\u00f6yledi. \u0130zmir\u2019de milli ma\u00e7 oynanacak y\u00f6n\u00fcnde haberler geldi\u011fini ve bunun kent ad\u0131na \u00e7ok \u00f6nemli old\u011funu vurgulayan Ali Erten, \u015f\u00f6yle konu\u015ftu: \u201cT\u00fcrkiye S\u00fcper Ligi 2020-2021 Sezonunun, \u0130zmir\u2019in ve T\u00fcrkiye\u2019nin yeti\u015ftirdi\u011fi en b\u00fcy\u00fck spor adamlar\u0131ndan olar\u0131 Adnan S\u00fcvari ad\u0131yla oynanmas\u0131 konusunda \u00e7al\u0131\u015f\u0131yoruz. Bu konuya t\u00fcm \u0130zmir kul\u00fcpleri destek veriyor. G\u00f6ztepe stad\u0131 ile ilgili g\u00fczel bir de haber ald\u0131k. G\u00f6ztepe Stad\u0131nda yak\u0131n bir tarihte milli ma\u00e7 oynanacak. Hangi ma\u00e7 olur bilmiyoruz ama b\u00f6yle bir talebimiz var. Son milli ma\u00e7 2009\u2019da Fildi\u015fi Sahili ile \u00f6zel ma\u00e7 yap\u0131lm\u0131\u015ft\u0131. Resmi ma\u00e7 ise 20 y\u0131ld\u0131r \u0130zmir\u2019de oynanm\u0131yor. Bu durumu da in\u015fallah bu \u015fekilde a\u015fm\u0131\u015f olaca\u011f\u0131z.\u201d<\/p>\n\n\n\n<p>\u0130ZM\u0130R\u2019\u0130N \u2018SPOR KENT\u0130\u2019 K\u0130ML\u0130\u011e\u0130 \u00d6NE \u00c7IKARILMALI<br>\u0130zmir\u2019deki kul\u00fcplerin sadece bir spor kul\u00fcb\u00fc olmad\u0131\u011f\u0131n\u0131 de\u011finen Ba\u015fkan Ali Erten, ayn\u0131 zamanda kentin haf\u0131zas\u0131, tarihi ve k\u00fclt\u00fcrel miras\u0131 oldu\u011funu belirterek, \u201cO nedenle bu kul\u00fcpleri korumak ve gelece\u011fe ta\u015f\u0131mak g\u00f6revimiz var. \u0130zmir\u2019in \u00f6ne \u00e7\u0131kan kimlikleri yan\u0131na mutlaka \u2018Spor Kenti\u2019 kimli\u011finin de eklenmesi gerekiyor. Kentin tarihsel birikimi, e\u011fitimli ve yeti\u015fmi\u015f insan potansiyeli, yerle\u015fik ve derin spor k\u00fclt\u00fcr\u00fc ve \u00f6zellikle gururumuz olan b\u00fcy\u00fck kul\u00fcpleri ile T\u00fcrkiye\u2019nin \u00f6rnek \u2018Spor Kenti\u2019 yapabiliriz. \u015eehrimiz bunu \u00e7ok hak ediyor. Bunun i\u00e7in imkanlar\u0131m\u0131z ve f\u0131rsatlar\u0131m\u0131z var. \u00d6ncelikle Antalya \u00f6rne\u011fini baz al\u0131yoruz. Antalya \u00f6rne\u011fini geli\u015ftiren ve Antalya\u2019da bu i\u015fi \u00f6rg\u00fctleyen Spor Turizmi Birli\u011fi ve ona ba\u011fl\u0131 otelciler birli\u011fi ve b\u00f6lgemizdeki turizm tesislerini bir araya getiren Ege turizm i\u015fletmeleri ile koordinasyon i\u00e7inde bu \u00e7al\u0131\u015fmay\u0131 ba\u015flatt\u0131k. Pilot olarak Pamucak B\u00f6lgesi\u2019ni belirledik. Oradaki otellere spor sahalar\u0131 yapmalar\u0131 ile bunun geli\u015ftirilmesini arzu ediyoruz. Bu konuda kul\u00fcplerimizle, Turizm i\u015fletmelerimizi i\u00e7inde bulunduran Ege Turizm \u0130\u015fletmeleri Konfederasyonu ve Ticaret Odam\u0131zla, Yerel ve Merkezi y\u00f6netimlerimizle i\u015fbirli\u011fi yapaca\u011f\u0131z. \u0130zmir olarak bir\u00e7ok avantaj\u0131m\u0131z var. \u00c7ok b\u00fcy\u00fck bir sekt\u00f6r ve bunu kazand\u0131rmam\u0131z gerekti\u011fini d\u00fc\u015f\u00fcn\u00fcyoruz\u201d diye konu\u015ftu.<\/p>\n\n\n\n<p><\/p>\n","protected":false},"excerpt":{"rendered":"<p>\u0130ZM\u0130R Spor Kul\u00fcpler Birli\u011fi Vakf\u0131 (\u0130ZVAK) y\u00f6netim kurulu, spor medyas\u0131n\u0131n duayen gazetecileri ve temsilcileriyle bir araya geldi. \u0130zmir Ticaret Odas\u0131(\u0130ZTO) teras 1885 restoranda ger\u00e7ekle\u015ftirilen toplant\u0131da \u0130ZVAK Y\u00f6netim Kurulu Ba\u015fkan\u0131 Ali Erten \u0130zmir\u2019in spor camias\u0131ndaki beklentileri ve g\u00fcndemdeki konularla ilgili a\u00e7\u0131klamalarda bulundu. Stat in\u015faatlar\u0131 konusunda bilgiler veren Erten, G\u00f6ztepe stad\u0131n\u0131n 26 Ocak\u2019ta Be\u015fikta\u015f ile oynanacak kar\u015f\u0131la\u015fma [&hellip;]<\/p>\n","protected":false},"author":2,"featured_media":1379,"comment_status":"open","ping_status":"open","sticky":false,"template":"","format":"standard","meta":{"_uag_custom_page_level_css":"","footnotes":""},"categories":[7],"tags":[],"class_list":["post-1378","post","type-post","status-publish","format-standard","has-post-thumbnail","hentry","category-haberler"],"uagb_featured_image_src":{"full":["https:\/\/izvak.org\/wp-content\/uploads\/2024\/12\/hbcdeef.jpg",800,600,false],"thumbnail":["https:\/\/izvak.org\/wp-content\/uploads\/2024\/12\/hbcdeef-150x150.jpg",150,150,true],"medium":["https:\/\/izvak.org\/wp-content\/uploads\/2024\/12\/hbcdeef-300x225.jpg",300,225,true],"medium_large":["https:\/\/izvak.org\/wp-content\/uploads\/2024\/12\/hbcdeef-768x576.jpg",640,480,true],"large":["https:\/\/izvak.org\/wp-content\/uploads\/2024\/12\/hbcdeef.jpg",640,480,false],"1536x1536":["https:\/\/izvak.org\/wp-content\/uploads\/2024\/12\/hbcdeef.jpg",800,600,false],"2048x2048":["https:\/\/izvak.org\/wp-content\/uploads\/2024\/12\/hbcdeef.jpg",800,600,false]},"uagb_author_info":{"display_name":"izvak_haber","author_link":"https:\/\/izvak.org\/index.php\/author\/izvak_haber\/"},"uagb_comment_info":0,"uagb_excerpt":"\u0130ZM\u0130R Spor Kul\u00fcpler Birli\u011fi Vakf\u0131 (\u0130ZVAK) y\u00f6netim kurulu, spor medyas\u0131n\u0131n duayen gazetecileri ve temsilcileriyle bir araya geldi. \u0130zmir Ticaret Odas\u0131(\u0130ZTO) teras 1885 restoranda ger\u00e7ekle\u015ftirilen toplant\u0131da \u0130ZVAK Y\u00f6netim Kurulu Ba\u015fkan\u0131 Ali Erten \u0130zmir\u2019in spor camias\u0131ndaki beklentileri ve g\u00fcndemdeki konularla ilgili a\u00e7\u0131klamalarda bulundu. Stat in\u015faatlar\u0131 konusunda bilgiler veren Erten, G\u00f6ztepe stad\u0131n\u0131n 26 Ocak\u2019ta Be\u015fikta\u015f ile oynanacak kar\u015f\u0131la\u015fma&hellip;","_links":{"self":[{"href":"https:\/\/izvak.org\/index.php\/wp-json\/wp\/v2\/posts\/1378","targetHints":{"allow":["GET"]}}],"collection":[{"href":"https:\/\/izvak.org\/index.php\/wp-json\/wp\/v2\/posts"}],"about":[{"href":"https:\/\/izvak.org\/index.php\/wp-json\/wp\/v2\/types\/post"}],"author":[{"embeddable":true,"href":"https:\/\/izvak.org\/index.php\/wp-json\/wp\/v2\/users\/2"}],"replies":[{"embeddable":true,"href":"https:\/\/izvak.org\/index.php\/wp-json\/wp\/v2\/comments?post=1378"}],"version-history":[{"count":1,"href":"https:\/\/izvak.org\/index.php\/wp-json\/wp\/v2\/posts\/1378\/revisions"}],"predecessor-version":[{"id":1380,"href":"https:\/\/izvak.org\/index.php\/wp-json\/wp\/v2\/posts\/1378\/revisions\/1380"}],"wp:featuredmedia":[{"embeddable":true,"href":"https:\/\/izvak.org\/index.php\/wp-json\/wp\/v2\/media\/1379"}],"wp:attachment":[{"href":"https:\/\/izvak.org\/index.php\/wp-json\/wp\/v2\/media?parent=1378"}],"wp:term":[{"taxonomy":"category","embeddable":true,"href":"https:\/\/izvak.org\/index.php\/wp-json\/wp\/v2\/categories?post=1378"},{"taxonomy":"post_tag","embeddable":true,"href":"https:\/\/izvak.org\/index.php\/wp-json\/wp\/v2\/tags?post=1378"}],"curies":[{"name":"wp","href":"https:\/\/api.w.org\/{rel}","templated":true}]}}