{"id":1399,"date":"2021-03-10T19:39:00","date_gmt":"2021-03-10T19:39:00","guid":{"rendered":"https:\/\/izvak.org\/?p=1399"},"modified":"2024-12-16T19:49:57","modified_gmt":"2024-12-16T19:49:57","slug":"saygiyla-aniyoruz-2","status":"publish","type":"post","link":"https:\/\/izvak.org\/index.php\/2021\/03\/10\/saygiyla-aniyoruz-2\/","title":{"rendered":"SAYGIYLA ANIYORUZ"},"content":{"rendered":"\n<p>18 Mart \u015eehitleri Anma G\u00fcn\u00fc ve \u00c7anakkale Zaferi&#8217;nin 106.y\u0131l\u0131nda Gazi Mustafa Kemal Atat\u00fcrk ve kahraman \u015fehitlerimizi minnet, \u015f\u00fckran ve sayg\u0131yla an\u0131yoruz.<br><\/p>\n\n\n\n<p><\/p>\n","protected":false},"excerpt":{"rendered":"<p>18 Mart \u015eehitleri Anma G\u00fcn\u00fc ve \u00c7anakkale Zaferi&#8217;nin 106.y\u0131l\u0131nda Gazi Mustafa Kemal Atat\u00fcrk ve kahraman \u015fehitlerimizi minnet, \u015f\u00fckran ve sayg\u0131yla an\u0131yoruz.<\/p>\n","protected":false},"author":2,"featured_media":1348,"comment_status":"open","ping_status":"open","sticky":false,"template":"","format":"standard","meta":{"_uag_custom_page_level_css":"","footnotes":""},"categories":[7],"tags":[],"class_list":["post-1399","post","type-post","status-publish","format-standard","has-post-thumbnail","hentry","category-haberler"],"uagb_featured_image_src":{"full":["https:\/\/izvak.org\/wp-content\/uploads\/2024\/12\/800x513-hasan-elidemir-hayatini-kaybetti-1568323491154.png",800,513,false],"thumbnail":["https:\/\/izvak.org\/wp-content\/uploads\/2024\/12\/800x513-hasan-elidemir-hayatini-kaybetti-1568323491154-150x150.png",150,150,true],"medium":["https:\/\/izvak.org\/wp-content\/uploads\/2024\/12\/800x513-hasan-elidemir-hayatini-kaybetti-1568323491154-300x192.png",300,192,true],"medium_large":["https:\/\/izvak.org\/wp-content\/uploads\/2024\/12\/800x513-hasan-elidemir-hayatini-kaybetti-1568323491154-768x492.png",640,410,true],"large":["https:\/\/izvak.org\/wp-content\/uploads\/2024\/12\/800x513-hasan-elidemir-hayatini-kaybetti-1568323491154.png",640,410,false],"1536x1536":["https:\/\/izvak.org\/wp-content\/uploads\/2024\/12\/800x513-hasan-elidemir-hayatini-kaybetti-1568323491154.png",800,513,false],"2048x2048":["https:\/\/izvak.org\/wp-content\/uploads\/2024\/12\/800x513-hasan-elidemir-hayatini-kaybetti-1568323491154.png",800,513,false]},"uagb_author_info":{"display_name":"izvak_haber","author_link":"https:\/\/izvak.org\/index.php\/author\/izvak_haber\/"},"uagb_comment_info":0,"uagb_excerpt":"18 Mart \u015eehitleri Anma G\u00fcn\u00fc ve \u00c7anakkale Zaferi&#8217;nin 106.y\u0131l\u0131nda Gazi Mustafa Kemal Atat\u00fcrk ve kahraman \u015fehitlerimizi minnet, \u015f\u00fckran ve sayg\u0131yla an\u0131yoruz.","_links":{"self":[{"href":"https:\/\/izvak.org\/index.php\/wp-json\/wp\/v2\/posts\/1399","targetHints":{"allow":["GET"]}}],"collection":[{"href":"https:\/\/izvak.org\/index.php\/wp-json\/wp\/v2\/posts"}],"about":[{"href":"https:\/\/izvak.org\/index.php\/wp-json\/wp\/v2\/types\/post"}],"author":[{"embeddable":true,"href":"https:\/\/izvak.org\/index.php\/wp-json\/wp\/v2\/users\/2"}],"replies":[{"embeddable":true,"href":"https:\/\/izvak.org\/index.php\/wp-json\/wp\/v2\/comments?post=1399"}],"version-history":[{"count":1,"href":"https:\/\/izvak.org\/index.php\/wp-json\/wp\/v2\/posts\/1399\/revisions"}],"predecessor-version":[{"id":1400,"href":"https:\/\/izvak.org\/index.php\/wp-json\/wp\/v2\/posts\/1399\/revisions\/1400"}],"wp:featuredmedia":[{"embeddable":true,"href":"https:\/\/izvak.org\/index.php\/wp-json\/wp\/v2\/media\/1348"}],"wp:attachment":[{"href":"https:\/\/izvak.org\/index.php\/wp-json\/wp\/v2\/media?parent=1399"}],"wp:term":[{"taxonomy":"category","embeddable":true,"href":"https:\/\/izvak.org\/index.php\/wp-json\/wp\/v2\/categories?post=1399"},{"taxonomy":"post_tag","embeddable":true,"href":"https:\/\/izvak.org\/index.php\/wp-json\/wp\/v2\/tags?post=1399"}],"curies":[{"name":"wp","href":"https:\/\/api.w.org\/{rel}","templated":true}]}}