{"id":1432,"date":"2021-07-14T10:24:00","date_gmt":"2021-07-14T10:24:00","guid":{"rendered":"https:\/\/izvak.org\/?p=1432"},"modified":"2024-12-19T10:27:53","modified_gmt":"2024-12-19T10:27:53","slug":"iste-izmir-iklimi-2","status":"publish","type":"post","link":"https:\/\/izvak.org\/index.php\/2021\/07\/14\/iste-izmir-iklimi-2\/","title":{"rendered":"\u0130\u015eTE \u0130ZM\u0130R \u0130KL\u0130M\u0130"},"content":{"rendered":"\n<p>\u0130ZM\u0130R Spor Kul\u00fcpleri Birli\u011fi Vakfi&#8217;n\u0131n (IZVAK) i\u015fbirli\u011fi ile \u015fekillenen proje kapsam\u0131nda S\u00fcper Lig&#8217;de m\u00fccadele edecek G\u00f6ztepe ve Altay, 1&#8217;inci Lig tak\u0131mlar\u0131ndan Menemenspor, 2&#8217;nci Lig&#8217;deki Bucaspor 1928, 3&#8217;\u00fcnc\u00fc Lig&#8217;deki Kar\u015f\u0131yaka ve Bergama Belediyespor ile B\u00f6lgesel Amat\u00f6r Lig&#8217;de yer alan \u0130zmirspor&#8217;un formalar\u0131n\u0131n g\u00f6\u011f\u00fcs b\u00f6l\u00fcmlerinde &#8220;FOLKART&#8221; yazacak. Folkart, S\u00fcper Lig&#8217;de m\u00fccadele edecek G\u00f6ztepe ve Altay&#8217;a ayn\u0131 anda sponsor olacak. Folkart, 2015 y\u0131l\u0131nda kentin iki g\u00fc\u00e7l\u00fc ekibi G\u00f6ztepe ve Kar\u015f\u0131yaka&#8217;ya sponsor olmu\u015ftu. 2017 y\u0131l\u0131nda ise, yine \u0130zmir&#8217;deki futbol tak\u0131mlar\u0131na destek vermi\u015fti.<\/p>\n\n\n\n<p>\u00c7OK SAYIDA DAVETL\u0130 KATILDI<br>Folkart&#8217;\u0131n sponsorluk deste\u011fi Swissotel B\u00fcy\u00fck Efes \u0130zmir Kongre Merkezi&#8217;nde d\u00fczenlenen bas\u0131n toplant\u0131s\u0131yla kamuoyuna duyuruldu. Toplant\u0131ya \u0130ZVAK Ba\u015fkan\u0131 Eli Erten, G\u00f6ztepe Ba\u015fkan\u0131 Mehmet Sepil, Altay Ba\u015fkan\u0131 \u00d6zg\u00fcr Ekmek\u00e7io\u011flu, Menemenspor Ba\u015fkan\u0131 Tahir \u015eahin, Kar\u015f\u0131yaka Ba\u015fkan\u0131 Turgay B\u00fcy\u00fckkarc\u0131, Bergama Belediyespor Ba\u015fkan\u0131 Hasan Cano\u011flu, \u0130zmirspor Ba\u015fkan\u0131 Nedim Topalo\u011flu ve \u00e7ok say\u0131da davetli kat\u0131ld\u0131.<\/p>\n\n\n\n<p>MESUT SANCAK: &#8220;B\u0130Z\u0130M \u0130\u00c7\u0130N GURUR KAYNA\u011eI&#8221;<br>Folkart Y\u00f6netim Kurulu Ba\u015fkan\u0131 Mesut Sancak, &#8220;Bug\u00fcne kadar g\u00fczel \u0130zmir&#8217;imiz i\u00e7in, kendi alan\u0131m\u0131zda \u00e7ok be\u011fenilen, \u00f6nc\u00fc projeler \u00fcrettik. Ama bununla kesinlikle yetinmiyoruz. Biz, \u00f6zel sekt\u00f6r\u00fcn ve bizim konumumuzdaki \u015firketlerin, bulunduklar\u0131 \u015fehre ve \u00fclkeye fayda sa\u011flayan kurumsal sosyal sorumluluk ve kurumsal hay\u0131rseverlik projeleri alt\u0131na imza atmalar\u0131n\u0131n k\u00fclt\u00fcre, sanata ve spora destek vermelerinin, \u00e7ok de\u011ferli ve \u00f6nemli oldu\u011funu d\u00fc\u015f\u00fcn\u00fcyoruz&#8221; dedi. \u0130zmir&#8217;den iki tak\u0131m\u0131n S\u00fcper Lig&#8217;de oldu\u011funu hat\u0131rlatan Sancak, &#8220;Bizim en b\u00fcy\u00fck hayalimiz t\u00fcm tak\u0131mlar\u0131m\u0131z\u0131 S\u00fcper Lig&#8217;de g\u00f6rmek. Biz Folkart olarak elimizden gelen deste\u011fi vermeye devam edece\u011fiz. \u0130ZVAK Ba\u015fkan\u0131 Ali Erten&#8217;e \u00e7ok te\u015fekk\u00fcr ediyorum. \u00d6nceki sponsorlu\u011fumuzda da bizi kendisi y\u00f6nlendirmi\u015fti. T\u00fcm ba\u015fkanlar\u0131m\u0131za te\u015fekk\u00fcr ediyorum&#8221; ifadelerini kulland\u0131.<\/p>\n\n\n\n<p>&#8220;D\u0130\u011eER \u015e\u0130RKETLER\u0130M\u0130Z\u0130N DE DESTE\u011e\u0130N\u0130 BEKL\u0130YORUZ&#8221;<br>\u0130zmir Spor Kul\u00fcpleri Birli\u011fi Vakf\u0131 (\u0130ZVAK) ile i\u015fbirli\u011fi i\u00e7inde, \u0130zmir&#8217;e ve spor kul\u00fcplerine destek verdiklerini belirten Sancak, &#8220;G\u00fczel \u0130zmir tam 127 y\u0131l \u00f6nce yani 1890 senesinde T\u00fcrkiye&#8217;de ilk futbol kar\u015f\u0131la\u015fmas\u0131n\u0131n yap\u0131ld\u0131\u011f\u0131 \u015fehir olma \u00f6zelli\u011fi ta\u015f\u0131yor. Bug\u00fcn bu ge\u00e7mi\u015f tabloya yak\u0131\u015fan, \u00e7ok \u00f6nemli bir projeye imza at\u0131yoruz. Hem \u0130zmir&#8217;de, hem de T\u00fcrkiye&#8217;de bir ilki ger\u00e7ekle\u015ftiriyoruz. Yine \u0130zmir Spor Kul\u00fcpleri Birli\u011fi Vakf\u0131&#8217;n\u0131n (IZVAK) deste\u011fi ile \u015fekillenen bu projemizde, \u0130zmir&#8217;de faaliyet g\u00f6steren ve ikisi s\u00fcper ligde bulunan 7 tak\u0131ma birden, forma ana sponsoru olmaktan b\u00fcy\u00fck gurur duyuyoruz. \u0130lki ger\u00e7ekle\u015ftiriyoruz. Bir \u015firket S\u00fcper Lig&#8217;de iki tak\u0131ma ayn\u0131 anda sponsor oluyor, t\u00fcm tak\u0131mlar\u0131m\u0131za sponsor oluyoruz. Di\u011fer \u015firketlerimizin de bu i\u015fe el atmas\u0131n\u0131 diliyoruz&#8221; diye konu\u015ftu.<\/p>\n\n\n\n<p>&#8220;AMACIMIZ \u0130ZM\u0130R&#8217;\u0130 Y\u00dcCELTMEK&#8221;<br>&#8220;Tek amac\u0131m\u0131z g\u00fczel \u0130zmir&#8217;imizi y\u00fcceltmek futbol tak\u0131mlar\u0131m\u0131z\u0131n m\u00fccadelesine ve azmine omuz vermek&#8221; diyen Mesut Sancak, \u015funlar\u0131 s\u00f6yledi: &#8220;G\u00f6ztepe, Altay, Menemenspor, Bucaspor 1928, Kar\u015f\u0131yaka ve Bergama Belediyespor ve \u0130zmirspor&#8217;umuzun futbol yolculuklar\u0131na katk\u0131 sa\u011flama \u00e7abam\u0131z, bizi gururland\u0131r\u0131yor. G\u00fczel \u0130zmirlilerin, futboldaki dostluk, bar\u0131\u015f ve sevgi duygular\u0131 ile kucakla\u015fabilmek i\u00e7in &#8216;\u0130zmir&#8217;in Renkleri Tek Y\u00fcrek&#8217; diyoruz. \u0130\u015fte bu nedenle \u00e7ok mutluyuz. \u0130zmir&#8217;e renk veren tak\u0131mlar\u0131m\u0131z\u0131n de\u011ferini, ger\u00e7ek g\u00fcc\u00fcn\u00fc vurgulayarak, yeni ba\u015far\u0131lara imza atmas\u0131n\u0131, futbola yeni bir soluk getirmesini temenni ediyoruz. Bu vesileyle t\u00fcm tak\u0131mlar\u0131m\u0131za, t\u00fcm taraftarlara, sporcular\u0131m\u0131za ve y\u00f6neticilerimize ligde ba\u015far\u0131lar diliyorum.&#8221;<\/p>\n\n\n\n<p>ERTEN&#8217;DEN FOLKART&#8217;A TE\u015eEKK\u00dcR<br>\u0130ZVAK Y\u00f6netim Kurulu Ba\u015fkan\u0131 Ali Erten ve kul\u00fcp ba\u015fkanlar\u0131 Folkart Y\u00f6netim Kurulu Ba\u015fkan\u0131 Mesut Sancak&#8217;a te\u015fekk\u00fcr etti. IZVAK Ba\u015fkan\u0131 Ali Erten, &#8220;Bu tarihi g\u00fcne ho\u015f geldiniz. Bug\u00fcn \u0130zmir futbolu i\u00e7in ger\u00e7ekten yepyeni ba\u015flang\u0131\u00e7 ve \u00e7ok \u00f6zel bir g\u00fcn. \u0130zmir&#8217;de do\u011fan, b\u00fcy\u00fcyen, geli\u015fen ve bu \u015fehre b\u00fcy\u00fck eserler kazand\u0131ran bir firma Folkart. Onun de\u011ferli y\u00f6neticilerine te\u015fekk\u00fcr ediyorum. \u0130zmir&#8217;in de\u011ferlerine ve markalar\u0131na sahip \u00e7\u0131kmak ad\u0131na bizi davet ettiler. Folkart \u0130zmir&#8217;in b\u00fct\u00fcn renklerine katk\u0131 sa\u011fl\u0131yor. Bu bir ba\u015flang\u0131\u00e7. Bu projeyi hayata ge\u00e7iren Folkart firmas\u0131na ve kul\u00fcplerine, de\u011ferli ba\u015fkanlar Mesut Sancak ve Metin Sancak ile t\u00fcm kat\u0131l\u0131mc\u0131lara te\u015fekk\u00fcr olarak, kul\u00fcplerimize maddi kaynak sa\u011flama amac\u0131yla yapt\u0131\u011f\u0131m\u0131z \u00e7al\u0131\u015fmalar sonucunda 2021-2022 sezonunda 7 \u0130zmir kul\u00fcb\u00fcm\u00fcz\u00fcn formalar\u0131nda &#8220;Folkart&#8221; yer alacak. Bundan b\u00fcy\u00fck memnuniyet duyuyoruz. \u0130zmirli kul\u00fcplerinin ortak forma sponsoru ile sahaya \u00e7\u0131kmalar\u0131n\u0131n \u0130zmirimize \u00e7ok yak\u0131\u015ft\u0131\u011f\u0131n\u0131 ve \u00e7ok anlaml\u0131 oldu\u011funu d\u00fc\u015f\u00fcn\u00fcyoruz. Birli\u011fin ve dayan\u0131\u015fman\u0131n g\u00fcc\u00fcne inan\u0131yoruz. Ortak forma sponsorumuz olan Folkart firmas\u0131na ve Say\u0131n Mesut Sancak&#8217;a verdikleri destekten dolay\u0131 kul\u00fcplerimiz ad\u0131na \u00e7ok te\u015fekk\u00fcr ediyorum&#8221; \u015feklinde konu\u015ftu.<\/p>\n\n\n\n<p>ESK\u0130C\u0130: &#8220;T\u00dcM SPORCULARIMIZA DESTEK VER\u0130LMEL\u0130&#8221;<br>Gen\u00e7lik ve Spor \u0130l M\u00fcd\u00fcr\u00fc Murat Eskici, &#8220;Ger\u00e7ekten \u0130zmir&#8217;i kutluyorum. Tarihe tan\u0131kl\u0131k ediyoruz. Bu topraklarda do\u011fup b\u00fcy\u00fcyen ve bu topraklarda kazand\u0131klar\u0131n\u0131 bu topraklarda harcayan i\u015f adamlar\u0131m\u0131z var, tebrik ediyoruz. Hepinizle gurur duyuyorum. Emek harcayan, \u00e7aba g\u00f6steren kul\u00fcplerimize, \u0130ZVAK y\u00f6netimine ve Folkart y\u00f6netimine te\u015fekk\u00fcr ediyorum. Tokyo Olimpiyatlar\u0131&#8217;na da az kald\u0131. \u0130zmir&#8217;in \u00e7ocuklar\u0131na daha fazla sahip \u00e7\u0131kal\u0131m. G\u00f6ztepe&#8217;nin iki sporcusu \u0130zmir&#8217;i olimpiyatlarda temsil edecek. \u0130zmir&#8217;in sporcular\u0131n\u0131n olimpiyatlara kat\u0131lmas\u0131 en b\u00fcy\u00fck hayalimiz&#8221; ifadelerini kulland\u0131.<\/p>\n\n\n\n<p>SEP\u0130L: &#8220;\u0130\u015e B\u0130RL\u0130KLER\u0130 KENT \u0130\u00c7\u0130N \u00c7OK \u00d6NEML\u0130&#8221;<br>G\u00f6ztepe&#8217;nin Ba\u015fkan\u0131 Mehmet Sepil bu t\u00fcr desteklerin \u0130zmir sporu i\u00e7in \u00e7ok de\u011ferli oldu\u011funu dile getirdi. Sepil, &#8220;Bug\u00fcn gelinen noktaya bakarsak bunun \u00e7al\u0131\u015fmalar\u0131 \u00e7ok \u00f6nce ba\u015flam\u0131\u015ft\u0131. Bunu da Folkart ba\u015flatm\u0131\u015ft\u0131. Biz G\u00f6ztepe olarak 1&#8217;inci Lig&#8217;deyken o zaman Kar\u015f\u0131yaka&#8217;da 1&#8217;inci Lig&#8217;deydi. H\u0131r\u00e7\u0131n bir ortam vard\u0131. Mesut Bey&#8217;le bulu\u015fmu\u015ftuk ve iki yaka bir araya gelsin projesiyle Folkart hem G\u00f6ztepe hem de Kar\u015f\u0131yaka&#8217;n\u0131n sponsoru olmu\u015ftu. Bu i\u015fbirlikleri kentin dinamiklerine \u00e7ok \u00f6nemli katk\u0131 yap\u0131yor. T\u00fcrkiye&#8217;ye \u00f6rnek. Futbolda Kul\u00fcpler Birli\u011fi ba\u015fkanl\u0131\u011f\u0131 da yapm\u0131\u015f biri olarak da biliyorum ki bu h\u0131r\u00e7\u0131n ortam\u0131 d\u00fczeltmenin en g\u00fczel \u00f6rne\u011fini \u0130zmir veriyor. Karadeniz tak\u0131mlar\u0131 da b\u00f6yle bir birlik kuruyor ve \u00f6rnek olarak da \u0130zmir&#8217;i verdiler. Bu k\u0131van\u00e7 kayna\u011f\u0131. \u0130\u015f adamlar\u0131m\u0131z kazand\u0131klar\u0131n\u0131n bir k\u0131sm\u0131yla \u00e7e\u015fitli \u015fekilde \u0130zmir&#8217;e geri vermeleri kent i\u00e7in \u00e7ok \u00f6nemli. Dolay\u0131s\u0131yla Folkart grubuna te\u015fekk\u00fcr ediyorum. Bu konuda Folkart \u00f6nc\u00fc. Herkesin Folkart&#8217;\u0131 \u00f6rnek almas\u0131 gerekiyor. Bug\u00fcn futbol i\u00e7in buraday\u0131z ama \u0130zmir bir sporcu merkezi. Her alanda sporcular\u0131m\u0131z \u00e7\u0131k\u0131yor. Verilen desteklerin futbolda kalmay\u0131p t\u00fcm bran\u015flara yay\u0131lmas\u0131 \u00e7ok \u00f6nemli. Olimpiyatlara 102 sporcuyla gidiyoruz. Bu bir rekor. \u0130zmir&#8217;deki i\u015f adamlar\u0131m\u0131z\u0131n sporcular\u0131m\u0131z konusunda hassas olmas\u0131n\u0131 ve destek vermesini rica ediyoruz&#8221; dedi.<\/p>\n\n\n\n<p>EKMEK\u00c7\u0130O\u011eLU: &#8220;T\u00dcRK\u0130YE \u00d6RNEK ALMALI&#8221;<br>Altay Ba\u015fkan\u0131 \u00d6zg\u00fcr Ekmek\u00e7io\u011flu ise &#8220;T\u00fcrkiye&#8217;de \u00f6rnek al\u0131nan bir dostluk g\u00f6steriyoruz. Bence bu alk\u0131\u015fa \u015fayan bir durum. Bu ilki ger\u00e7ekle\u015ftiriyoruz, hepimiz ayn\u0131 masaday\u0131z. \u0130zmir&#8217;e de\u011fer katan Folkart&#8217;a te\u015fekk\u00fcr ediyoruz. Ba\u015fkan Mesut Sancak&#8217;la \u00e7ok iyi ili\u015fkilerimiz vard\u0131r. Mesut Bey daha \u00f6nce t\u00fcm \u0130zmir tak\u0131mlar\u0131na sponsor oldu. Ben 5 y\u0131ld\u0131r kul\u00fcp ba\u015fkanl\u0131\u011f\u0131 yap\u0131yorum. Mesut Ba\u015fkan her ligdeki tak\u0131ma destek veriyor. Mesut Bey ve ailesi insanlar\u0131m\u0131za da yat\u0131r\u0131m yap\u0131yor. Sancak ailesinden iki ki\u015fi y\u00f6netimimizde. \u0130zmir&#8217;de sponsorluk \u00f6rnekleri \u00e7ok fazla. Sancak ailesine b\u00f6ylesine yat\u0131r\u0131m yapt\u0131klar\u0131 i\u00e7in \u00e7ok te\u015fekk\u00fcr ediyoruz. Burada bulunmaktan gurur duyuyorum&#8221; yorumunu yapt\u0131. Ekmek\u00e7io\u011flu, Mesut Sancak ve Altay y\u00f6netiminde yer alan o\u011fullar\u0131 Kerem ve F\u0131rat Sancak&#8217;a Altay formas\u0131 hediye etti.<\/p>\n\n\n\n<p>\u015eAH\u0130N: &#8220;DESTEK PAYLA\u015eILMALI&#8221;<br>Menemenspor Onursal Ba\u015fkan\u0131 Tahir \u015eahin, &#8220;O kadar g\u00fczel bir pozisyonday\u0131z ki \u00e7ok g\u00fczel bir g\u00fcnde birlikteyiz. Spor kul\u00fcpleri d\u00fcnyan\u0131n en zor y\u00f6neticilik yap\u0131lan yerlerinden bir tanesidir. Ger\u00e7ekten \u00e7ok zor. Ben 20 y\u0131l belediye ba\u015fkanl\u0131\u011f\u0131 yapt\u0131m. Spor kul\u00fcb\u00fc ba\u015fkanl\u0131\u011f\u0131 \u00e7ok daha yorucu. \u00d6ncelikle Mesut Sancak Bey ve ailesini kutluyorum. Bu t\u00fcr projelerin sadece bir aileye y\u00fcklenmesinde kalmas\u0131n\u0131 istemiyoruz. \u0130\u015f insanlar\u0131m\u0131z\u0131n spora deste\u011fi payla\u015f\u0131lmas\u0131 gerekiyor&#8221; c\u00fcmlelerini kurdu.<\/p>\n\n\n\n<p>B\u00dcY\u00dcKKARCI: &#8220;FOLKART A\u0130LES\u0130 \u00d6L\u00dcMS\u00dcZLE\u015e\u0130YOR&#8221;<br>Kar\u015f\u0131yaka Ba\u015fkan\u0131 Turgay B\u00fcy\u00fckkarc\u0131 \u00e7ok \u00f6nemli bir g\u00fcn ya\u015fad\u0131klar\u0131n\u0131 ifade etti Ba\u015fkan B\u00fcy\u00fckkarc\u0131, &#8220;\u015eehirden ald\u0131\u011f\u0131n\u0131 \u015fehre verilmenin ete kemi\u011fe b\u00fcr\u00fcnd\u00fc\u011f\u00fc bir g\u00fcn. Mesut Sancak ve Metin Sancak ile Folkart ailesine te\u015fekk\u00fcr ediyorum. Bizde \u00e7ok g\u00fczel gelenek olu\u015ftu. Kul\u00fcp ba\u015fkanlar\u0131 olarak \u00e7ok g\u00fczel bir birlikteli\u011fimiz var. \u00c7ok az destek veren kurum var. Bir tanesi Folkart ailesi. Ancak maalesef s\u00fcreklilik anlam\u0131nda daha fazla sayam\u0131yoruz. \u00d6l\u00fcms\u00fcz kul\u00fcplere bu deste\u011fi vererek ger\u00e7ekten Folkart ailesi \u00f6l\u00fcms\u00fczle\u015fiyor. Biz bir spor kul\u00fcb\u00fcy\u00fcz. Basketbolda bu sezon Avrupa \u015fampiyonlu\u011funu kentimize getirece\u011fiz&#8221; dedi.<\/p>\n\n\n\n<p>CANO\u011eLU: &#8220;SPONSORLUK \u0130LA\u00c7 G\u0130B\u0130 GELD\u0130&#8221;<br>Folkart&#8217;\u0131n deste\u011finin kendilerini rahatlatt\u0131\u011f\u0131n\u0131 s\u00f6yleyen Hasan Cano\u011flu, &#8220;Burada olmaktan dolay\u0131 \u00e7ok mutluyuz. Biz bu \u015fehrin kuzeyindeyiz. Sponsor bulma konusunda zorlan\u0131yoruz, \u00f6zellikle pandemiden dolay\u0131. Bu sponsorluk bize ila\u00e7 gibi geldi. Folkart ailesine te\u015fekk\u00fcr ediyorum. \u0130ZVAK Ba\u015fkan\u0131m\u0131z Ali Erten de bu birlik ve beraberli\u011fi sa\u011flad\u0131. Bu s\u00fcrecin sonunda \u0130zmir&#8217;den yeni \u015fampiyonlar gelecek. Mesut Bey&#8217;in dedi\u011fi gibi S\u00fcper Lig&#8217;de bir\u00e7ok tak\u0131m\u0131m\u0131z olacakt\u0131r&#8221; diye konu\u015ftu.<\/p>\n\n\n\n<p>TOPALO\u011eLU: &#8220;DESTEKLERLE \u015eAMP\u0130YON OLACA\u011eIZ&#8221;<br>\u0130zmirspor Ba\u015fkan\u0131 Nedim Topalo\u011flu, &#8220;Ben \u00e7i\u00e7e\u011fi burnunda, yeni ba\u015fkan\u0131m. Folkart ailesiyle yap\u0131lan i\u015f birli\u011fi sonucu \u0130zmirspor&#8217;a da destek olundu. Ben herkese te\u015fekk\u00fcr ediyorum. Sizlerin destekleriyle biz de bu sezon 3&#8217;\u00fcnc\u00fc Lig&#8217;e \u00e7\u0131kaca\u011f\u0131m\u0131z\u0131n s\u00f6z\u00fcn\u00fc veriyorum&#8221; dedi.<\/p>\n\n\n\n<p><\/p>\n","protected":false},"excerpt":{"rendered":"<p>\u0130ZM\u0130R Spor Kul\u00fcpleri Birli\u011fi Vakfi&#8217;n\u0131n (IZVAK) i\u015fbirli\u011fi ile \u015fekillenen proje kapsam\u0131nda S\u00fcper Lig&#8217;de m\u00fccadele edecek G\u00f6ztepe ve Altay, 1&#8217;inci Lig tak\u0131mlar\u0131ndan Menemenspor, 2&#8217;nci Lig&#8217;deki Bucaspor 1928, 3&#8217;\u00fcnc\u00fc Lig&#8217;deki Kar\u015f\u0131yaka ve Bergama Belediyespor ile B\u00f6lgesel Amat\u00f6r Lig&#8217;de yer alan \u0130zmirspor&#8217;un formalar\u0131n\u0131n g\u00f6\u011f\u00fcs b\u00f6l\u00fcmlerinde &#8220;FOLKART&#8221; yazacak. Folkart, S\u00fcper Lig&#8217;de m\u00fccadele edecek G\u00f6ztepe ve Altay&#8217;a ayn\u0131 anda sponsor [&hellip;]<\/p>\n","protected":false},"author":2,"featured_media":1433,"comment_status":"open","ping_status":"open","sticky":false,"template":"","format":"standard","meta":{"_uag_custom_page_level_css":"","footnotes":""},"categories":[7],"tags":[],"class_list":["post-1432","post","type-post","status-publish","format-standard","has-post-thumbnail","hentry","category-haberler"],"uagb_featured_image_src":{"full":["https:\/\/izvak.org\/wp-content\/uploads\/2024\/12\/izvakiklimfolkart.jpg",676,410,false],"thumbnail":["https:\/\/izvak.org\/wp-content\/uploads\/2024\/12\/izvakiklimfolkart-150x150.jpg",150,150,true],"medium":["https:\/\/izvak.org\/wp-content\/uploads\/2024\/12\/izvakiklimfolkart-300x182.jpg",300,182,true],"medium_large":["https:\/\/izvak.org\/wp-content\/uploads\/2024\/12\/izvakiklimfolkart.jpg",640,388,false],"large":["https:\/\/izvak.org\/wp-content\/uploads\/2024\/12\/izvakiklimfolkart.jpg",640,388,false],"1536x1536":["https:\/\/izvak.org\/wp-content\/uploads\/2024\/12\/izvakiklimfolkart.jpg",676,410,false],"2048x2048":["https:\/\/izvak.org\/wp-content\/uploads\/2024\/12\/izvakiklimfolkart.jpg",676,410,false]},"uagb_author_info":{"display_name":"izvak_haber","author_link":"https:\/\/izvak.org\/index.php\/author\/izvak_haber\/"},"uagb_comment_info":0,"uagb_excerpt":"\u0130ZM\u0130R Spor Kul\u00fcpleri Birli\u011fi Vakfi&#8217;n\u0131n (IZVAK) i\u015fbirli\u011fi ile \u015fekillenen proje kapsam\u0131nda S\u00fcper Lig&#8217;de m\u00fccadele edecek G\u00f6ztepe ve Altay, 1&#8217;inci Lig tak\u0131mlar\u0131ndan Menemenspor, 2&#8217;nci Lig&#8217;deki Bucaspor 1928, 3&#8217;\u00fcnc\u00fc Lig&#8217;deki Kar\u015f\u0131yaka ve Bergama Belediyespor ile B\u00f6lgesel Amat\u00f6r Lig&#8217;de yer alan \u0130zmirspor&#8217;un formalar\u0131n\u0131n g\u00f6\u011f\u00fcs b\u00f6l\u00fcmlerinde &#8220;FOLKART&#8221; yazacak. Folkart, S\u00fcper Lig&#8217;de m\u00fccadele edecek G\u00f6ztepe ve Altay&#8217;a ayn\u0131 anda sponsor&hellip;","_links":{"self":[{"href":"https:\/\/izvak.org\/index.php\/wp-json\/wp\/v2\/posts\/1432","targetHints":{"allow":["GET"]}}],"collection":[{"href":"https:\/\/izvak.org\/index.php\/wp-json\/wp\/v2\/posts"}],"about":[{"href":"https:\/\/izvak.org\/index.php\/wp-json\/wp\/v2\/types\/post"}],"author":[{"embeddable":true,"href":"https:\/\/izvak.org\/index.php\/wp-json\/wp\/v2\/users\/2"}],"replies":[{"embeddable":true,"href":"https:\/\/izvak.org\/index.php\/wp-json\/wp\/v2\/comments?post=1432"}],"version-history":[{"count":1,"href":"https:\/\/izvak.org\/index.php\/wp-json\/wp\/v2\/posts\/1432\/revisions"}],"predecessor-version":[{"id":1434,"href":"https:\/\/izvak.org\/index.php\/wp-json\/wp\/v2\/posts\/1432\/revisions\/1434"}],"wp:featuredmedia":[{"embeddable":true,"href":"https:\/\/izvak.org\/index.php\/wp-json\/wp\/v2\/media\/1433"}],"wp:attachment":[{"href":"https:\/\/izvak.org\/index.php\/wp-json\/wp\/v2\/media?parent=1432"}],"wp:term":[{"taxonomy":"category","embeddable":true,"href":"https:\/\/izvak.org\/index.php\/wp-json\/wp\/v2\/categories?post=1432"},{"taxonomy":"post_tag","embeddable":true,"href":"https:\/\/izvak.org\/index.php\/wp-json\/wp\/v2\/tags?post=1432"}],"curies":[{"name":"wp","href":"https:\/\/api.w.org\/{rel}","templated":true}]}}