{"id":1442,"date":"2021-10-05T10:39:00","date_gmt":"2021-10-05T10:39:00","guid":{"rendered":"https:\/\/izvak.org\/?p=1442"},"modified":"2024-12-19T10:41:38","modified_gmt":"2024-12-19T10:41:38","slug":"tarih-kurulumuz-toplandi","status":"publish","type":"post","link":"https:\/\/izvak.org\/index.php\/2021\/10\/05\/tarih-kurulumuz-toplandi\/","title":{"rendered":"TAR\u0130H KURULUMUZ TOPLANDI"},"content":{"rendered":"\n<p>\u0130zmir Futbol Tarihi ile ilgili ba\u015flatt\u0131\u011f\u0131m\u0131z projeye h\u0131z kesmeden devam ediyoruz. Ba\u015fkan\u0131m\u0131z Ali Erten, Ayd\u0131n Adnan Menderes \u00dcniversitesi Tarih B\u00f6l\u00fcm\u00fc Profes\u00f6r\u00fc G\u00fcnver G\u00fcne\u015f, futbol ar\u015fiv ve belgeselcisi Fethi Aytuna, \u0130zmir B\u00fcy\u00fck\u015fehir Belediyesi Ahmet Piri\u015ftina \u0130zmir Kent Ar\u015fivi ve M\u00fczesi&#8217;nden (AP\u0130KAM) Emrah Sait Arda&#8217;n\u0131n yan\u0131 s\u0131ra t\u00fcm \u0130zmir kul\u00fcpleri tarih\u00e7ileri ile bir araya geldi.<\/p>\n\n\n\n<p>G\u00f6ztepe&#8217;nin ev sahipli\u011finde ger\u00e7ekle\u015fen \u00e7al\u0131\u015fma toplant\u0131s\u0131n\u0131n son derece yararl\u0131 ve verimli ge\u00e7ti\u011fini belirten Ba\u015fkan Erten, &#8220;1870&#8217;lere dayanan \u0130zmir\u2019in futbol tarihi, ayn\u0131 zamanda \u015fehrimizin, b\u00f6lgemizin ve cumhuriyetimizin de tarihi niteli\u011finde. Toplanacak verilerin ayn\u0131 zamanda dijital ortama da aktar\u0131laca\u011f\u0131 ve ar\u015fivlenece\u011fi bu \u00e7al\u0131\u015fmaya g\u00f6n\u00fcll\u00fc olarak destek ve katk\u0131 veren t\u00fcm kul\u00fcplerimize, \u00e7ok de\u011ferli yazarlar\u0131m\u0131za, akademisyenlerimize te\u015fekk\u00fcr ederiz&#8221; dedi.<\/p>\n\n\n\n<p><\/p>\n","protected":false},"excerpt":{"rendered":"<p>\u0130zmir Futbol Tarihi ile ilgili ba\u015flatt\u0131\u011f\u0131m\u0131z projeye h\u0131z kesmeden devam ediyoruz. Ba\u015fkan\u0131m\u0131z Ali Erten, Ayd\u0131n Adnan Menderes \u00dcniversitesi Tarih B\u00f6l\u00fcm\u00fc Profes\u00f6r\u00fc G\u00fcnver G\u00fcne\u015f, futbol ar\u015fiv ve belgeselcisi Fethi Aytuna, \u0130zmir B\u00fcy\u00fck\u015fehir Belediyesi Ahmet Piri\u015ftina \u0130zmir Kent Ar\u015fivi ve M\u00fczesi&#8217;nden (AP\u0130KAM) Emrah Sait Arda&#8217;n\u0131n yan\u0131 s\u0131ra t\u00fcm \u0130zmir kul\u00fcpleri tarih\u00e7ileri ile bir araya geldi. G\u00f6ztepe&#8217;nin ev [&hellip;]<\/p>\n","protected":false},"author":2,"featured_media":1443,"comment_status":"open","ping_status":"open","sticky":false,"template":"","format":"standard","meta":{"_uag_custom_page_level_css":"","footnotes":""},"categories":[7],"tags":[],"class_list":["post-1442","post","type-post","status-publish","format-standard","has-post-thumbnail","hentry","category-haberler"],"uagb_featured_image_src":{"full":["https:\/\/izvak.org\/wp-content\/uploads\/2024\/12\/izvaktarihson.jpg",1000,682,false],"thumbnail":["https:\/\/izvak.org\/wp-content\/uploads\/2024\/12\/izvaktarihson-150x150.jpg",150,150,true],"medium":["https:\/\/izvak.org\/wp-content\/uploads\/2024\/12\/izvaktarihson-300x205.jpg",300,205,true],"medium_large":["https:\/\/izvak.org\/wp-content\/uploads\/2024\/12\/izvaktarihson-768x524.jpg",640,437,true],"large":["https:\/\/izvak.org\/wp-content\/uploads\/2024\/12\/izvaktarihson.jpg",640,436,false],"1536x1536":["https:\/\/izvak.org\/wp-content\/uploads\/2024\/12\/izvaktarihson.jpg",1000,682,false],"2048x2048":["https:\/\/izvak.org\/wp-content\/uploads\/2024\/12\/izvaktarihson.jpg",1000,682,false]},"uagb_author_info":{"display_name":"izvak_haber","author_link":"https:\/\/izvak.org\/index.php\/author\/izvak_haber\/"},"uagb_comment_info":0,"uagb_excerpt":"\u0130zmir Futbol Tarihi ile ilgili ba\u015flatt\u0131\u011f\u0131m\u0131z projeye h\u0131z kesmeden devam ediyoruz. Ba\u015fkan\u0131m\u0131z Ali Erten, Ayd\u0131n Adnan Menderes \u00dcniversitesi Tarih B\u00f6l\u00fcm\u00fc Profes\u00f6r\u00fc G\u00fcnver G\u00fcne\u015f, futbol ar\u015fiv ve belgeselcisi Fethi Aytuna, \u0130zmir B\u00fcy\u00fck\u015fehir Belediyesi Ahmet Piri\u015ftina \u0130zmir Kent Ar\u015fivi ve M\u00fczesi&#8217;nden (AP\u0130KAM) Emrah Sait Arda&#8217;n\u0131n yan\u0131 s\u0131ra t\u00fcm \u0130zmir kul\u00fcpleri tarih\u00e7ileri ile bir araya geldi. G\u00f6ztepe&#8217;nin ev&hellip;","_links":{"self":[{"href":"https:\/\/izvak.org\/index.php\/wp-json\/wp\/v2\/posts\/1442","targetHints":{"allow":["GET"]}}],"collection":[{"href":"https:\/\/izvak.org\/index.php\/wp-json\/wp\/v2\/posts"}],"about":[{"href":"https:\/\/izvak.org\/index.php\/wp-json\/wp\/v2\/types\/post"}],"author":[{"embeddable":true,"href":"https:\/\/izvak.org\/index.php\/wp-json\/wp\/v2\/users\/2"}],"replies":[{"embeddable":true,"href":"https:\/\/izvak.org\/index.php\/wp-json\/wp\/v2\/comments?post=1442"}],"version-history":[{"count":1,"href":"https:\/\/izvak.org\/index.php\/wp-json\/wp\/v2\/posts\/1442\/revisions"}],"predecessor-version":[{"id":1444,"href":"https:\/\/izvak.org\/index.php\/wp-json\/wp\/v2\/posts\/1442\/revisions\/1444"}],"wp:featuredmedia":[{"embeddable":true,"href":"https:\/\/izvak.org\/index.php\/wp-json\/wp\/v2\/media\/1443"}],"wp:attachment":[{"href":"https:\/\/izvak.org\/index.php\/wp-json\/wp\/v2\/media?parent=1442"}],"wp:term":[{"taxonomy":"category","embeddable":true,"href":"https:\/\/izvak.org\/index.php\/wp-json\/wp\/v2\/categories?post=1442"},{"taxonomy":"post_tag","embeddable":true,"href":"https:\/\/izvak.org\/index.php\/wp-json\/wp\/v2\/tags?post=1442"}],"curies":[{"name":"wp","href":"https:\/\/api.w.org\/{rel}","templated":true}]}}