{"id":1445,"date":"2021-11-14T10:42:00","date_gmt":"2021-11-14T10:42:00","guid":{"rendered":"https:\/\/izvak.org\/?p=1445"},"modified":"2024-12-19T10:44:48","modified_gmt":"2024-12-19T10:44:48","slug":"baskan-soyer-izvak-uyeleriyle-bir-araya-geldi","status":"publish","type":"post","link":"https:\/\/izvak.org\/index.php\/2021\/11\/14\/baskan-soyer-izvak-uyeleriyle-bir-araya-geldi\/","title":{"rendered":"BA\u015eKAN SOYER \u0130ZVAK \u00dcYELER\u0130YLE B\u0130R ARAYA GELD\u0130"},"content":{"rendered":"\n<p>\u0130ZM\u0130R\u2019i bir spor kentine d\u00f6n\u00fc\u015ft\u00fcrme vizyonuyla \u00e7al\u0131\u015fmalar\u0131n\u0131 s\u00fcrd\u00fcren \u0130zmir B\u00fcy\u00fck\u015fehir Belediye Ba\u015fkan\u0131 Tun\u00e7 Soyer, \u0130zmir Spor Kul\u00fcpleri Birli\u011fi (\u0130ZVAK) \u00e7at\u0131s\u0131 alt\u0131daki profesyonel kul\u00fcplerin ba\u015fkanlar\u0131yla bir araya geldi. Toplant\u0131ya \u0130ZVAK Ba\u015fkan\u0131 Ali Erten, G\u00f6ztepe Ba\u015fkan Vekili ve \u0130ZVAK Ba\u015fkan Vekili Talat Papatya, Altay Ba\u015fkan\u0131 \u00d6zg\u00fcr Ekmek\u00e7io\u011flu, Alt\u0131nordu FK Ba\u015fkan\u0131 Seyit Mehmet \u00d6zkan, NasaDogeFinance Menemenspor Ba\u015fkan\u0131 Tahir \u015eahin, Bucaspor Ba\u015fkan Vekili Mehmet Sevin\u00e7, Kar\u015f\u0131yaka Spor Kul\u00fcb\u00fc Ba\u015fkan\u0131 Turgay B\u00fcy\u00fckkarc\u0131, Bergama Belediyespor Ba\u015fkan\u0131 Bilir Altay, \u0130zmirspor Ba\u015fkan\u0131 Nedim Topalo\u011flu, \u0130ZVAK Ba\u015fkan Yard\u0131mc\u0131s\u0131 Fatih Tanfer ve \u0130zmir B\u00fcy\u00fck\u015fehir Belediyesi Gen\u00e7lik ve Spor Hizmetleri Dairesi Ba\u015fkan\u0131 Hakan Orhunbilge kat\u0131ld\u0131.<\/p>\n\n\n\n<p>Toplant\u0131da Ba\u015fkan Soyer, \u201cKul\u00fcplerimizin \u0130ZVAK \u00e7at\u0131s\u0131 alt\u0131nda i\u015fbirli\u011fi ve dayan\u0131\u015fma i\u00e7erisinde olmalar\u0131 \u00e7ok de\u011ferli ve anlaml\u0131. Birimiz hepimiz, hepimiz birimiz i\u00e7in\u201d dedi.<br>Ge\u00e7en sezon Altay\u2019\u0131n S\u00fcper Lig\u2019e y\u00fckseldi\u011fini, Alt\u0131nordu\u2019nun Play-Off finali oynad\u0131\u011f\u0131n\u0131, Bucaspor\u2019un 2. Lig\u2019e d\u00f6nd\u00fc\u011f\u00fcn\u00fc ve P\u0131nar Kar\u015f\u0131yaka\u2019n\u0131n FIBA \u015eampiyonlar Ligi\u2019nde finale \u00e7\u0131kt\u0131\u011f\u0131n\u0131 hat\u0131rlatan Ba\u015fkan Soyer, \u201c\u0130zmir B\u00fcy\u00fck\u015fehir Belediyesi de Erkekler Hentbol T\u00fcrkiye Kupas\u0131\u2019n\u0131 tarihte ilk kez \u0130zmir\u2019e getirirken, kad\u0131nlar\u0131m\u0131z finale kadar geldi. Tekerlekli Sandalye Basketbol S\u00fcper Ligi\u2019nde \u015fampiyon oldu. \u015eimdi ba\u015far\u0131y\u0131 daha da y\u00fcceltme ve sosyal sorumluluk projeleri \u00e7evresinde el ele verme zaman\u0131\u201d dedi.<\/p>\n\n\n\n<p>\u201cDESTE\u011e\u0130M\u0130Z BU SEZON DA DEVAM EDECEK\u201d<br>Ba\u015fkan Soyer \u00f6zellikle iklim, tar\u0131m ve \u00e7evre kirlili\u011finin \u00f6nlenmesi projeleri ile Maraton \u0130zmir\u2019de kul\u00fcplerin deste\u011finin \u00f6nemine de\u011finerek, \u201cKul\u00fcplerimiz \u0130zmir\u2019in sesi, nefesi. Att\u0131klar\u0131 her ad\u0131mla, gen\u00e7lerimize ve \u00e7ocuklar\u0131m\u0131za \u00f6rnek oluyorlar. Belediyemizin sosyal sorumluluk projelerinde g\u00f6n\u00fclle olarak yer almalar\u0131 sayesinde \u00f6rnek bir i\u015f birli\u011fi ortaya \u00e7\u0131kaca\u011f\u0131na inan\u0131yorum. Kul\u00fcplerimize \u015fimdiden te\u015fekk\u00fcr ediyorum. \u0130ZVAK\u2019\u0131n, kul\u00fcplerimiz ad\u0131na \u0130zmir Vakf\u0131 \u00e7al\u0131\u015fmalar\u0131na kat\u0131l\u0131m\u0131n\u0131 sa\u011flayaca\u011f\u0131z. Y\u00fcz y\u0131ll\u0131k \u00e7\u0131narlar\u0131m\u0131z olan Kul\u00fcplerimiz \u0130zmir\u2019in tan\u0131t\u0131m\u0131nda daha aktif rol alacaklar. Kul\u00fcplerimize verdi\u011fimiz deste\u011fe devam edece\u011fiz\u201d diye konu\u015ftu.<br>\u0130ZVAK Ba\u015fkan\u0131 Ali Erten ve Kul\u00fcp temsilcileri de gelecek ku\u015faklara \u00e7ok daha g\u00fczel bir \u0130zmir b\u0131rakmak i\u00e7in her t\u00fcrl\u00fc i\u015f birli\u011fine a\u00e7\u0131k olduklar\u0131n\u0131 ifade ederek, \u0130zmir\u2019in tan\u0131t\u0131m\u0131nda daha aktif ve g\u00f6n\u00fcll\u00fc olarak g\u00f6rev almaktan dolay\u0131 mutluluklar\u0131n\u0131 dile getirdi.<\/p>\n\n\n\n<p>\u0130\u015fbirli\u011finin ilk ad\u0131m\u0131 olarak ise \u0130zmir B\u00fcy\u00fck\u015fehir Belediyesi Kad\u0131n Hentbol Tak\u0131m\u0131\u2019n\u0131n EHF Kupas\u0131\u2019nda&nbsp; Madeira Andebol SAD ile Celal Atik Spor Salonu\u2019nda oynad\u0131\u011f\u0131 ma\u00e7\u0131 kul\u00fcplerin altyap\u0131 sporcular\u0131 el ele vererek izledi.<\/p>\n\n\n\n<p><\/p>\n","protected":false},"excerpt":{"rendered":"<p>\u0130ZM\u0130R\u2019i bir spor kentine d\u00f6n\u00fc\u015ft\u00fcrme vizyonuyla \u00e7al\u0131\u015fmalar\u0131n\u0131 s\u00fcrd\u00fcren \u0130zmir B\u00fcy\u00fck\u015fehir Belediye Ba\u015fkan\u0131 Tun\u00e7 Soyer, \u0130zmir Spor Kul\u00fcpleri Birli\u011fi (\u0130ZVAK) \u00e7at\u0131s\u0131 alt\u0131daki profesyonel kul\u00fcplerin ba\u015fkanlar\u0131yla bir araya geldi. Toplant\u0131ya \u0130ZVAK Ba\u015fkan\u0131 Ali Erten, G\u00f6ztepe Ba\u015fkan Vekili ve \u0130ZVAK Ba\u015fkan Vekili Talat Papatya, Altay Ba\u015fkan\u0131 \u00d6zg\u00fcr Ekmek\u00e7io\u011flu, Alt\u0131nordu FK Ba\u015fkan\u0131 Seyit Mehmet \u00d6zkan, NasaDogeFinance Menemenspor Ba\u015fkan\u0131 Tahir [&hellip;]<\/p>\n","protected":false},"author":2,"featured_media":1447,"comment_status":"open","ping_status":"open","sticky":false,"template":"","format":"standard","meta":{"_uag_custom_page_level_css":"","footnotes":""},"categories":[7],"tags":[],"class_list":["post-1445","post","type-post","status-publish","format-standard","has-post-thumbnail","hentry","category-haberler"],"uagb_featured_image_src":{"full":["https:\/\/izvak.org\/wp-content\/uploads\/2024\/12\/izvakkulupp.jpg",869,477,false],"thumbnail":["https:\/\/izvak.org\/wp-content\/uploads\/2024\/12\/izvakkulupp-150x150.jpg",150,150,true],"medium":["https:\/\/izvak.org\/wp-content\/uploads\/2024\/12\/izvakkulupp-300x165.jpg",300,165,true],"medium_large":["https:\/\/izvak.org\/wp-content\/uploads\/2024\/12\/izvakkulupp-768x422.jpg",640,352,true],"large":["https:\/\/izvak.org\/wp-content\/uploads\/2024\/12\/izvakkulupp.jpg",640,351,false],"1536x1536":["https:\/\/izvak.org\/wp-content\/uploads\/2024\/12\/izvakkulupp.jpg",869,477,false],"2048x2048":["https:\/\/izvak.org\/wp-content\/uploads\/2024\/12\/izvakkulupp.jpg",869,477,false]},"uagb_author_info":{"display_name":"izvak_haber","author_link":"https:\/\/izvak.org\/index.php\/author\/izvak_haber\/"},"uagb_comment_info":0,"uagb_excerpt":"\u0130ZM\u0130R\u2019i bir spor kentine d\u00f6n\u00fc\u015ft\u00fcrme vizyonuyla \u00e7al\u0131\u015fmalar\u0131n\u0131 s\u00fcrd\u00fcren \u0130zmir B\u00fcy\u00fck\u015fehir Belediye Ba\u015fkan\u0131 Tun\u00e7 Soyer, \u0130zmir Spor Kul\u00fcpleri Birli\u011fi (\u0130ZVAK) \u00e7at\u0131s\u0131 alt\u0131daki profesyonel kul\u00fcplerin ba\u015fkanlar\u0131yla bir araya geldi. Toplant\u0131ya \u0130ZVAK Ba\u015fkan\u0131 Ali Erten, G\u00f6ztepe Ba\u015fkan Vekili ve \u0130ZVAK Ba\u015fkan Vekili Talat Papatya, Altay Ba\u015fkan\u0131 \u00d6zg\u00fcr Ekmek\u00e7io\u011flu, Alt\u0131nordu FK Ba\u015fkan\u0131 Seyit Mehmet \u00d6zkan, NasaDogeFinance Menemenspor Ba\u015fkan\u0131 Tahir&hellip;","_links":{"self":[{"href":"https:\/\/izvak.org\/index.php\/wp-json\/wp\/v2\/posts\/1445","targetHints":{"allow":["GET"]}}],"collection":[{"href":"https:\/\/izvak.org\/index.php\/wp-json\/wp\/v2\/posts"}],"about":[{"href":"https:\/\/izvak.org\/index.php\/wp-json\/wp\/v2\/types\/post"}],"author":[{"embeddable":true,"href":"https:\/\/izvak.org\/index.php\/wp-json\/wp\/v2\/users\/2"}],"replies":[{"embeddable":true,"href":"https:\/\/izvak.org\/index.php\/wp-json\/wp\/v2\/comments?post=1445"}],"version-history":[{"count":1,"href":"https:\/\/izvak.org\/index.php\/wp-json\/wp\/v2\/posts\/1445\/revisions"}],"predecessor-version":[{"id":1448,"href":"https:\/\/izvak.org\/index.php\/wp-json\/wp\/v2\/posts\/1445\/revisions\/1448"}],"wp:featuredmedia":[{"embeddable":true,"href":"https:\/\/izvak.org\/index.php\/wp-json\/wp\/v2\/media\/1447"}],"wp:attachment":[{"href":"https:\/\/izvak.org\/index.php\/wp-json\/wp\/v2\/media?parent=1445"}],"wp:term":[{"taxonomy":"category","embeddable":true,"href":"https:\/\/izvak.org\/index.php\/wp-json\/wp\/v2\/categories?post=1445"},{"taxonomy":"post_tag","embeddable":true,"href":"https:\/\/izvak.org\/index.php\/wp-json\/wp\/v2\/tags?post=1445"}],"curies":[{"name":"wp","href":"https:\/\/api.w.org\/{rel}","templated":true}]}}