{"id":1461,"date":"2022-02-16T10:57:00","date_gmt":"2022-02-16T10:57:00","guid":{"rendered":"https:\/\/izvak.org\/?p=1461"},"modified":"2024-12-19T11:00:15","modified_gmt":"2024-12-19T11:00:15","slug":"tribation-izmir-kuluplerine-destek-olacak","status":"publish","type":"post","link":"https:\/\/izvak.org\/index.php\/2022\/02\/16\/tribation-izmir-kuluplerine-destek-olacak\/","title":{"rendered":"TR\u0130BAT\u0130ON \u0130ZM\u0130R KUL\u00dcPLER\u0130NE DESTEK OLACAK"},"content":{"rendered":"\n<p>\u0130zmir Spor Kul\u00fcpleri Birli\u011fi Vakf\u0131 (\u0130ZVAK) Y\u00f6netim Kurulu ad\u0131na Ba\u015fkanm\u0131z Ali Erten, Tribation CEO\u2019su Y.Timur Toramano\u011flu, World17 CEO\u2019su Adam Evren Garipo\u011flu\u2019nun ev sahipli\u011fi yapt\u0131\u011f\u0131 tan\u0131t\u0131ma \u0130zmir Gazeteciler Cemiyeti Ba\u015fkan\u0131 Dilek Gappi, TSYD \u0130zmir \u015eubesi Ba\u015fkan\u0131 Bahri Okumu\u015f, G\u00f6ztepe Ba\u015fkan Vekili Talat Papatya, Altay Y\u00fcksek Divan Kurulu Ba\u015fkan\u0131 Sabri Seveno\u011flu, Alt\u0131nordu Spor Kul\u00fcb\u00fc Derne\u011fi Ba\u015fkan\u0131 Sinan Bezircilio\u011flu ve \u00e7ok say\u0131da bas\u0131n mensubu kat\u0131ld\u0131.<\/p>\n\n\n\n<p>Tribation\u2019un \u00fc\u00e7 y\u0131ll\u0131k kullan\u0131c\u0131 hedefinin 300 milyon ki\u015fi olarak a\u00e7\u0131kland\u0131\u011f\u0131 toplant\u0131n\u0131n a\u00e7\u0131l\u0131\u015f konu\u015fmas\u0131n\u0131 \u0130ZVAK Ba\u015fkan\u0131 Erten \u201c\u0130leti\u015fim t\u00fcm d\u00fcnyada yeni bir d\u00f6nem ve gelir modeli yaratt\u0131. Tribation\u2019un global hisselerinin y\u00fczde 3\u2019\u00fc, \u0130ZVAK \u00fczerinden \u0130zmir kul\u00fcplerine da\u011f\u0131t\u0131lacak. Bu, bug\u00fcnden yar\u0131na ger\u00e7ekle\u015fecek bir durum de\u011fil. Uzun soluklu, kal\u0131c\u0131 ve s\u00fcrekli artar bir gelir modeli. \u0130lklerin kenti \u0130zmir, \u0130ZVAK\u2019\u0131n getirdi\u011fi i\u015f birli\u011fi ve g\u00fc\u00e7 birli\u011fi ile \u00e7ok \u00f6nemli bir projeye ba\u015fl\u0131yor\u201d dedi.<\/p>\n\n\n\n<p>Projenin ilk teklif edildi\u011fi kul\u00fcp olan G\u00f6ztepe\u2019ye te\u015fekk\u00fcr eden Erten, \u201cTribation ve Wordl17\u2019den ilk teklif G\u00f6ztepe\u2019ye gelmesine ra\u011fmen projeye t\u00fcm \u0130zmir kul\u00fcplerini katmak i\u00e7in \u0130ZVAK ile ortak hareket etti. Bu durum bizleri daha da gururland\u0131rd\u0131, ne kadar \u00e7ok yol ald\u0131\u011f\u0131m\u0131z\u0131 ve ne kadar do\u011fru bir i\u015f yapt\u0131\u011f\u0131m\u0131z\u0131 bir kez daha g\u00f6rd\u00fck. Tribation, sporun i\u00e7indeki t\u00fcm akt\u00f6rlere f\u0131rsat ve kaynak yarat\u0131rken, geli\u015fimlerini destekleyecek, bir yandan da kul\u00fcplerimiz maddi kazan\u00e7 sa\u011flayacak\u201d diye konu\u015ftu.<\/p>\n\n\n\n<p>Tribation CEO\u2019su Y.Timur Toramano\u011flu, 2018\u2019de ba\u015flayan projenin d\u00f6rt y\u0131lda geli\u015ftirildi\u011fini belirterek, \u201cD\u00fcnyada art\u0131k en \u00f6nemli \u015fey network. Tribation, sporun i\u00e7erisinde yer alan herkesi tek bir sosyal medya platformunda toplayacak. Projeye \u0130zmir\u2019den ba\u015flayarak \u00e7ok do\u011fru bir tercih yapt\u0131k. Bu a\u00e7\u0131dan \u0130ZVAK\u2019a \u00e7ok te\u015fekk\u00fcr ederiz. 48 dil se\u00e7ene\u011fi bulunan Tribation, yak\u0131n gelecekte dev bir platforma d\u00f6n\u00fc\u015fecek. Y\u0131llar sonra bunu Tarihi Havagaz\u0131 Fabrikas\u0131\u2019nda ba\u015flatmam\u0131z \u00e7ok konu\u015fulacak\u201d yorumu yapt\u0131.<br>Tribation\u2019u yat\u0131r\u0131m yapan Wordl17 CEO\u2019su Adam Evren Garipo\u011flu, Tribaton\u2019un \u00fc\u00e7 y\u0131lda 300 milyon kullan\u0131c\u0131ya ula\u015fmay\u0131 hedefledi\u011fi vurgulayarak, \u201cWorld17 olarak Tribation\u2019u \u00e7ok de\u011feri buluyoruz. Marka, f\u0131rsat e\u015fitsizli\u011fini engelleyerek, menajerlerin organizasyonuna zarar vermeden, geli\u015fmemi\u015f bir yerde veya geli\u015fmi\u015f ancak arkas\u0131nda kimsenin olmad\u0131\u011f\u0131 yerlerdeki profesyonel sporculara ula\u015f\u0131lmas\u0131n\u0131 sa\u011flayacak. Amac\u0131m\u0131z k\u00fcresel spor camias\u0131n\u0131n merkezi olmak\u201d dedi.<\/p>\n\n\n\n<p>Garipo\u011flu, Tribation\u2019un gelir modelini ve bunun \u0130zmir kul\u00fcplerine nas\u0131l aktar\u0131laca\u011f\u0131 konusunu da \u00f6zetleyerek, \u201cKul\u00fcpler bu noktada iki farkl\u0131 gelir elde edecek. Uygulamay\u0131 indiren her ki\u015fi, e\u011fer bir \u0130zmir kul\u00fcb\u00fcn\u00fc se\u00e7tiyse buradan kul\u00fcbe bir kaynak gidecek. Di\u011fer yandan Tribation\u2019u global marka de\u011ferinin y\u00fczde 3\u2019\u00fc \u0130ZVAK \u00fczerinden yine \u0130zmir kul\u00fcplerine aktar\u0131lacak. Sistem ne kadar b\u00fcy\u00fcrse kul\u00fcpler o kadar b\u00fcy\u00fck ve kalc\u0131 gelirlerin sahibi olacak\u201d diye konu\u015ftu.<\/p>\n\n\n\n<p>G\u00f6ztepe Ba\u015fkan Vekili Talat Papatya, Altay Y\u00fcksek Divan Kurulu Ba\u015fkan\u0131 Sabri Seveno\u011flu, Alt\u0131nordu Spor Kul\u00fcb\u00fc Derne\u011fi Ba\u015fkan\u0131 Sinan Bezircilio\u011flu da projeyi desteklerini ifade ederken, \u0130zmir Gazeteciler Cemiyeti Ba\u015fkan\u0131 Dilek Gappi\u2019nin \u201cBiz de \u0130GC olarak uluslararas\u0131 iki proje y\u00fcr\u00fct\u00fcyoruz. Dar kal\u0131plar\u0131n d\u0131\u015f\u0131na \u00e7\u0131k\u0131yoruz. Sorunlar\u0131 birbirimize anlatarak \u00e7\u00f6zemeyiz. Tribation bu a\u00e7\u0131dan bir \u00e7\u0131k\u0131\u015f noktas\u0131 olarak. Hepimiz dijital \u00e7a\u011fa ayak uydurmak zorunday\u0131z\u201d vurgusu b\u00fcy\u00fck alk\u0131\u015f ald\u0131.<\/p>\n","protected":false},"excerpt":{"rendered":"<p>\u0130zmir Spor Kul\u00fcpleri Birli\u011fi Vakf\u0131 (\u0130ZVAK) Y\u00f6netim Kurulu ad\u0131na Ba\u015fkanm\u0131z Ali Erten, Tribation CEO\u2019su Y.Timur Toramano\u011flu, World17 CEO\u2019su Adam Evren Garipo\u011flu\u2019nun ev sahipli\u011fi yapt\u0131\u011f\u0131 tan\u0131t\u0131ma \u0130zmir Gazeteciler Cemiyeti Ba\u015fkan\u0131 Dilek Gappi, TSYD \u0130zmir \u015eubesi Ba\u015fkan\u0131 Bahri Okumu\u015f, G\u00f6ztepe Ba\u015fkan Vekili Talat Papatya, Altay Y\u00fcksek Divan Kurulu Ba\u015fkan\u0131 Sabri Seveno\u011flu, Alt\u0131nordu Spor Kul\u00fcb\u00fc Derne\u011fi Ba\u015fkan\u0131 Sinan [&hellip;]<\/p>\n","protected":false},"author":2,"featured_media":1462,"comment_status":"open","ping_status":"open","sticky":false,"template":"","format":"standard","meta":{"_uag_custom_page_level_css":"","footnotes":""},"categories":[7],"tags":[],"class_list":["post-1461","post","type-post","status-publish","format-standard","has-post-thumbnail","hentry","category-haberler"],"uagb_featured_image_src":{"full":["https:\/\/izvak.org\/wp-content\/uploads\/2024\/12\/tribaaatttt.jpg",1280,720,false],"thumbnail":["https:\/\/izvak.org\/wp-content\/uploads\/2024\/12\/tribaaatttt-150x150.jpg",150,150,true],"medium":["https:\/\/izvak.org\/wp-content\/uploads\/2024\/12\/tribaaatttt-300x169.jpg",300,169,true],"medium_large":["https:\/\/izvak.org\/wp-content\/uploads\/2024\/12\/tribaaatttt-768x432.jpg",640,360,true],"large":["https:\/\/izvak.org\/wp-content\/uploads\/2024\/12\/tribaaatttt-1024x576.jpg",640,360,true],"1536x1536":["https:\/\/izvak.org\/wp-content\/uploads\/2024\/12\/tribaaatttt.jpg",1280,720,false],"2048x2048":["https:\/\/izvak.org\/wp-content\/uploads\/2024\/12\/tribaaatttt.jpg",1280,720,false]},"uagb_author_info":{"display_name":"izvak_haber","author_link":"https:\/\/izvak.org\/index.php\/author\/izvak_haber\/"},"uagb_comment_info":0,"uagb_excerpt":"\u0130zmir Spor Kul\u00fcpleri Birli\u011fi Vakf\u0131 (\u0130ZVAK) Y\u00f6netim Kurulu ad\u0131na Ba\u015fkanm\u0131z Ali Erten, Tribation CEO\u2019su Y.Timur Toramano\u011flu, World17 CEO\u2019su Adam Evren Garipo\u011flu\u2019nun ev sahipli\u011fi yapt\u0131\u011f\u0131 tan\u0131t\u0131ma \u0130zmir Gazeteciler Cemiyeti Ba\u015fkan\u0131 Dilek Gappi, TSYD \u0130zmir \u015eubesi Ba\u015fkan\u0131 Bahri Okumu\u015f, G\u00f6ztepe Ba\u015fkan Vekili Talat Papatya, Altay Y\u00fcksek Divan Kurulu Ba\u015fkan\u0131 Sabri Seveno\u011flu, Alt\u0131nordu Spor Kul\u00fcb\u00fc Derne\u011fi Ba\u015fkan\u0131 Sinan&hellip;","_links":{"self":[{"href":"https:\/\/izvak.org\/index.php\/wp-json\/wp\/v2\/posts\/1461","targetHints":{"allow":["GET"]}}],"collection":[{"href":"https:\/\/izvak.org\/index.php\/wp-json\/wp\/v2\/posts"}],"about":[{"href":"https:\/\/izvak.org\/index.php\/wp-json\/wp\/v2\/types\/post"}],"author":[{"embeddable":true,"href":"https:\/\/izvak.org\/index.php\/wp-json\/wp\/v2\/users\/2"}],"replies":[{"embeddable":true,"href":"https:\/\/izvak.org\/index.php\/wp-json\/wp\/v2\/comments?post=1461"}],"version-history":[{"count":1,"href":"https:\/\/izvak.org\/index.php\/wp-json\/wp\/v2\/posts\/1461\/revisions"}],"predecessor-version":[{"id":1463,"href":"https:\/\/izvak.org\/index.php\/wp-json\/wp\/v2\/posts\/1461\/revisions\/1463"}],"wp:featuredmedia":[{"embeddable":true,"href":"https:\/\/izvak.org\/index.php\/wp-json\/wp\/v2\/media\/1462"}],"wp:attachment":[{"href":"https:\/\/izvak.org\/index.php\/wp-json\/wp\/v2\/media?parent=1461"}],"wp:term":[{"taxonomy":"category","embeddable":true,"href":"https:\/\/izvak.org\/index.php\/wp-json\/wp\/v2\/categories?post=1461"},{"taxonomy":"post_tag","embeddable":true,"href":"https:\/\/izvak.org\/index.php\/wp-json\/wp\/v2\/tags?post=1461"}],"curies":[{"name":"wp","href":"https:\/\/api.w.org\/{rel}","templated":true}]}}