{"id":1716,"date":"2024-12-25T18:33:00","date_gmt":"2024-12-25T18:33:00","guid":{"rendered":"https:\/\/izvak.org\/?p=1716"},"modified":"2025-02-11T18:37:58","modified_gmt":"2025-02-11T18:37:58","slug":"talat-papatyaya-yilin-spor-adami-odulu","status":"publish","type":"post","link":"https:\/\/izvak.org\/index.php\/2024\/12\/25\/talat-papatyaya-yilin-spor-adami-odulu\/","title":{"rendered":"TALAT PAPATYA\u2019YA \u201cYILIN SPOR ADAMI\u201d \u00d6D\u00dcL\u00dc\u2026"},"content":{"rendered":"\n<p>Y\u00f6netim Kurulu Ba\u015fkan Vekilimiz Say\u0131n Talat Papatya, \u201cG\u00fcndem Ege\u201d nin d\u00fczenledi\u011fi 2024 Y\u0131l\u0131 Alt\u0131n \u00dcz\u00fcm \u00d6d\u00fclleri kapsam\u0131nda, \u0130zmir ve T\u00fcrk futboluna katk\u0131lar\u0131ndan dolay\u0131 \u201cY\u0131l\u0131n Spor Adam\u0131\u201d \u00f6d\u00fcl\u00fcne lay\u0131k g\u00f6r\u00fcld\u00fc.<\/p>\n\n\n\n<p>\u00d6d\u00fcl\u00fc, Merkez Hakem Kurulu \u00dcyesi Sebahattin \u015eahin verdi.<\/p>\n\n\n\n<p>Kendisini kutluyor, futbol ailemize verdi\u011fi de\u011ferli hizmetler i\u00e7in te\u015fekk\u00fcr ediyoruz\u2026<\/p>\n\n\n\n<figure class=\"wp-block-image size-large\"><img loading=\"lazy\" decoding=\"async\" width=\"1024\" height=\"784\" src=\"https:\/\/izvak.org\/wp-content\/uploads\/2025\/02\/2-16-1024x784.jpg\" alt=\"\" class=\"wp-image-1717\" srcset=\"https:\/\/izvak.org\/wp-content\/uploads\/2025\/02\/2-16-1024x784.jpg 1024w, https:\/\/izvak.org\/wp-content\/uploads\/2025\/02\/2-16-300x230.jpg 300w, https:\/\/izvak.org\/wp-content\/uploads\/2025\/02\/2-16-768x588.jpg 768w, https:\/\/izvak.org\/wp-content\/uploads\/2025\/02\/2-16.jpg 1529w\" sizes=\"auto, (max-width: 1024px) 100vw, 1024px\" \/><\/figure>\n","protected":false},"excerpt":{"rendered":"<p>Y\u00f6netim Kurulu Ba\u015fkan Vekilimiz Say\u0131n Talat Papatya, \u201cG\u00fcndem Ege\u201d nin d\u00fczenledi\u011fi 2024 Y\u0131l\u0131 Alt\u0131n \u00dcz\u00fcm \u00d6d\u00fclleri kapsam\u0131nda, \u0130zmir ve T\u00fcrk futboluna katk\u0131lar\u0131ndan dolay\u0131 \u201cY\u0131l\u0131n Spor Adam\u0131\u201d \u00f6d\u00fcl\u00fcne lay\u0131k g\u00f6r\u00fcld\u00fc. \u00d6d\u00fcl\u00fc, Merkez Hakem Kurulu \u00dcyesi Sebahattin \u015eahin verdi. Kendisini kutluyor, futbol ailemize verdi\u011fi de\u011ferli hizmetler i\u00e7in te\u015fekk\u00fcr ediyoruz\u2026<\/p>\n","protected":false},"author":2,"featured_media":1718,"comment_status":"open","ping_status":"open","sticky":false,"template":"","format":"standard","meta":{"_uag_custom_page_level_css":"","footnotes":""},"categories":[7],"tags":[],"class_list":["post-1716","post","type-post","status-publish","format-standard","has-post-thumbnail","hentry","category-haberler"],"uagb_featured_image_src":{"full":["https:\/\/izvak.org\/wp-content\/uploads\/2025\/02\/1-21.jpg",950,620,false],"thumbnail":["https:\/\/izvak.org\/wp-content\/uploads\/2025\/02\/1-21-150x150.jpg",150,150,true],"medium":["https:\/\/izvak.org\/wp-content\/uploads\/2025\/02\/1-21-300x196.jpg",300,196,true],"medium_large":["https:\/\/izvak.org\/wp-content\/uploads\/2025\/02\/1-21-768x501.jpg",640,418,true],"large":["https:\/\/izvak.org\/wp-content\/uploads\/2025\/02\/1-21.jpg",640,418,false],"1536x1536":["https:\/\/izvak.org\/wp-content\/uploads\/2025\/02\/1-21.jpg",950,620,false],"2048x2048":["https:\/\/izvak.org\/wp-content\/uploads\/2025\/02\/1-21.jpg",950,620,false]},"uagb_author_info":{"display_name":"izvak_haber","author_link":"https:\/\/izvak.org\/index.php\/author\/izvak_haber\/"},"uagb_comment_info":3,"uagb_excerpt":"Y\u00f6netim Kurulu Ba\u015fkan Vekilimiz Say\u0131n Talat Papatya, \u201cG\u00fcndem Ege\u201d nin d\u00fczenledi\u011fi 2024 Y\u0131l\u0131 Alt\u0131n \u00dcz\u00fcm \u00d6d\u00fclleri kapsam\u0131nda, \u0130zmir ve T\u00fcrk futboluna katk\u0131lar\u0131ndan dolay\u0131 \u201cY\u0131l\u0131n Spor Adam\u0131\u201d \u00f6d\u00fcl\u00fcne lay\u0131k g\u00f6r\u00fcld\u00fc. \u00d6d\u00fcl\u00fc, Merkez Hakem Kurulu \u00dcyesi Sebahattin \u015eahin verdi. Kendisini kutluyor, futbol ailemize verdi\u011fi de\u011ferli hizmetler i\u00e7in te\u015fekk\u00fcr ediyoruz\u2026","_links":{"self":[{"href":"https:\/\/izvak.org\/index.php\/wp-json\/wp\/v2\/posts\/1716","targetHints":{"allow":["GET"]}}],"collection":[{"href":"https:\/\/izvak.org\/index.php\/wp-json\/wp\/v2\/posts"}],"about":[{"href":"https:\/\/izvak.org\/index.php\/wp-json\/wp\/v2\/types\/post"}],"author":[{"embeddable":true,"href":"https:\/\/izvak.org\/index.php\/wp-json\/wp\/v2\/users\/2"}],"replies":[{"embeddable":true,"href":"https:\/\/izvak.org\/index.php\/wp-json\/wp\/v2\/comments?post=1716"}],"version-history":[{"count":1,"href":"https:\/\/izvak.org\/index.php\/wp-json\/wp\/v2\/posts\/1716\/revisions"}],"predecessor-version":[{"id":1719,"href":"https:\/\/izvak.org\/index.php\/wp-json\/wp\/v2\/posts\/1716\/revisions\/1719"}],"wp:featuredmedia":[{"embeddable":true,"href":"https:\/\/izvak.org\/index.php\/wp-json\/wp\/v2\/media\/1718"}],"wp:attachment":[{"href":"https:\/\/izvak.org\/index.php\/wp-json\/wp\/v2\/media?parent=1716"}],"wp:term":[{"taxonomy":"category","embeddable":true,"href":"https:\/\/izvak.org\/index.php\/wp-json\/wp\/v2\/categories?post=1716"},{"taxonomy":"post_tag","embeddable":true,"href":"https:\/\/izvak.org\/index.php\/wp-json\/wp\/v2\/tags?post=1716"}],"curies":[{"name":"wp","href":"https:\/\/api.w.org\/{rel}","templated":true}]}}