{"id":1880,"date":"2025-04-26T18:20:37","date_gmt":"2025-04-26T18:20:37","guid":{"rendered":"https:\/\/izvak.org\/?p=1880"},"modified":"2025-05-21T18:22:01","modified_gmt":"2025-05-21T18:22:01","slug":"sampiyonumuzu-kutluyoruz","status":"publish","type":"post","link":"https:\/\/izvak.org\/index.php\/2025\/04\/26\/sampiyonumuzu-kutluyoruz\/","title":{"rendered":"\u015eAMP\u0130YONUMUZU KUTLUYORUZ\u2026"},"content":{"rendered":"\n<p>AL\u0130A\u011eA FK \u2019m\u0131z, 2024 &#8211; 25 sezonunda TFF\u2019nin t\u00fcm profesyonel futbol liglerinin tek nama\u011flup tak\u0131m\u0131 \u00fcnvan\u0131n\u0131 \u015fampiyonlukla ta\u00e7land\u0131rarak 2. lige y\u00fckseldi.<\/p>\n\n\n\n<p>\u015eampiyonumuzu, emek veren, katk\u0131 koyan herkesi, ola\u011fan\u00fcst\u00fc ba\u015far\u0131ya imza koyan sahadaki t\u00fcm karde\u015flerimizi, Alia\u011fa\u011fa FK camiam\u0131z\u0131 g\u00f6n\u00fclden kutluyoruz\u2026<\/p>\n\n\n\n<p>\u0130ZVAK Y\u00d6NET\u0130M KURULU<\/p>\n\n\n\n<p><\/p>\n","protected":false},"excerpt":{"rendered":"<p>AL\u0130A\u011eA FK \u2019m\u0131z, 2024 &#8211; 25 sezonunda TFF\u2019nin t\u00fcm profesyonel futbol liglerinin tek nama\u011flup tak\u0131m\u0131 \u00fcnvan\u0131n\u0131 \u015fampiyonlukla ta\u00e7land\u0131rarak 2. lige y\u00fckseldi. \u015eampiyonumuzu, emek veren, katk\u0131 koyan herkesi, ola\u011fan\u00fcst\u00fc ba\u015far\u0131ya imza koyan sahadaki t\u00fcm karde\u015flerimizi, Alia\u011fa\u011fa FK camiam\u0131z\u0131 g\u00f6n\u00fclden kutluyoruz\u2026 \u0130ZVAK Y\u00d6NET\u0130M KURULU<\/p>\n","protected":false},"author":1,"featured_media":1881,"comment_status":"open","ping_status":"open","sticky":false,"template":"","format":"standard","meta":{"_uag_custom_page_level_css":"","footnotes":""},"categories":[7],"tags":[],"class_list":["post-1880","post","type-post","status-publish","format-standard","has-post-thumbnail","hentry","category-haberler"],"uagb_featured_image_src":{"full":["https:\/\/izvak.org\/wp-content\/uploads\/2025\/05\/WhatsApp-Image-2025-05-15-at-23.35.05.jpeg",1347,1679,false],"thumbnail":["https:\/\/izvak.org\/wp-content\/uploads\/2025\/05\/WhatsApp-Image-2025-05-15-at-23.35.05-150x150.jpeg",150,150,true],"medium":["https:\/\/izvak.org\/wp-content\/uploads\/2025\/05\/WhatsApp-Image-2025-05-15-at-23.35.05-241x300.jpeg",241,300,true],"medium_large":["https:\/\/izvak.org\/wp-content\/uploads\/2025\/05\/WhatsApp-Image-2025-05-15-at-23.35.05-768x957.jpeg",640,798,true],"large":["https:\/\/izvak.org\/wp-content\/uploads\/2025\/05\/WhatsApp-Image-2025-05-15-at-23.35.05-822x1024.jpeg",640,797,true],"1536x1536":["https:\/\/izvak.org\/wp-content\/uploads\/2025\/05\/WhatsApp-Image-2025-05-15-at-23.35.05-1232x1536.jpeg",1232,1536,true],"2048x2048":["https:\/\/izvak.org\/wp-content\/uploads\/2025\/05\/WhatsApp-Image-2025-05-15-at-23.35.05.jpeg",1347,1679,false]},"uagb_author_info":{"display_name":"izvak","author_link":"https:\/\/izvak.org\/index.php\/author\/izvakorg\/"},"uagb_comment_info":157,"uagb_excerpt":"AL\u0130A\u011eA FK \u2019m\u0131z, 2024 &#8211; 25 sezonunda TFF\u2019nin t\u00fcm profesyonel futbol liglerinin tek nama\u011flup tak\u0131m\u0131 \u00fcnvan\u0131n\u0131 \u015fampiyonlukla ta\u00e7land\u0131rarak 2. lige y\u00fckseldi. \u015eampiyonumuzu, emek veren, katk\u0131 koyan herkesi, ola\u011fan\u00fcst\u00fc ba\u015far\u0131ya imza koyan sahadaki t\u00fcm karde\u015flerimizi, Alia\u011fa\u011fa FK camiam\u0131z\u0131 g\u00f6n\u00fclden kutluyoruz\u2026 \u0130ZVAK Y\u00d6NET\u0130M KURULU","_links":{"self":[{"href":"https:\/\/izvak.org\/index.php\/wp-json\/wp\/v2\/posts\/1880","targetHints":{"allow":["GET"]}}],"collection":[{"href":"https:\/\/izvak.org\/index.php\/wp-json\/wp\/v2\/posts"}],"about":[{"href":"https:\/\/izvak.org\/index.php\/wp-json\/wp\/v2\/types\/post"}],"author":[{"embeddable":true,"href":"https:\/\/izvak.org\/index.php\/wp-json\/wp\/v2\/users\/1"}],"replies":[{"embeddable":true,"href":"https:\/\/izvak.org\/index.php\/wp-json\/wp\/v2\/comments?post=1880"}],"version-history":[{"count":1,"href":"https:\/\/izvak.org\/index.php\/wp-json\/wp\/v2\/posts\/1880\/revisions"}],"predecessor-version":[{"id":1882,"href":"https:\/\/izvak.org\/index.php\/wp-json\/wp\/v2\/posts\/1880\/revisions\/1882"}],"wp:featuredmedia":[{"embeddable":true,"href":"https:\/\/izvak.org\/index.php\/wp-json\/wp\/v2\/media\/1881"}],"wp:attachment":[{"href":"https:\/\/izvak.org\/index.php\/wp-json\/wp\/v2\/media?parent=1880"}],"wp:term":[{"taxonomy":"category","embeddable":true,"href":"https:\/\/izvak.org\/index.php\/wp-json\/wp\/v2\/categories?post=1880"},{"taxonomy":"post_tag","embeddable":true,"href":"https:\/\/izvak.org\/index.php\/wp-json\/wp\/v2\/tags?post=1880"}],"curies":[{"name":"wp","href":"https:\/\/api.w.org\/{rel}","templated":true}]}}