{"id":1883,"date":"2025-04-26T18:22:25","date_gmt":"2025-04-26T18:22:25","guid":{"rendered":"https:\/\/izvak.org\/?p=1883"},"modified":"2025-05-21T18:23:45","modified_gmt":"2025-05-21T18:23:45","slug":"3-ligde-mucadele-eden-sehrimizin-takimlarini-kutluyoruz","status":"publish","type":"post","link":"https:\/\/izvak.org\/index.php\/2025\/04\/26\/3-ligde-mucadele-eden-sehrimizin-takimlarini-kutluyoruz\/","title":{"rendered":"3.L\u0130G\u2019DE M\u00dcCADELE EDEN \u015eEHR\u0130M\u0130Z\u0130N TAKIMLARINI KUTLUYORUZ\u2026"},"content":{"rendered":"\n<p>Bug\u00fcn, TFF 3.Lig\u2019de m\u00fcthi\u015f bir \u201c\u0130zmir Final G\u00fcn\u00fc\u201dya\u015fad\u0131k\u2026<\/p>\n\n\n\n<p>Son hafta deplasmanda Mustafa Kemalpa\u015fa\u2019y\u0131 5-1 yenerek Nesine 3.Lig 3. Grup\u2019u zirvede kapatan ve T\u00dcRK\u0130YE L\u0130GLER\u0130N\u0130N TEK NAMA\u011eLUP VE \u015eAMP\u0130YON EK\u0130B\u0130 olarak TFF 2.Lig\u2019e y\u00fckselen Alia\u011fa FK\u2019m\u0131z\u0131,<\/p>\n\n\n\n<p>Bursaspor kar\u015f\u0131s\u0131nda ald\u0131\u011f\u0131 2-0&#8217;l\u0131k galibiyetle 1. Grup ikincisi olan ve Play-Off finali i\u00e7in b\u00fcy\u00fck bir avantaj yakalayan Kar\u015f\u0131yaka\u2019m\u0131z\u0131,<\/p>\n\n\n\n<p>2.Grup\u2019ta U\u015fakspor\u2019u 3-0 yenerek play-off biletini alan Tire 2021 FK\u2019m\u0131z\u0131,<\/p>\n\n\n\n<ol class=\"wp-block-list\">\n<li>Grup\u2019ta K\u0131r\u015fehir\u2019i 1-0 yenerek ligde kalmay\u0131 ba\u015faran Bornova 1877 FK\u2019m\u0131z\u0131 ve 3. Lig\u2019de \u015fehrimizin di\u011fer temsilcisi \u0130zmir \u00c7oruhlu FK\u2019m\u0131z\u0131 g\u00f6n\u00fclden<br>kutluyoruz\u2026<\/li>\n<\/ol>\n\n\n\n<p>T\u00fcm \u015fehri gururland\u0131ran; de\u011ferli ba\u015fkanlar\u0131m\u0131z\u0131n, y\u00f6neticilerimizin, teknik adamlar\u0131m\u0131z\u0131n, futbolcu karde\u015flerimizin, \u201c\u015eehrinin tak\u0131m\u0131na g\u00f6n\u00fcl veren\u201d taraftarlar\u0131m\u0131z\u0131n, emeklerine sa\u011fl\u0131k\u2026<\/p>\n\n\n\n<p>\u0130ZVAK Y\u00d6NET\u0130M KURULU<\/p>\n\n\n\n<p><\/p>\n","protected":false},"excerpt":{"rendered":"<p>Bug\u00fcn, TFF 3.Lig\u2019de m\u00fcthi\u015f bir \u201c\u0130zmir Final G\u00fcn\u00fc\u201dya\u015fad\u0131k\u2026 Son hafta deplasmanda Mustafa Kemalpa\u015fa\u2019y\u0131 5-1 yenerek Nesine 3.Lig 3. Grup\u2019u zirvede kapatan ve T\u00dcRK\u0130YE L\u0130GLER\u0130N\u0130N TEK NAMA\u011eLUP VE \u015eAMP\u0130YON EK\u0130B\u0130 olarak TFF 2.Lig\u2019e y\u00fckselen Alia\u011fa FK\u2019m\u0131z\u0131, Bursaspor kar\u015f\u0131s\u0131nda ald\u0131\u011f\u0131 2-0&#8217;l\u0131k galibiyetle 1. Grup ikincisi olan ve Play-Off finali i\u00e7in b\u00fcy\u00fck bir avantaj yakalayan Kar\u015f\u0131yaka\u2019m\u0131z\u0131, 2.Grup\u2019ta U\u015fakspor\u2019u [&hellip;]<\/p>\n","protected":false},"author":1,"featured_media":1884,"comment_status":"open","ping_status":"open","sticky":false,"template":"","format":"standard","meta":{"_uag_custom_page_level_css":"","footnotes":""},"categories":[7],"tags":[],"class_list":["post-1883","post","type-post","status-publish","format-standard","has-post-thumbnail","hentry","category-haberler"],"uagb_featured_image_src":{"full":["https:\/\/izvak.org\/wp-content\/uploads\/2025\/05\/WhatsApp-Image-2025-05-15-at-23.36.02.jpeg",1080,1080,false],"thumbnail":["https:\/\/izvak.org\/wp-content\/uploads\/2025\/05\/WhatsApp-Image-2025-05-15-at-23.36.02-150x150.jpeg",150,150,true],"medium":["https:\/\/izvak.org\/wp-content\/uploads\/2025\/05\/WhatsApp-Image-2025-05-15-at-23.36.02-300x300.jpeg",300,300,true],"medium_large":["https:\/\/izvak.org\/wp-content\/uploads\/2025\/05\/WhatsApp-Image-2025-05-15-at-23.36.02-768x768.jpeg",640,640,true],"large":["https:\/\/izvak.org\/wp-content\/uploads\/2025\/05\/WhatsApp-Image-2025-05-15-at-23.36.02-1024x1024.jpeg",640,640,true],"1536x1536":["https:\/\/izvak.org\/wp-content\/uploads\/2025\/05\/WhatsApp-Image-2025-05-15-at-23.36.02.jpeg",1080,1080,false],"2048x2048":["https:\/\/izvak.org\/wp-content\/uploads\/2025\/05\/WhatsApp-Image-2025-05-15-at-23.36.02.jpeg",1080,1080,false]},"uagb_author_info":{"display_name":"izvak","author_link":"https:\/\/izvak.org\/index.php\/author\/izvakorg\/"},"uagb_comment_info":156,"uagb_excerpt":"Bug\u00fcn, TFF 3.Lig\u2019de m\u00fcthi\u015f bir \u201c\u0130zmir Final G\u00fcn\u00fc\u201dya\u015fad\u0131k\u2026 Son hafta deplasmanda Mustafa Kemalpa\u015fa\u2019y\u0131 5-1 yenerek Nesine 3.Lig 3. Grup\u2019u zirvede kapatan ve T\u00dcRK\u0130YE L\u0130GLER\u0130N\u0130N TEK NAMA\u011eLUP VE \u015eAMP\u0130YON EK\u0130B\u0130 olarak TFF 2.Lig\u2019e y\u00fckselen Alia\u011fa FK\u2019m\u0131z\u0131, Bursaspor kar\u015f\u0131s\u0131nda ald\u0131\u011f\u0131 2-0&#8217;l\u0131k galibiyetle 1. Grup ikincisi olan ve Play-Off finali i\u00e7in b\u00fcy\u00fck bir avantaj yakalayan Kar\u015f\u0131yaka\u2019m\u0131z\u0131, 2.Grup\u2019ta U\u015fakspor\u2019u&hellip;","_links":{"self":[{"href":"https:\/\/izvak.org\/index.php\/wp-json\/wp\/v2\/posts\/1883","targetHints":{"allow":["GET"]}}],"collection":[{"href":"https:\/\/izvak.org\/index.php\/wp-json\/wp\/v2\/posts"}],"about":[{"href":"https:\/\/izvak.org\/index.php\/wp-json\/wp\/v2\/types\/post"}],"author":[{"embeddable":true,"href":"https:\/\/izvak.org\/index.php\/wp-json\/wp\/v2\/users\/1"}],"replies":[{"embeddable":true,"href":"https:\/\/izvak.org\/index.php\/wp-json\/wp\/v2\/comments?post=1883"}],"version-history":[{"count":1,"href":"https:\/\/izvak.org\/index.php\/wp-json\/wp\/v2\/posts\/1883\/revisions"}],"predecessor-version":[{"id":1885,"href":"https:\/\/izvak.org\/index.php\/wp-json\/wp\/v2\/posts\/1883\/revisions\/1885"}],"wp:featuredmedia":[{"embeddable":true,"href":"https:\/\/izvak.org\/index.php\/wp-json\/wp\/v2\/media\/1884"}],"wp:attachment":[{"href":"https:\/\/izvak.org\/index.php\/wp-json\/wp\/v2\/media?parent=1883"}],"wp:term":[{"taxonomy":"category","embeddable":true,"href":"https:\/\/izvak.org\/index.php\/wp-json\/wp\/v2\/categories?post=1883"},{"taxonomy":"post_tag","embeddable":true,"href":"https:\/\/izvak.org\/index.php\/wp-json\/wp\/v2\/tags?post=1883"}],"curies":[{"name":"wp","href":"https:\/\/api.w.org\/{rel}","templated":true}]}}