{"id":1886,"date":"2025-05-03T18:23:58","date_gmt":"2025-05-03T18:23:58","guid":{"rendered":"https:\/\/izvak.org\/?p=1886"},"modified":"2025-05-21T18:25:08","modified_gmt":"2025-05-21T18:25:08","slug":"huseyin-eroglu-izmirimizin-futboldaki-gururu-oldu","status":"publish","type":"post","link":"https:\/\/izvak.org\/index.php\/2025\/05\/03\/huseyin-eroglu-izmirimizin-futboldaki-gururu-oldu\/","title":{"rendered":"H\u00dcSEY\u0130N ERO\u011eLU, \u0130ZM\u0130R\u2019\u0130M\u0130Z\u0130N FUTBOLDAK\u0130 GURURU OLDU\u2026"},"content":{"rendered":"\n<p>\u0130zmir\u2019imizin bir de\u011feri ve ayn\u0131 zamanda Vakf\u0131m\u0131z\u0131n M\u00fctevelli Heyeti \u00dcyesi olan sevgili H\u00fcseyin Ero\u011flu, daha \u00f6nce TFF 1. Lig\u2019te \u015fampiyonluk ya\u015fatt\u0131\u011f\u0131 Samsunspor\u2019dan sonra bu kez de Gen\u00e7lerbirli\u011fi\u2019ni S\u00fcper Lig\u2019e ta\u015f\u0131yarak teknik direkt\u00f6rl\u00fck kariyerindeki b\u00fcy\u00fck ba\u015far\u0131lar\u0131na bir yenisini daha ekledi\u2026<\/p>\n\n\n\n<p>Kendisini g\u00f6n\u00fclden kutluyoruz\u2026<\/p>\n\n\n\n<p>\u0130ZVAK Y\u00d6NET\u0130M KURULU<\/p>\n","protected":false},"excerpt":{"rendered":"<p>\u0130zmir\u2019imizin bir de\u011feri ve ayn\u0131 zamanda Vakf\u0131m\u0131z\u0131n M\u00fctevelli Heyeti \u00dcyesi olan sevgili H\u00fcseyin Ero\u011flu, daha \u00f6nce TFF 1. Lig\u2019te \u015fampiyonluk ya\u015fatt\u0131\u011f\u0131 Samsunspor\u2019dan sonra bu kez de Gen\u00e7lerbirli\u011fi\u2019ni S\u00fcper Lig\u2019e ta\u015f\u0131yarak teknik direkt\u00f6rl\u00fck kariyerindeki b\u00fcy\u00fck ba\u015far\u0131lar\u0131na bir yenisini daha ekledi\u2026 Kendisini g\u00f6n\u00fclden kutluyoruz\u2026 \u0130ZVAK Y\u00d6NET\u0130M KURULU<\/p>\n","protected":false},"author":1,"featured_media":1887,"comment_status":"open","ping_status":"open","sticky":false,"template":"","format":"standard","meta":{"_uag_custom_page_level_css":"","footnotes":""},"categories":[7],"tags":[],"class_list":["post-1886","post","type-post","status-publish","format-standard","has-post-thumbnail","hentry","category-haberler"],"uagb_featured_image_src":{"full":["https:\/\/izvak.org\/wp-content\/uploads\/2025\/05\/WhatsApp-Image-2025-05-15-at-23.39.48.jpeg",1638,2048,false],"thumbnail":["https:\/\/izvak.org\/wp-content\/uploads\/2025\/05\/WhatsApp-Image-2025-05-15-at-23.39.48-150x150.jpeg",150,150,true],"medium":["https:\/\/izvak.org\/wp-content\/uploads\/2025\/05\/WhatsApp-Image-2025-05-15-at-23.39.48-240x300.jpeg",240,300,true],"medium_large":["https:\/\/izvak.org\/wp-content\/uploads\/2025\/05\/WhatsApp-Image-2025-05-15-at-23.39.48-768x960.jpeg",640,800,true],"large":["https:\/\/izvak.org\/wp-content\/uploads\/2025\/05\/WhatsApp-Image-2025-05-15-at-23.39.48-819x1024.jpeg",640,800,true],"1536x1536":["https:\/\/izvak.org\/wp-content\/uploads\/2025\/05\/WhatsApp-Image-2025-05-15-at-23.39.48-1229x1536.jpeg",1229,1536,true],"2048x2048":["https:\/\/izvak.org\/wp-content\/uploads\/2025\/05\/WhatsApp-Image-2025-05-15-at-23.39.48.jpeg",1638,2048,false]},"uagb_author_info":{"display_name":"izvak","author_link":"https:\/\/izvak.org\/index.php\/author\/izvakorg\/"},"uagb_comment_info":146,"uagb_excerpt":"\u0130zmir\u2019imizin bir de\u011feri ve ayn\u0131 zamanda Vakf\u0131m\u0131z\u0131n M\u00fctevelli Heyeti \u00dcyesi olan sevgili H\u00fcseyin Ero\u011flu, daha \u00f6nce TFF 1. Lig\u2019te \u015fampiyonluk ya\u015fatt\u0131\u011f\u0131 Samsunspor\u2019dan sonra bu kez de Gen\u00e7lerbirli\u011fi\u2019ni S\u00fcper Lig\u2019e ta\u015f\u0131yarak teknik direkt\u00f6rl\u00fck kariyerindeki b\u00fcy\u00fck ba\u015far\u0131lar\u0131na bir yenisini daha ekledi\u2026 Kendisini g\u00f6n\u00fclden kutluyoruz\u2026 \u0130ZVAK Y\u00d6NET\u0130M KURULU","_links":{"self":[{"href":"https:\/\/izvak.org\/index.php\/wp-json\/wp\/v2\/posts\/1886","targetHints":{"allow":["GET"]}}],"collection":[{"href":"https:\/\/izvak.org\/index.php\/wp-json\/wp\/v2\/posts"}],"about":[{"href":"https:\/\/izvak.org\/index.php\/wp-json\/wp\/v2\/types\/post"}],"author":[{"embeddable":true,"href":"https:\/\/izvak.org\/index.php\/wp-json\/wp\/v2\/users\/1"}],"replies":[{"embeddable":true,"href":"https:\/\/izvak.org\/index.php\/wp-json\/wp\/v2\/comments?post=1886"}],"version-history":[{"count":1,"href":"https:\/\/izvak.org\/index.php\/wp-json\/wp\/v2\/posts\/1886\/revisions"}],"predecessor-version":[{"id":1888,"href":"https:\/\/izvak.org\/index.php\/wp-json\/wp\/v2\/posts\/1886\/revisions\/1888"}],"wp:featuredmedia":[{"embeddable":true,"href":"https:\/\/izvak.org\/index.php\/wp-json\/wp\/v2\/media\/1887"}],"wp:attachment":[{"href":"https:\/\/izvak.org\/index.php\/wp-json\/wp\/v2\/media?parent=1886"}],"wp:term":[{"taxonomy":"category","embeddable":true,"href":"https:\/\/izvak.org\/index.php\/wp-json\/wp\/v2\/categories?post=1886"},{"taxonomy":"post_tag","embeddable":true,"href":"https:\/\/izvak.org\/index.php\/wp-json\/wp\/v2\/tags?post=1886"}],"curies":[{"name":"wp","href":"https:\/\/api.w.org\/{rel}","templated":true}]}}