{"id":1892,"date":"2025-05-14T18:27:07","date_gmt":"2025-05-14T18:27:07","guid":{"rendered":"https:\/\/izvak.org\/?p=1892"},"modified":"2025-05-21T18:30:18","modified_gmt":"2025-05-21T18:30:18","slug":"2024-yili-olagan-mali-genel-kurulumuzu-gerceklestirdik","status":"publish","type":"post","link":"https:\/\/izvak.org\/index.php\/2025\/05\/14\/2024-yili-olagan-mali-genel-kurulumuzu-gerceklestirdik\/","title":{"rendered":"2024 YILI OLA\u011eAN MAL\u0130 GENEL KURULUMUZU GER\u00c7EKLE\u015eT\u0130RD\u0130K\u2026"},"content":{"rendered":"\n<p>Y\u00f6netim Kurulu\u2019muz konuya ili\u015fkin bir \u201cBas\u0131n B\u00fclteni\u201d yay\u0131nlad\u0131\u2026<\/p>\n\n\n\n<p><\/p>\n\n\n\n<p>BASIN B\u00dcLTEN\u0130 :<\/p>\n\n\n\n<p>\u0130ZVAK FAAL\u0130YETLER\u0130 OY B\u0130RL\u0130\u011e\u0130 \u0130LE \u0130BRA ED\u0130LD\u0130 \u2026<\/p>\n\n\n\n<p>\u0130ZM\u0130R Spor Kul\u00fcpleri Birli\u011fi Vakf\u0131\u2019m\u0131z\u0131n (\u0130ZVAK) 2024 y\u0131l\u0131 faaliyetleri kapsayan \u201cOla\u011fan Mali Genel Kurulu\u201d yap\u0131ld\u0131.<\/p>\n\n\n\n<p>Kat\u0131lan \u00fcyelerin tamam\u0131n\u0131n oyu ile 2024 y\u0131l\u0131 faaliyetleri ve bilan\u00e7osu ibra edildi.<\/p>\n\n\n\n<p>Tarihi Havagaz\u0131 Fabrikas\u0131 Yerle\u015fkesi i\u00e7erisindeki \u0130zmir Gazeteciler Cemiyeti Konferans Salonu\u2019nda ger\u00e7ekle\u015ftirilen Genel Kurulda Divan Kurulu olarak Avukat \u00c7a\u011fatay Akar, Remzi Noyan Ulu\u011f ve H\u00fcseyin Hamamc\u0131 g\u00f6rev yapt\u0131lar.<\/p>\n\n\n\n<p>Faaliyet raporunun daha \u00f6nce t\u00fcm \u00fcyelere online olarak g\u00f6nderildi\u011fini belirten Ba\u015fkan Ali Erten, genel kurulda ekran \u00fczerinden geni\u015f bir sunum ger\u00e7ekle\u015ftirdi.<\/p>\n\n\n\n<p>\u201cBug\u00fcn ben ve Y\u00f6netim Kurulumuzdaki arkada\u015flar\u0131m sizlerle olmaktan \u00e7ok mutluyuz.\u201d diyerek s\u00f6zlerine ba\u015flayan Ba\u015fkan Erten s\u00f6zlerine \u015f\u00f6yle devam etti:<\/p>\n\n\n\n<p>&#8220;Vakf\u0131m\u0131z; yapt\u0131\u011f\u0131 \u00e7al\u0131\u015fmalar, hayata ge\u00e7irdi\u011fi projeler, i\u015f birli\u011fi ve dayan\u0131\u015fma i\u00e7erisinde geli\u015ftirdi\u011fi dostluk iklimi ile yerel kul\u00fcpler birli\u011fi olarak \u00fclkemizdeki ilk ve tek \u00f6rnek olmay\u0131 s\u00fcrd\u00fcr\u00fcyor.<\/p>\n\n\n\n<p>Kul\u00fcplerimiz ve taraftarlar\u0131m\u0131z aras\u0131nda ortak akl\u0131 geli\u015ftirmeyi, fikir ve proje \u00fcretmeyi, bu \u015fekilde \u015fehrimize, kul\u00fcplerimize, sporumuza ve toplumumuza g\u00f6n\u00fcll\u00fcl\u00fck esas\u0131na g\u00f6re hizmet etmeyi ama\u00e7layan bir sivil toplum kurulu\u015fu olarak yolumuza devam ediyoruz.<\/p>\n\n\n\n<p>Ortalama y\u00fcz y\u0131ll\u0131k \u015fanl\u0131 tarihleri ile en de\u011ferli markalar\u0131m\u0131z olan spor kul\u00fcplerimizin ya\u015fat\u0131lmas\u0131 ve kentsel miras olarak gelecek nesillere b\u0131rak\u0131lacak \u015fekilde korunmas\u0131 i\u00e7in \u00e7aba g\u00f6steriyoruz.<\/p>\n\n\n\n<p>\u0130zmir kul\u00fcpleri ve taraftarlar\u0131 olarak; sahadaki sportif rekabetten ba\u011f\u0131ms\u0131z olarak saha d\u0131\u015f\u0131nda i\u015fbirli\u011fi ve dayan\u0131\u015fmay\u0131 geli\u015ftiriyor, bunun i\u00e7in futbolun birle\u015ftirici ve bar\u0131\u015f\u00e7\u0131l g\u00fcc\u00fcnden faydalan\u0131yoruz.<\/p>\n\n\n\n<p>2016 y\u0131l\u0131nda g\u00f6revi devrald\u0131\u011f\u0131m\u0131zda vakf\u0131m\u0131z kapanma a\u015famas\u0131na gelmi\u015f, hatta kapan\u0131\u015f m\u00fcracaat\u0131 yap\u0131lm\u0131\u015ft\u0131. M\u00fcracaat\u0131 geri alarak kul\u00fcplerimiz ve y\u00f6netim kurulumuzdaki \u00f6zverili arkada\u015flar\u0131m\u0131zla, hep birlikte yeniden aya\u011fa kald\u0131rd\u0131k.<\/p>\n\n\n\n<p>G\u00f6rev s\u00fcremiz boyunca daima elimizden gelenin en iyisini yapmaya \u00e7al\u0131\u015ft\u0131k. Bar\u0131\u015f ve uzla\u015f\u0131 dilinden hi\u00e7 vazge\u00e7medik. G\u00fcnl\u00fck tart\u0131\u015fmalara girmeden, ortak ak\u0131lla, sadece hedef ve sonu\u00e7 odakl\u0131 olarak \u00e7al\u0131\u015ft\u0131k.<\/p>\n\n\n\n<p>Ama hepsinin \u00f6tesinde kul\u00fcplerimiz aras\u0131nda b\u00fct\u00fcn T\u00fcrkiye&#8217;ye \u00f6rnek olacak bir i\u015fbirli\u011fi ve dayan\u0131\u015fma ortam\u0131 geli\u015fti. Sab\u0131rla, emekle, kul\u00fcp y\u00f6netimlerimizin engin ho\u015fg\u00f6r\u00fcleri ve vizyonlar\u0131 ile bug\u00fcnlere gelindi.<\/p>\n\n\n\n<p>Stadyum in\u015faatlar\u0131, teknik ve hukuk destek, arazi tahsisleri, maddi kaynak yaratma, ortak forma sponsorluklar\u0131, yerel ve merkezi y\u00f6netimlerle ili\u015fkiler, TFF, Spor Bakanl\u0131\u011f\u0131 ve ilgili di\u011fer payda\u015flarla olan ili\u015fki ve i\u015fbirliklerinin y\u00f6netilmesi, geli\u015ftirilmesi, faaliyetlerimizin ana ba\u015fl\u0131klar\u0131 oldu.<\/p>\n\n\n\n<p>SPOR MASTER PLANI\u2026<br>2018 y\u0131l\u0131nda &#8220;\u0130zmir Spor Master Plan\u0131&#8221; n\u0131 haz\u0131rlay\u0131p Dan\u0131\u015fma Kurulumuza sunduk. Tesisle\u015fme ve kul\u00fcplere kal\u0131c\u0131 kaynaklar yaratmak konusunda bir nevi yol haritas\u0131.<br>Ana hedefimiz &#8221; 2030 y\u0131l\u0131na kadar her kul\u00fcb\u00fcn kendi stad\u0131, kendi kapal\u0131 salonu, kendi altyap\u0131 geli\u015ftirme tesisleri, kendi profesyonel tak\u0131m kamp tesisleri ve olimpik bran\u015flar yerle\u015fkesi olmal\u0131&#8221;.<\/p>\n\n\n\n<p>Bu be\u015f ana unsur \u015fu anda hi\u00e7bir kul\u00fcb\u00fcm\u00fczde bir arada bulunmuyor. Ancak hedef koyduk ve oraya do\u011fru ilerliyoruz.<\/p>\n\n\n\n<p>\u0130\u015eB\u0130RL\u0130\u011e\u0130 PROTOKOL\u00dc\u2026<br>Mart 2019 y\u0131l\u0131nda kul\u00fcp ba\u015fkanlar\u0131m\u0131z T\u00fcrkiye&#8217;de bir ilk olarak \u0130\u015fbirli\u011fi Protokol\u00fc imzalad\u0131lar. Bu yeni bir milat oldu. Bug\u00fcn gelinen noktan\u0131n as\u0131l mimarlar\u0131 \u00e7ok de\u011ferli kul\u00fcplerimizin \u00e7ok de\u011ferli ba\u015fkan ve y\u00f6neticileridir.<\/p>\n\n\n\n<p>Sahada birbirleri ile k\u0131yas\u0131ya yar\u0131\u015fan tak\u0131mlar\u0131m\u0131z saha d\u0131\u015f\u0131nda dayan\u0131\u015fma ve i\u015fbirli\u011fi yapacaklar\u0131n\u0131 duyurdular. De\u011ferli bas\u0131n\u0131m\u0131z buna \u201cFutbolda \u0130zmir \u0130klimi\u201d ad\u0131n\u0131 verdi. \u0130zmir futbolunun ho\u015fg\u00f6r\u00fc ve sinerji projesi g\u00f6z\u00fcyle bakt\u0131\u011f\u0131m\u0131z bu anlay\u0131\u015f\u0131n olu\u015fmas\u0131na \u00f6nc\u00fcl\u00fck eden kul\u00fcp ba\u015fkanlar\u0131m\u0131za \u00e7ok te\u015fekk\u00fcr ediyoruz.. Onlar\u0131, kentimize katt\u0131klar\u0131 de\u011ferler i\u00e7in g\u00f6n\u00fclden alk\u0131\u015fl\u0131yoruz.<\/p>\n\n\n\n<p>STADYUM \u0130N\u015eAATLARI \u2026<br>G\u00f6reve geldi\u011fimizde en \u00f6ncelikli konu stadyum in\u015faatlar\u0131 idi. Hat\u0131rlay\u0131n tak\u0131mlar\u0131m\u0131z i\u00e7 saha ma\u00e7lar\u0131n\u0131 \u00e7evre illerde oynamak zorunda kal\u0131yorlard\u0131. Y\u00f6netim Kurulumuz i\u00e7erisinde yer alan teknik arkada\u015flar\u0131m\u0131zla \u00f6ncelikli olarak bu konuya odakland\u0131k. Stadyum projelerinde \u00e7ok kritik m\u00fcdahalelerimiz ve katk\u0131lar\u0131m\u0131z oldu. \u0130tirazlarda, davalarda kul\u00fcplerimizden yana a\u00e7\u0131k taraf olduk, tam hukuki destek verdik. B\u00fct\u00fcn bu s\u00fcre\u00e7lerden y\u00fcz\u00fcm\u00fcz\u00fcn ak\u0131yla \u00e7\u0131kt\u0131k.<\/p>\n\n\n\n<p>Ancak en b\u00fcy\u00fck \u00fcz\u00fcnt\u00fcm\u00fcz Kar\u015f\u0131yaka Stad\u0131\u2019n\u0131n, mesnetsiz dava ve itirazlar nedeni ile tamamlanamamas\u0131. Kar\u015f\u0131yaka Stad\u0131, ilk ba\u015flayan ama maalesef en sona kalan stadyum in\u015faat\u0131 oldu. 5 ayr\u0131 dava a\u00e7\u0131ld\u0131. Davalara Kar\u015f\u0131yaka Spor Kul\u00fcb\u00fcm\u00fcz\u00fcn yan\u0131nda m\u00fcdahil olarak kat\u0131ld\u0131k ve savunmalar yapt\u0131k. B\u00fct\u00fcn \u0130zmir kul\u00fcpleri KSK nin bu hakl\u0131 davas\u0131nda \u0130ZVAK kanal\u0131 ile destek verdiler. B\u00fct\u00fcn davalar kazan\u0131ld\u0131. Mart 2024 itibar\u0131 ile Dan\u0131\u015ftay s\u00fcre\u00e7leri de tamamland\u0131, t\u00fcm engeller kalkt\u0131. Bu s\u00fcrece g\u00f6n\u00fcll\u00fc olarak kat\u0131lan Y\u00f6netim Kurulu \u00fcyesi hukuk\u00e7u arkada\u015flar\u0131m\u0131za ve destek veren herkese huzurlar\u0131n\u0131zda te\u015fekk\u00fcr ediyoruz.\u201d dedi.<\/p>\n\n\n\n<p>ARAZ\u0130 TAHS\u0130SLER\u0130 \u2026<br>Kul\u00fcplerimizin 2030 vizyonlar\u0131nda altyap\u0131 ve olimpik bran\u015flar\u0131n geli\u015ftirilmesinin \u00f6nemine inan\u0131yoruz.<\/p>\n\n\n\n<p>Kar\u015f\u0131yaka Spor Kul\u00fcb\u00fcm\u00fcz i\u00e7in Mavi\u015fehir\u2019de 99.520 m2 spor arazisinin tahsisi i\u00e7in kul\u00fcb\u00fcm\u00fczle birlikte zorlu bir s\u00fcre\u00e7 y\u00fcr\u00fctt\u00fck. \u0130lk fikir a\u015famas\u0131ndan ba\u015flayarak proje geli\u015ftirme ve s\u00fcrecin y\u00f6netilmesinde \u00f6nemli katk\u0131lar verdik, tam bir i\u015fbirli\u011fi sergiledik. Bu arazi tahsisi, Kar\u015f\u0131yaka Spor Kul\u00fcb\u00fc\u2019n\u00fcn tarihindeki en \u00f6nemli kazan\u0131mlar\u0131ndan biri oldu.<\/p>\n\n\n\n<p>G\u00f6ztepe Spor Kul\u00fcb\u00fc\u2019m\u00fcze tahsis edilen \u0130nciralt\u0131 Olimpik Bran\u015flar Yerle\u015fke arazisi de, \u00e7ok say\u0131da olimpik bran\u015f\u0131 bulunan kul\u00fcb\u00fcm\u00fcz i\u00e7in \u00e7ok \u00f6nemli bir kazan\u0131m oldu.<\/p>\n\n\n\n<p>2024 YILI FAAL\u0130YETLER\u0130M\u0130ZDEN ANA BA\u015eLIKLAR :<\/p>\n\n\n\n<p>23 \u015eubat 2024 :<br>Dan\u0131\u015fma Kurulu Toplant\u0131m\u0131z\u0131 ger\u00e7ekle\u015ftirdik.<br>\u0130zmir Ticaret Odas\u0131\u2019n\u0131n ev sahipli\u011finde ve \u0130zmir Ticaret Borsas\u0131 Ba\u015fkan\u0131 I\u015f\u0131nsu Kestelli\u2019nin ba\u015fkanl\u0131\u011f\u0131nda ger\u00e7ekle\u015ftirilen Dan\u0131\u015fma Kurulu toplant\u0131s\u0131nda kamuya yararl\u0131 vak\u0131f olma konusunda att\u0131\u011f\u0131m\u0131z ad\u0131mlar ve kul\u00fcplerimize kal\u0131c\u0131 gelir sa\u011flamak i\u00e7in \u00fczerinde \u00e7al\u0131\u015ft\u0131\u011f\u0131m\u0131z i\u015f modelleri konusunda bilgilendirme yapt\u0131k. \u00d6nerileri ald\u0131k. Giri\u015fim Sermayesi Modeli \u00fczerinde \u00e7al\u0131\u015ft\u0131klar\u0131n\u0131 a\u00e7\u0131klad\u0131.<\/p>\n\n\n\n<p>4 Nisan 2024 :<br>Kar\u015f\u0131yaka Stad\u0131 Hukuk S\u00fcrecinin tamamland\u0131\u011f\u0131n\u0131 duyurduk:<br>Ba\u015flanmas\u0131na ra\u011fmen davalar nedeni ile devam ettirilemeyen Kar\u015f\u0131yaka Stad\u0131 \u0130n\u015faat\u0131nda 2019 y\u0131l\u0131ndan bu yana devam eden hukuk s\u00fcrecinin, Kar\u015f\u0131yaka Spor Kul\u00fcb\u00fc&#8217;m\u00fcz lehine onanarak tamamland\u0131\u011f\u0131n\u0131 kamuoyuna duyurduk.<\/p>\n\n\n\n<p>18 Nisan 2024 :<br>Ola\u011fan Se\u00e7imli Genel Kurulumuzu ger\u00e7ekle\u015ftirdik:<\/p>\n\n\n\n<p>Y\u00f6netim Kurulu :<br>Talat Papatya, Ercan Korkmaz, Erdem Me\u00e7o, Fatih Tanfer, Sinan Bezircilio\u011flu, Sabri Seveno\u011flu,Turhan G\u00fcrsel Urhan, Elif Sa\u011flamer, Sedef \u00dcst\u00fcner, Saliha Ayda Ma\u00e7, Hasan Ercazip, Mustafa Avc\u0131, Engin Kurt, A.Suavi Yard\u0131mo\u011flu, Emre Can, Bedri Cumhur Do\u011fu, Sidal \u00c7andarl\u0131, Aktu\u011f S\u00f6nmez, Furkan Eren Uzy\u0131ld\u0131r\u0131m, G\u00f6khan K\u0131\u015fla, Necdet Bayatsapan, Hakan D\u00fczdemir ve Mutlu Y\u0131lmaz<\/p>\n\n\n\n<p>Denetim Kurulu:<br>\u00d6mer G\u00f6khan Tuncer, Remzi Noyan Ulu\u011f, Mesut Tekaslan, Do\u011fan Mutlu, B\u00fclent T\u00fcrkekul ve Tun\u00e7 \u0130lada<\/p>\n\n\n\n<p>isimlerinden olu\u015ftu\u2026<\/p>\n\n\n\n<p>30 Nisan 2024 :<\/p>\n\n\n\n<p>\u0130zmir Ekonomi \u00dcniversitesi (\u0130E\u00dc) ile \u201c\u0130zmir Futbol Kul\u00fcplerinin Kentin Marka De\u011ferine ve Ekonomisine Etkisi\u201d konulu bir \u00e7al\u0131\u015fma ba\u015flatt\u0131k.<\/p>\n\n\n\n<p>Futbol kul\u00fcplerinin kente sa\u011flad\u0131\u011f\u0131 ekonomik, k\u00fclt\u00fcrel ve sosyal katk\u0131y\u0131 \u00f6l\u00e7\u00fcmlemek ve art\u0131rmak i\u00e7in \u0130zmir Ekonomi \u00dcniversitesi ile resmi s\u00f6zle\u015fme imzaland\u0131k.<\/p>\n\n\n\n<p>Bu proje kapsam\u0131nda y\u00fcr\u00fct\u00fclen \u00e7al\u0131\u015fma Aral\u0131k sonu itibar\u0131 ile tamamland\u0131.<\/p>\n\n\n\n<p>11 May\u0131s 2024 :<br>G\u00f6ztepe\u2019mizin \u015fampiyonlu\u011funu kutlad\u0131k.<br>Ba\u015far\u0131larla dolu bir sezonu \u015fampiyonlukla ta\u00e7land\u0131ran G\u00f6ztepe\u2019mizi g\u00f6n\u00fclden kutluyoruz\u2026<\/p>\n\n\n\n<p>12 May\u0131s 2024 :<br>Tire 2021 Futbol Kul\u00fcb\u00fc\u2019m\u00fcz\u00fcn \u015fampiyonlu\u011funu kutlad\u0131k.B\u00f6lgesel Lig \u015eampiyonu olarak 3.Lig&#8217;e y\u00fckselen, \u0130zmir\u2019imizin, T\u00fcrkiye profesyonel futbol liglerindeki 10\u2019uncu tak\u0131m\u0131 Tire Futbol Kul\u00fcb\u00fc\u2019m\u00fcz\u00fc g\u00f6n\u00fclden kutluyoruz\u2026<\/p>\n\n\n\n<p>11 Haziran 2024 :<br>Spor Yazarlar\u0131m\u0131z ve Spor Bas\u0131n\u0131m\u0131zla bir araya geldik .<\/p>\n\n\n\n<p>Y\u00f6netim Kurulumuz, \u0130zmirli spor yazarlar\u0131yla bir araya geldi. \u0130zmir kul\u00fcplerinin 2023 &#8211; 2024 sezonundaki performanslar\u0131 ve \u00f6zellikle tesisle\u015fme konusundaki \u00e7al\u0131\u015fmalar de\u011ferlendirildi.<\/p>\n\n\n\n<p>13 Temmuz 2024 :<br>TFF Ba\u015fkan Aday\u0131 Say\u0131n Mehmet B\u00fcy\u00fckek\u015fi ve Y\u00f6netim Kurulu Vakf\u0131m\u0131z\u0131 ziyaret etti<\/p>\n\n\n\n<p>Y\u00f6netim Kurulumuz; T\u00fcrkiye Futbol Federasyonu Ba\u015fkan\u0131 ve ayn\u0131 zamanda Ba\u015fkan Aday\u0131 Say\u0131n Mehmet B\u00fcy\u00fckek\u015fi ve Ba\u015fkan Vekili Say\u0131n \u0130brahim Burkay\u2019\u0131, kul\u00fcp ba\u015fkanlar\u0131m\u0131zla birlikte vak\u0131f merkezimizde a\u011f\u0131rlad\u0131. Toplant\u0131da, yeni d\u00f6nem \u00e7al\u0131\u015fma hedefleri ve projeler hakk\u0131nda bir sunum ger\u00e7ekle\u015ftirildi.<\/p>\n\n\n\n<p>09 Eyl\u00fcl 2024 :<br>TFF Ba\u015fkan\u0131 Say\u0131n \u0130brahim Hac\u0131osmano\u011flu ve Y\u00f6netim Kurulu \u00dcyeleri vakf\u0131m\u0131z\u0131 ziyaret etti.<br>T\u00fcrkiye &#8211; \u0130zlanda Milli ma\u00e7\u0131 nedeni ile \u0130zmir\u2019de bulunan TFF-T\u00fcrkiye Futbol Federasyonu Ba\u015fkan\u0131 Say\u0131n \u0130brahim Hac\u0131osmano\u011flu ve Y\u00f6netim Kurulu \u00fcyesi Say\u0131n Mevl\u00fct Aktan, vakf\u0131m\u0131z\u0131 ziyaret ederek kul\u00fcp ba\u015fkanlar\u0131m\u0131z, kul\u00fcp temsilcilerimiz ve Y\u00f6netim Kurulumuz ile bir araya geldi\u2026<\/p>\n\n\n\n<p>24 Eyl\u00fcl 2024 :<br>Y\u00f6netim Kurulumuz, &#8220;\u0130zmir\u2019imizin Tan\u0131t\u0131m\u0131nda ve Marka De\u011feri&#8217;nde Futbolun ve Kul\u00fcplerimizin Katk\u0131s\u0131&#8221; \u00fczerine bir vizyon metni yay\u0131nlad\u0131. Vizyon metni, yerel ve ulusal bas\u0131nda geni\u015f yer buldu\u2026<\/p>\n\n\n\n<p>27 Eyl\u00fcl 2024 :<br>Y\u00f6netim Kurulumuz, b\u00fct\u00fcn \u0130zmir Kul\u00fcplerinin Kar\u015f\u0131yaka Stad\u0131&#8217;n\u0131n in\u015faat\u0131n\u0131n tamamlanmas\u0131 i\u00e7in Kar\u015f\u0131yaka Spor Kul\u00fcb\u00fc&#8217;m\u00fcz\u00fcn yan\u0131nda olduklar\u0131na ili\u015fkin \u201cBas\u0131n A\u00e7\u0131klamas\u0131\u201d yay\u0131nlad\u0131.<\/p>\n\n\n\n<p>03 Aral\u0131k 2024 :<br>\u0130zmir Spor Bas\u0131n\u0131m\u0131z\u0131 ve Kul\u00fcplerimizin ba\u015fkan ve y\u00f6neticilerini geleneksel toplant\u0131m\u0131zda bir araya getirdik.<\/p>\n\n\n\n<p>\u0130zmir Ticaret Odas\u0131&#8217;n\u0131n ev sahipli\u011finde ger\u00e7ekle\u015ftirilen toplant\u0131ya; medya temsilcilerinin yan\u0131 s\u0131ra \u0130zmir kul\u00fcplerinin ba\u015fkan ve y\u00f6neticileri, Gen\u00e7lik ve Spor \u0130zmir \u0130l M\u00fcd\u00fcr\u00fc Murat Eskici, TFF Ege B\u00f6lge Temsilcisi Sevgi Ko\u00e7ak \u00d6zdemir, TSYD \u0130zmir \u015eube Ba\u015fkan\u0131 Ergin Karata\u015f, T\u00dcRFAD \u0130zmir \u015eube Ba\u015fkan\u0131 Bahri Vreskala ve \u0130ZVAK Y\u00f6netim ve Denetim Kurulu \u00fcyeleri kat\u0131ld\u0131.<\/p>\n\n\n\n<p>27 Aral\u0131k 2024 :<br>Talat Papatya\u2019ya \u201cY\u0131l\u0131n Spor Adam\u0131\u201d \u00f6d\u00fcl\u00fc verildi.<br>Y\u00f6netim Kurulu Ba\u015fkan Vekilimiz Say\u0131n Talat Papatya, \u201cG\u00fcndem Ege\u201d nin d\u00fczenledi\u011fi 2024 Y\u0131l\u0131 Alt\u0131n \u00dcz\u00fcm \u00d6d\u00fclleri kapsam\u0131nda, \u0130zmir ve T\u00fcrk futboluna katk\u0131lar\u0131ndan dolay\u0131 \u201cY\u0131l\u0131n Spor Adam\u0131\u201d \u00f6d\u00fcl\u00fcne lay\u0131k g\u00f6r\u00fcld\u00fc.<\/p>\n\n\n\n<p>\u0130ZM\u0130R EKONOM\u0130 \u00dcN\u0130VERS\u0130TES\u0130 \u0130LE \u0130\u015eB\u0130RL\u0130\u011e\u0130\u2026<\/p>\n\n\n\n<p>Bu konuya ayr\u0131 bir ba\u015fl\u0131k a\u00e7mak istiyoruz.<\/p>\n\n\n\n<p>G\u00fcn\u00fcm\u00fczde spor ve \u00f6zelinde futbol, \u00fclkelerin ve kentlerin tan\u0131n\u0131rl\u0131\u011f\u0131na, marka de\u011ferine, turizmine ve bu olgular \u00fczerinden kent ekonomisine direkt etki ediyor.<\/p>\n\n\n\n<p>\u0130zmir; futbolun T\u00fcrkiye\u2019de ilk oynand\u0131\u011f\u0131 \u015fehir olma ayr\u0131cal\u0131\u011f\u0131n\u0131 ta\u015f\u0131yor. Bu a\u00e7\u0131dan \u0130zmir, \u00e7ok k\u00f6kl\u00fc bir spor k\u00fclt\u00fcr\u00fcne sahip \u015fansl\u0131 bir kenttir.<\/p>\n\n\n\n<p>\u015eanl\u0131 tarihleri ve kurulu\u015f hikayeleri ile kul\u00fcplerimizin, kentimizin tan\u0131n\u0131rl\u0131\u011f\u0131na, marka de\u011ferine ve ekonomisine b\u00fcy\u00fck katk\u0131lar sa\u011flayaca\u011f\u0131 a\u00e7\u0131kt\u0131r.<\/p>\n\n\n\n<p>Bu katk\u0131lar\u0131n bilimsel y\u00f6ntemlerle \u00f6l\u00e7\u00fclebilmesi ve elde edilecek verilerin; yat\u0131r\u0131mc\u0131lara, kent y\u00f6neticilerine, siyasi temsilcilerine, kanaat \u00f6nderi ve sivil toplum kurulu\u015flar\u0131na, T\u00fcrkiye Futbol Federasyonu ve Gen\u00e7lik ve Spor Bakanl\u0131\u011f\u0131 gibi konunun t\u00fcm payda\u015flar\u0131na sunulmas\u0131n\u0131n do\u011fru, gerekli ve dikkati \u00e7ekici olaca\u011f\u0131na inan\u0131yoruz. Bu i\u00e7erikteki bir bilimsel \u00e7al\u0131\u015fma ba\u015flatt\u0131k.<\/p>\n\n\n\n<p>Bu noktadan hareketle, \u201c\u0130zmir Kul\u00fcplerinin ve bunlardan en az birinin \u00fclkenin en \u00fcst liginde yer almas\u0131n\u0131n, kent tan\u0131n\u0131rl\u0131\u011f\u0131na, marka de\u011ferine ve ekonomisine katk\u0131s\u0131\u201d konu ba\u015fl\u0131\u011f\u0131 alt\u0131nda, konunun en yetkin e\u011fitim kurumu olan \u0130zmir Ekonomi \u00dcniversitesi ile bilimsel temelli bir ortak \u00e7al\u0131\u015fma i\u00e7in \u201c\u0130\u015fbirli\u011fi Protokol\u00fc\u201d imzalad\u0131k. Bu \u00e7al\u0131\u015fman\u0131n ilk a\u015famas\u0131n\u0131 2024 y\u0131l\u0131 i\u00e7erisinde sonu\u00e7land\u0131rmay\u0131, elde edilecek sonu\u00e7lar\u0131 bas\u0131l\u0131 yay\u0131n (kitap) haline getirmeyi ve kent futbolunun ve ekonomisinin geli\u015fmesinde yol g\u00f6sterici olarak, yukar\u0131da s\u0131ralad\u0131\u011f\u0131m\u0131z kent ve \u00fclke dinamikleri ile payla\u015fmay\u0131 hedefledik.<\/p>\n\n\n\n<p>ARAMIZDAN AYRILANLAR\u2026<\/p>\n\n\n\n<p>Son d\u00f6nemde maalesef aram\u0131zdan ayr\u0131lan \u00e7ok de\u011ferli kurucular\u0131m\u0131z oldu. Say\u0131n Mehmet Ali Okumu\u015f ve Say\u0131n \u0130smail \u00d6zel\u00e7inler\u2026<\/p>\n\n\n\n<p>Onlar\u0131 sayg\u0131yla, sevgiyle an\u0131yoruz. Allahtan rahmet, de\u011ferli ailelerine ba\u015f sa\u011fl\u0131\u011f\u0131 ve sab\u0131r diliyoruz.<\/p>\n\n\n\n<p>TE\u015eEKK\u00dcRLER\u0130M\u0130Z VAR\u2026<\/p>\n\n\n\n<p>\u00c7ok \u00f6nemli payda\u015flar\u0131m\u0131z var. Ve onlara te\u015fekk\u00fcr borcumuz var\u2026<\/p>\n\n\n\n<p>\u00d6ncelikle bug\u00fcnk\u00fc toplant\u0131m\u0131zda bize ev sahipli\u011fi yapan \u0130zmir Gazeteciler Cemiyeti Y\u00f6netim Kurulu, t\u00fcm bas\u0131n emek\u00e7ileri ve Ba\u015fkan\u0131m\u0131z Say\u0131n Dilek Gappi\u2019ye, vakf\u0131m\u0131z ve \u0130zmir Kul\u00fcpleri ad\u0131na te\u015fekk\u00fcrlerimizi sunuyoruz.<\/p>\n\n\n\n<p>2016 y\u0131l\u0131nda g\u00f6revi devralmam\u0131zdan bu yana bizleri te\u015fvik eden ve daima yan\u0131m\u0131zda hissetti\u011fimiz \u015fehrimizin b\u00fct\u00fcn siyasi temsilcilerine, \u0130zmir Gen\u00e7lik ve Spor \u0130l M\u00fcd\u00fcr\u00fc&#8217;m\u00fcz Say\u0131n Murat Eskici ve nezdinde t\u00fcm Spor Bakanl\u0131\u011f\u0131 te\u015fkilat\u0131m\u0131za te\u015fekk\u00fcrlerimizi sunuyoruz.<\/p>\n\n\n\n<p>Ba\u015fta Say\u0131n Mahmut \u00d6zgener, Say\u0131n Ender Yorganc\u0131lar ve Say\u0131n I\u015f\u0131nsu Kestelli olmak \u00fczere meslek odalar\u0131m\u0131z\u0131n de\u011ferli ba\u015fkanlar\u0131na ve y\u00f6netim kurullar\u0131na,<\/p>\n\n\n\n<p>Kurucu Ba\u015fkan\u0131m\u0131z Say\u0131n Burhan \u00d6zfatura&#8217;ya ve Onursal Ba\u015fkan\u0131m\u0131z Say\u0131n Levent \u00dcrkmez&#8217;e, bu vakf\u0131n hayata ge\u00e7mesi ve ya\u015famas\u0131 i\u00e7in verdi\u011fi b\u00fcy\u00fck katk\u0131lardan dolay\u0131 g\u00f6n\u00fclden te\u015fekk\u00fcr ediyoruz. Ayn\u0131 \u015fekilde ge\u00e7mi\u015f d\u00f6nem ba\u015fkanlar\u0131m\u0131z Say\u0131n Tu\u011frul Yemi\u015f\u00e7i ve merhum Say\u0131n Erdo\u011fan T\u00f6zge beyefendiye emekleri ve hizmetleri i\u00e7in te\u015fekk\u00fcr ederiz.<\/p>\n\n\n\n<p>Hem Y\u00f6netim Kurulu&#8217;muz ve hem de vakf\u0131m\u0131z\u0131n t\u00fcm \u00fcyeleri ad\u0131na en b\u00fcy\u00fck te\u015fekk\u00fcr\u00fcm\u00fcz de ba\u015far\u0131n\u0131n ger\u00e7ek sahibi \u00e7ok de\u011ferli kul\u00fcp ba\u015fkanlar\u0131m\u0131z ve y\u00f6neticilerimize. Cesaretleri ve vizyonlar\u0131 fark yaratan bu \u00f6nemli de\u011ferlerimizi g\u00f6n\u00fclden alk\u0131\u015fl\u0131yoruz.<\/p>\n\n\n\n<p>&#8220;Futbolda \u0130zmir iklimi\u201d nin en \u00f6nemli payda\u015f\u0131, spor bas\u0131n\u0131m\u0131z. Be\u015f y\u0131ld\u0131r bizi asla yaln\u0131z b\u0131rakmayan, bar\u0131\u015f\u00e7\u0131l ortam\u0131 destekleyen, sevgi, sayg\u0131, ho\u015fg\u00f6r\u00fc diline sahip \u00e7\u0131kan de\u011ferli bas\u0131n mensuplar\u0131na ve bas\u0131n emek\u00e7ilerimize ayr\u0131ca te\u015fekk\u00fcr ediyoruz.<\/p>\n\n\n\n<p>Kendi mesleki birikimleri ile futbolumuza ve kul\u00fcplerimize hizmet veren d\u00f6rt kad\u0131n y\u00f6neticimiz ba\u015fta olmak \u00fczere, kul\u00fcplerimize hizmet yolunda \u00e7aba harcayan, bilgi ve birikimleri ile bu hizmet yar\u0131\u015f\u0131na b\u00fcy\u00fck katk\u0131 koyan Y\u00f6netim Kurulumuzun \u00e7ok de\u011ferli \u00fcyelerine ve t\u00fcm g\u00f6n\u00fcll\u00fclerimize sonsuz te\u015fekk\u00fcrlerimizi sunuyoruz.<\/p>\n\n\n\n<p>Bu arada hi\u00e7 bordrolu \u00e7al\u0131\u015fan\u0131m\u0131z yok. Bundan hi\u00e7 \u015fikayet\u00e7i de\u011filiz. Bu i\u015flerin g\u00f6n\u00fcl i\u015fi oldu\u011funun en g\u00fczel ispat\u0131 \u0130ZVAK t\u0131r.<br>T\u00fcm g\u00f6n\u00fcll\u00fc karde\u015flerimize, emekleri ve destekleri i\u00e7in te\u015fekk\u00fcr ediyoruz.<\/p>\n\n\n\n<p>DOSTLUK \u0130\u00c7\u0130NDE REKABET\u2026<\/p>\n\n\n\n<p>Futbolun, \u00fclkemizde ilk oynand\u0131\u011f\u0131 \u015fehirde ya\u015f\u0131yoruz. Ortalama y\u00fcz y\u0131ll\u0131k \u015fanl\u0131 tarihleri olan kul\u00fcplere sahibiz. Bunun de\u011ferini biliyoruz. Bu anlamda \u00e7ok \u015fansl\u0131y\u0131z.<\/p>\n\n\n\n<p>\u0130zmir; \u201cSahada rekabet, saha d\u0131\u015f\u0131nda dostluk, i\u015fbirli\u011fi ve dayan\u0131\u015fma\u2026\u201d ve \u201cDostluk i\u00e7inde rekabet \u201c kavramlar\u0131n\u0131n hayat buldu\u011fu \u015fehirdir.<\/p>\n\n\n\n<p>Olumsuzluklardan ders \u00e7\u0131kart\u0131yoruz, objektif \u00f6zele\u015ftirimizi yap\u0131yoruz ve daima daha iyisi i\u00e7in \u00e7al\u0131\u015f\u0131yoruz. De\u011ferli kat\u0131l\u0131m\u0131n\u0131z i\u00e7in Y\u00f6netim Kurulumuz ad\u0131na tekrar te\u015fekk\u00fcr ederiz. \u201c dedi.<\/p>\n\n\n\n<p>Ard\u0131ndan, Denetim Kurulu Raporu, Kurul Ba\u015fkan\u0131 \u00d6mer G\u00f6khan Tuncer taraf\u0131ndan okundu\u2026<\/p>\n\n\n\n<p>S\u00f6z alan Vak\u0131f Sayman \u00dcyesi Turhan G\u00fcrsel Urhan, gerek kul\u00fcplerimize ve gerekse vakf\u0131m\u0131za kaynak yaratma ama\u00e7l\u0131 i\u015f ve gelir modelleri \u00fczerinde genel kurulu bilgilendirdi.<\/p>\n\n\n\n<p>Yap\u0131lan oylama ile vakf\u0131n 2024 y\u0131l\u0131 faaliyetleri ve Denetim Kurulu raporlar\u0131 oy birli\u011fi ile ibra edildi\u2026<\/p>\n\n\n\n<figure class=\"wp-block-gallery has-nested-images columns-default is-cropped wp-block-gallery-1 is-layout-flex wp-block-gallery-is-layout-flex\">\n<figure class=\"wp-block-image size-large\"><img loading=\"lazy\" decoding=\"async\" width=\"1024\" height=\"439\" data-id=\"1894\" src=\"https:\/\/izvak.org\/wp-content\/uploads\/2025\/05\/WhatsApp-Image-2025-05-15-at-23.45.40-2-1024x439.jpeg\" alt=\"\" class=\"wp-image-1894\" srcset=\"https:\/\/izvak.org\/wp-content\/uploads\/2025\/05\/WhatsApp-Image-2025-05-15-at-23.45.40-2-1024x439.jpeg 1024w, https:\/\/izvak.org\/wp-content\/uploads\/2025\/05\/WhatsApp-Image-2025-05-15-at-23.45.40-2-300x129.jpeg 300w, https:\/\/izvak.org\/wp-content\/uploads\/2025\/05\/WhatsApp-Image-2025-05-15-at-23.45.40-2-768x329.jpeg 768w, https:\/\/izvak.org\/wp-content\/uploads\/2025\/05\/WhatsApp-Image-2025-05-15-at-23.45.40-2.jpeg 1080w\" sizes=\"auto, (max-width: 1024px) 100vw, 1024px\" \/><\/figure>\n\n\n\n<figure class=\"wp-block-image size-large\"><img loading=\"lazy\" decoding=\"async\" width=\"1024\" height=\"576\" data-id=\"1898\" src=\"https:\/\/izvak.org\/wp-content\/uploads\/2025\/05\/WhatsApp-Image-2025-05-15-at-23.45.40-3-1024x576.jpeg\" alt=\"\" class=\"wp-image-1898\" srcset=\"https:\/\/izvak.org\/wp-content\/uploads\/2025\/05\/WhatsApp-Image-2025-05-15-at-23.45.40-3-1024x576.jpeg 1024w, https:\/\/izvak.org\/wp-content\/uploads\/2025\/05\/WhatsApp-Image-2025-05-15-at-23.45.40-3-300x169.jpeg 300w, https:\/\/izvak.org\/wp-content\/uploads\/2025\/05\/WhatsApp-Image-2025-05-15-at-23.45.40-3-768x432.jpeg 768w, https:\/\/izvak.org\/wp-content\/uploads\/2025\/05\/WhatsApp-Image-2025-05-15-at-23.45.40-3.jpeg 1200w\" sizes=\"auto, (max-width: 1024px) 100vw, 1024px\" \/><\/figure>\n\n\n\n<figure class=\"wp-block-image size-large\"><img loading=\"lazy\" decoding=\"async\" width=\"1024\" height=\"555\" data-id=\"1896\" src=\"https:\/\/izvak.org\/wp-content\/uploads\/2025\/05\/WhatsApp-Image-2025-05-15-at-23.45.40-4-1024x555.jpeg\" alt=\"\" class=\"wp-image-1896\" srcset=\"https:\/\/izvak.org\/wp-content\/uploads\/2025\/05\/WhatsApp-Image-2025-05-15-at-23.45.40-4-1024x555.jpeg 1024w, https:\/\/izvak.org\/wp-content\/uploads\/2025\/05\/WhatsApp-Image-2025-05-15-at-23.45.40-4-300x163.jpeg 300w, https:\/\/izvak.org\/wp-content\/uploads\/2025\/05\/WhatsApp-Image-2025-05-15-at-23.45.40-4-768x416.jpeg 768w, https:\/\/izvak.org\/wp-content\/uploads\/2025\/05\/WhatsApp-Image-2025-05-15-at-23.45.40-4.jpeg 1200w\" sizes=\"auto, (max-width: 1024px) 100vw, 1024px\" \/><\/figure>\n\n\n\n<figure class=\"wp-block-image size-large\"><img loading=\"lazy\" decoding=\"async\" width=\"870\" height=\"1024\" data-id=\"1899\" src=\"https:\/\/izvak.org\/wp-content\/uploads\/2025\/05\/WhatsApp-Image-2025-05-15-at-23.45.40-5-870x1024.jpeg\" alt=\"\" class=\"wp-image-1899\" srcset=\"https:\/\/izvak.org\/wp-content\/uploads\/2025\/05\/WhatsApp-Image-2025-05-15-at-23.45.40-5-870x1024.jpeg 870w, https:\/\/izvak.org\/wp-content\/uploads\/2025\/05\/WhatsApp-Image-2025-05-15-at-23.45.40-5-255x300.jpeg 255w, https:\/\/izvak.org\/wp-content\/uploads\/2025\/05\/WhatsApp-Image-2025-05-15-at-23.45.40-5-768x904.jpeg 768w, https:\/\/izvak.org\/wp-content\/uploads\/2025\/05\/WhatsApp-Image-2025-05-15-at-23.45.40-5.jpeg 1274w\" sizes=\"auto, (max-width: 870px) 100vw, 870px\" \/><\/figure>\n\n\n\n<figure class=\"wp-block-image size-large\"><img loading=\"lazy\" decoding=\"async\" width=\"1024\" height=\"725\" data-id=\"1902\" src=\"https:\/\/izvak.org\/wp-content\/uploads\/2025\/05\/WhatsApp-Image-2025-05-15-at-23.45.40-6-1024x725.jpeg\" alt=\"\" class=\"wp-image-1902\" srcset=\"https:\/\/izvak.org\/wp-content\/uploads\/2025\/05\/WhatsApp-Image-2025-05-15-at-23.45.40-6-1024x725.jpeg 1024w, https:\/\/izvak.org\/wp-content\/uploads\/2025\/05\/WhatsApp-Image-2025-05-15-at-23.45.40-6-300x213.jpeg 300w, https:\/\/izvak.org\/wp-content\/uploads\/2025\/05\/WhatsApp-Image-2025-05-15-at-23.45.40-6-768x544.jpeg 768w, https:\/\/izvak.org\/wp-content\/uploads\/2025\/05\/WhatsApp-Image-2025-05-15-at-23.45.40-6.jpeg 1200w\" sizes=\"auto, (max-width: 1024px) 100vw, 1024px\" \/><\/figure>\n\n\n\n<figure class=\"wp-block-image size-large\"><img loading=\"lazy\" decoding=\"async\" width=\"1024\" height=\"954\" data-id=\"1895\" src=\"https:\/\/izvak.org\/wp-content\/uploads\/2025\/05\/WhatsApp-Image-2025-05-15-at-23.45.40-7-1024x954.jpeg\" alt=\"\" class=\"wp-image-1895\" srcset=\"https:\/\/izvak.org\/wp-content\/uploads\/2025\/05\/WhatsApp-Image-2025-05-15-at-23.45.40-7-1024x954.jpeg 1024w, https:\/\/izvak.org\/wp-content\/uploads\/2025\/05\/WhatsApp-Image-2025-05-15-at-23.45.40-7-300x280.jpeg 300w, https:\/\/izvak.org\/wp-content\/uploads\/2025\/05\/WhatsApp-Image-2025-05-15-at-23.45.40-7-768x716.jpeg 768w, https:\/\/izvak.org\/wp-content\/uploads\/2025\/05\/WhatsApp-Image-2025-05-15-at-23.45.40-7.jpeg 1115w\" sizes=\"auto, (max-width: 1024px) 100vw, 1024px\" \/><\/figure>\n\n\n\n<figure class=\"wp-block-image size-large\"><img loading=\"lazy\" decoding=\"async\" width=\"498\" height=\"718\" data-id=\"1897\" src=\"https:\/\/izvak.org\/wp-content\/uploads\/2025\/05\/WhatsApp-Image-2025-05-15-at-23.45.40-8.jpeg\" alt=\"\" class=\"wp-image-1897\" srcset=\"https:\/\/izvak.org\/wp-content\/uploads\/2025\/05\/WhatsApp-Image-2025-05-15-at-23.45.40-8.jpeg 498w, https:\/\/izvak.org\/wp-content\/uploads\/2025\/05\/WhatsApp-Image-2025-05-15-at-23.45.40-8-208x300.jpeg 208w\" sizes=\"auto, (max-width: 498px) 100vw, 498px\" \/><\/figure>\n\n\n\n<figure class=\"wp-block-image size-large\"><img loading=\"lazy\" decoding=\"async\" width=\"335\" height=\"704\" data-id=\"1900\" src=\"https:\/\/izvak.org\/wp-content\/uploads\/2025\/05\/WhatsApp-Image-2025-05-15-at-23.45.40-9.jpeg\" alt=\"\" class=\"wp-image-1900\" srcset=\"https:\/\/izvak.org\/wp-content\/uploads\/2025\/05\/WhatsApp-Image-2025-05-15-at-23.45.40-9.jpeg 335w, https:\/\/izvak.org\/wp-content\/uploads\/2025\/05\/WhatsApp-Image-2025-05-15-at-23.45.40-9-143x300.jpeg 143w\" sizes=\"auto, (max-width: 335px) 100vw, 335px\" \/><\/figure>\n\n\n\n<figure class=\"wp-block-image size-large\"><img loading=\"lazy\" decoding=\"async\" width=\"1024\" height=\"580\" data-id=\"1901\" src=\"https:\/\/izvak.org\/wp-content\/uploads\/2025\/05\/WhatsApp-Image-2025-05-15-at-23.45.40-1024x580.jpeg\" alt=\"\" class=\"wp-image-1901\" srcset=\"https:\/\/izvak.org\/wp-content\/uploads\/2025\/05\/WhatsApp-Image-2025-05-15-at-23.45.40-1024x580.jpeg 1024w, https:\/\/izvak.org\/wp-content\/uploads\/2025\/05\/WhatsApp-Image-2025-05-15-at-23.45.40-300x170.jpeg 300w, https:\/\/izvak.org\/wp-content\/uploads\/2025\/05\/WhatsApp-Image-2025-05-15-at-23.45.40-768x435.jpeg 768w, https:\/\/izvak.org\/wp-content\/uploads\/2025\/05\/WhatsApp-Image-2025-05-15-at-23.45.40.jpeg 1200w\" sizes=\"auto, (max-width: 1024px) 100vw, 1024px\" \/><\/figure>\n<\/figure>\n","protected":false},"excerpt":{"rendered":"<p>Y\u00f6netim Kurulu\u2019muz konuya ili\u015fkin bir \u201cBas\u0131n B\u00fclteni\u201d yay\u0131nlad\u0131\u2026 BASIN B\u00dcLTEN\u0130 : \u0130ZVAK FAAL\u0130YETLER\u0130 OY B\u0130RL\u0130\u011e\u0130 \u0130LE \u0130BRA ED\u0130LD\u0130 \u2026 \u0130ZM\u0130R Spor Kul\u00fcpleri Birli\u011fi Vakf\u0131\u2019m\u0131z\u0131n (\u0130ZVAK) 2024 y\u0131l\u0131 faaliyetleri kapsayan \u201cOla\u011fan Mali Genel Kurulu\u201d yap\u0131ld\u0131. Kat\u0131lan \u00fcyelerin tamam\u0131n\u0131n oyu ile 2024 y\u0131l\u0131 faaliyetleri ve bilan\u00e7osu ibra edildi. Tarihi Havagaz\u0131 Fabrikas\u0131 Yerle\u015fkesi i\u00e7erisindeki \u0130zmir Gazeteciler Cemiyeti Konferans [&hellip;]<\/p>\n","protected":false},"author":1,"featured_media":1893,"comment_status":"open","ping_status":"open","sticky":false,"template":"","format":"standard","meta":{"_uag_custom_page_level_css":"","footnotes":""},"categories":[7],"tags":[],"class_list":["post-1892","post","type-post","status-publish","format-standard","has-post-thumbnail","hentry","category-haberler"],"uagb_featured_image_src":{"full":["https:\/\/izvak.org\/wp-content\/uploads\/2025\/05\/WhatsApp-Image-2025-05-15-at-23.42.47.jpeg",1200,505,false],"thumbnail":["https:\/\/izvak.org\/wp-content\/uploads\/2025\/05\/WhatsApp-Image-2025-05-15-at-23.42.47-150x150.jpeg",150,150,true],"medium":["https:\/\/izvak.org\/wp-content\/uploads\/2025\/05\/WhatsApp-Image-2025-05-15-at-23.42.47-300x126.jpeg",300,126,true],"medium_large":["https:\/\/izvak.org\/wp-content\/uploads\/2025\/05\/WhatsApp-Image-2025-05-15-at-23.42.47-768x323.jpeg",640,269,true],"large":["https:\/\/izvak.org\/wp-content\/uploads\/2025\/05\/WhatsApp-Image-2025-05-15-at-23.42.47-1024x431.jpeg",640,269,true],"1536x1536":["https:\/\/izvak.org\/wp-content\/uploads\/2025\/05\/WhatsApp-Image-2025-05-15-at-23.42.47.jpeg",1200,505,false],"2048x2048":["https:\/\/izvak.org\/wp-content\/uploads\/2025\/05\/WhatsApp-Image-2025-05-15-at-23.42.47.jpeg",1200,505,false]},"uagb_author_info":{"display_name":"izvak","author_link":"https:\/\/izvak.org\/index.php\/author\/izvakorg\/"},"uagb_comment_info":161,"uagb_excerpt":"Y\u00f6netim Kurulu\u2019muz konuya ili\u015fkin bir \u201cBas\u0131n B\u00fclteni\u201d yay\u0131nlad\u0131\u2026 BASIN B\u00dcLTEN\u0130 : \u0130ZVAK FAAL\u0130YETLER\u0130 OY B\u0130RL\u0130\u011e\u0130 \u0130LE \u0130BRA ED\u0130LD\u0130 \u2026 \u0130ZM\u0130R Spor Kul\u00fcpleri Birli\u011fi Vakf\u0131\u2019m\u0131z\u0131n (\u0130ZVAK) 2024 y\u0131l\u0131 faaliyetleri kapsayan \u201cOla\u011fan Mali Genel Kurulu\u201d yap\u0131ld\u0131. Kat\u0131lan \u00fcyelerin tamam\u0131n\u0131n oyu ile 2024 y\u0131l\u0131 faaliyetleri ve bilan\u00e7osu ibra edildi. Tarihi Havagaz\u0131 Fabrikas\u0131 Yerle\u015fkesi i\u00e7erisindeki \u0130zmir Gazeteciler Cemiyeti Konferans&hellip;","_links":{"self":[{"href":"https:\/\/izvak.org\/index.php\/wp-json\/wp\/v2\/posts\/1892","targetHints":{"allow":["GET"]}}],"collection":[{"href":"https:\/\/izvak.org\/index.php\/wp-json\/wp\/v2\/posts"}],"about":[{"href":"https:\/\/izvak.org\/index.php\/wp-json\/wp\/v2\/types\/post"}],"author":[{"embeddable":true,"href":"https:\/\/izvak.org\/index.php\/wp-json\/wp\/v2\/users\/1"}],"replies":[{"embeddable":true,"href":"https:\/\/izvak.org\/index.php\/wp-json\/wp\/v2\/comments?post=1892"}],"version-history":[{"count":1,"href":"https:\/\/izvak.org\/index.php\/wp-json\/wp\/v2\/posts\/1892\/revisions"}],"predecessor-version":[{"id":1903,"href":"https:\/\/izvak.org\/index.php\/wp-json\/wp\/v2\/posts\/1892\/revisions\/1903"}],"wp:featuredmedia":[{"embeddable":true,"href":"https:\/\/izvak.org\/index.php\/wp-json\/wp\/v2\/media\/1893"}],"wp:attachment":[{"href":"https:\/\/izvak.org\/index.php\/wp-json\/wp\/v2\/media?parent=1892"}],"wp:term":[{"taxonomy":"category","embeddable":true,"href":"https:\/\/izvak.org\/index.php\/wp-json\/wp\/v2\/categories?post=1892"},{"taxonomy":"post_tag","embeddable":true,"href":"https:\/\/izvak.org\/index.php\/wp-json\/wp\/v2\/tags?post=1892"}],"curies":[{"name":"wp","href":"https:\/\/api.w.org\/{rel}","templated":true}]}}