{"id":1923,"date":"2025-06-25T09:16:48","date_gmt":"2025-06-25T09:16:48","guid":{"rendered":"https:\/\/izvak.org\/?p=1923"},"modified":"2025-06-29T09:21:08","modified_gmt":"2025-06-29T09:21:08","slug":"izmir-ekonomik-kalkinma-koordinasyon-kurulunda-iekkk-izmir-futbolu","status":"publish","type":"post","link":"https:\/\/izvak.org\/index.php\/2025\/06\/25\/izmir-ekonomik-kalkinma-koordinasyon-kurulunda-iekkk-izmir-futbolu\/","title":{"rendered":"\u0130ZM\u0130R EKONOM\u0130K KALKINMA KOORD\u0130NASYON KURULU\u2019NDA (\u0130EKKK) \u0130ZM\u0130R FUTBOLU\u2026"},"content":{"rendered":"\n<p>\u0130zmir B\u00fcy\u00fck\u015fehir Belediye Ba\u015fkan\u0131 Dr. Cemil Tugay\u2019\u0131n ev sahipli\u011finde Tarihi Havagaz\u0131 Fabrikas\u0131\u2019nda d\u00fczenlenen \u0130zmir Ekonomik Kalk\u0131nma Koordinasyon Kurulu (\u0130EKK) Toplant\u0131s\u0131\u2019da, Y\u00f6netim Kurulu Ba\u015fkan\u0131m\u0131z Ali Erten, \u0130zmir Ekonomi \u00dcniversitesi \u0130leti\u015fim Fak\u00fcltesi Dekan\u0131 Prof. Dr. Burak Do\u011fu ile birlikte, \u201c \u0130zmir Futbol Kul\u00fcplerinin Kent Ekonomisine Etki Ara\u015ft\u0131rmas\u0131\u201d konulu bir \u00e7al\u0131\u015fman\u0131n sunumunu ger\u00e7ekle\u015ftirdi\u2026<\/p>\n\n\n\n<p>\u0130ZVAK &#8211; \u0130zmir Ekonomi \u00dcniversitesi i\u015fbirli\u011fi ile y\u00fcr\u00fct\u00fclen \u00e7al\u0131\u015fman\u0131n detaylar\u0131 \u00f6n\u00fcm\u00fczdeki g\u00fcnlerde kamuoyu ve futbol ailesi ile payla\u015f\u0131lacak.<\/p>\n\n\n\n<p>ARA\u015eTIRMANIN AMACI :<\/p>\n\n\n\n<p>Bu ara\u015ft\u0131rma; \u00fclkemizde ilk olarak ger\u00e7ekle\u015ftirilmi\u015f, \u201cFutbol kul\u00fcpleri odakl\u0131 bir ekonomik etki ara\u015ft\u0131rmas\u0131\u201d niteli\u011findedir.<\/p>\n\n\n\n<p>\u0130zmir\u2019deki futbol kul\u00fcplerinin; kentin marka de\u011ferine, tan\u0131n\u0131rl\u0131\u011f\u0131na, ekonomisine ve yerel kalk\u0131nmas\u0131na olan do\u011frudan ve dolayl\u0131 etkilerini analiz etmek,<\/p>\n\n\n\n<p>Ve elde edilecek verilere dayal\u0131 olarak fark\u0131ndal\u0131k olu\u015fturabilmek amac\u0131yla, vakf\u0131m\u0131z\u0131n ve \u0130zmir Ekonomi \u00dcniversite\u2019sinin de\u011ferli<br>akademisyenlerinin \u00e7al\u0131\u015fmalar\u0131 ve i\u015f birli\u011fi ile ger\u00e7ekle\u015ftirilmi\u015ftir.<\/p>\n\n\n\n<p>Bu \u00e7al\u0131\u015fmadaki metodoloji ve kavramsal \u00e7er\u00e7eve kullan\u0131larak<br>T\u00fcrkiye\u2019nin di\u011fer illerinde de bu \u00e7al\u0131\u015fmay\u0131 yapmak m\u00fcmk\u00fcn<br>olabilecektir.<\/p>\n\n\n\n<p>V\u0130ZYON :<\/p>\n\n\n\n<p>Elde edilen veriler, \u0130zmir \u00f6zelinde bir de\u011ferlendirme sunman\u0131n yan\u0131 s\u0131ra, genel olarak sporun ve \u00f6zelinde futbolun kent geli\u015fimi \u00fczerindeki etkilerini anlamaya y\u00f6nelik kapsaml\u0131 bir perspektif sa\u011flamaktad\u0131r.<\/p>\n\n\n\n<p>\u00d6zellikle kent vizyonu a\u00e7\u0131s\u0131ndan futbol kul\u00fcplerinin oynad\u0131\u011f\u0131 rol, \u00f6nemli<br>bir odak noktas\u0131 olmu\u015ftur.<\/p>\n\n\n\n<p>Kul\u00fcplerin ba\u015far\u0131lar\u0131, tesisle\u015fme yat\u0131r\u0131mlar\u0131 ve uluslararas\u0131 rekabet<br>d\u00fczeyi, kentlerin k\u00fcresel \u00f6l\u00e7ekte bilinirli\u011fini ve cazibesini art\u0131rmaktad\u0131r.<\/p>\n\n\n\n<p>Futbolun sa\u011flad\u0131\u011f\u0131 bu etkile\u015fim, kentlerin gelece\u011fe y\u00f6nelik<br>planlamalar\u0131nda ve kalk\u0131nma stratejilerinde \u00f6nemli bir fakt\u00f6r olarak de\u011ferlendirilmi\u015ftir.<\/p>\n\n\n\n<p>Bu \u00e7al\u0131\u015fman\u0131n, yerel y\u00f6netimler, spor kul\u00fcpleri ve yat\u0131r\u0131mc\u0131lar i\u00e7in yol g\u00f6sterici nitelikte olmas\u0131n\u0131 diliyoruz.<\/p>\n\n\n\n<p>S\u00dcRE\u00c7 :<br>Projenin, saha ve literat\u00fcr \u00e7al\u0131\u015fmalar\u0131 yakla\u015f\u0131k 8 ay s\u00fcrm\u00fc\u015f ve Ocak 2025 itibar\u0131 ile tamamlanm\u0131\u015ft\u0131r.<\/p>\n\n\n\n<p>Devam eden s\u00fcre\u00e7 i\u00e7erisinde, elde edilen veriler;<\/p>\n\n\n\n<p>Kentimizin Ticari \u00f6rg\u00fctlenmeleri,<\/p>\n\n\n\n<p>Spor kul\u00fcpleri,<\/p>\n\n\n\n<p>Taraftarlar\u0131m\u0131z,<\/p>\n\n\n\n<p>Futbol yat\u0131r\u0131mc\u0131lar\u0131,<\/p>\n\n\n\n<p>Kentin karar makamlar\u0131,<\/p>\n\n\n\n<p>Yerel ve merkezi y\u00f6netimler,<\/p>\n\n\n\n<p>Kentin siyasi temsilcileri ve<\/p>\n\n\n\n<p>T\u00fcrk Futbol Ailesi ile payla\u015f\u0131lacakt\u0131r.<\/p>\n\n\n\n<p>Futbol End\u00fcstrisi, milyar dolarl\u0131k yay\u0131n haklar\u0131, sponsorluk anla\u015fmalar\u0131, devasa transfer b\u00fct\u00e7eleri ve k\u00fcresel taraftar kitlesiyle, \u00e7ok say\u0131da payda\u015f\u0131 ve \u00e7ok fazla de\u011fi\u015fkeni olan, d\u00fcnyan\u0131n en b\u00fcy\u00fck, en kapsay\u0131c\u0131 ve kolektif organizasyonlar\u0131ndan biridir.<\/p>\n\n\n\n<p>Futbol, yaln\u0131zca bir spor dal\u0131 olman\u0131n \u00e7ok \u00f6tesinde, siyasetten k\u00fclt\u00fcre, kent kimliklerinden ekonomik kalk\u0131nmaya kadar bir\u00e7okalanda derin toplumsal etkiler yarat\u0131r.<\/p>\n\n\n\n<p>Bir toplumun tutkular\u0131n\u0131, k\u00fclt\u00fcr\u00fcn\u00fc, m\u00fccadele g\u00fcc\u00fcn\u00fc ve karakterini yans\u0131tma potansiyeli ta\u015f\u0131r.<\/p>\n\n\n\n<p>Simon Kuper\u2019in \u00fcnl\u00fc deyimi ile,<br>\u201cFutbol, asla yaln\u0131zca futbol de\u011fildir\u201d<\/p>\n\n\n\n<p>Ali Erten<\/p>\n\n\n\n<figure class=\"wp-block-gallery has-nested-images columns-default is-cropped wp-block-gallery-1 is-layout-flex wp-block-gallery-is-layout-flex\">\n<figure class=\"wp-block-image size-large\"><img loading=\"lazy\" decoding=\"async\" width=\"1024\" height=\"683\" data-id=\"1925\" src=\"https:\/\/izvak.org\/wp-content\/uploads\/2025\/06\/12fe9f73-483b-4b76-a709-1c2397d07475-1024x683.jpg\" alt=\"\" class=\"wp-image-1925\" srcset=\"https:\/\/izvak.org\/wp-content\/uploads\/2025\/06\/12fe9f73-483b-4b76-a709-1c2397d07475-1024x683.jpg 1024w, https:\/\/izvak.org\/wp-content\/uploads\/2025\/06\/12fe9f73-483b-4b76-a709-1c2397d07475-300x200.jpg 300w, https:\/\/izvak.org\/wp-content\/uploads\/2025\/06\/12fe9f73-483b-4b76-a709-1c2397d07475-768x512.jpg 768w, https:\/\/izvak.org\/wp-content\/uploads\/2025\/06\/12fe9f73-483b-4b76-a709-1c2397d07475.jpg 1392w\" sizes=\"auto, (max-width: 1024px) 100vw, 1024px\" \/><\/figure>\n\n\n\n<figure class=\"wp-block-image size-large\"><img loading=\"lazy\" decoding=\"async\" width=\"1024\" height=\"576\" data-id=\"1926\" src=\"https:\/\/izvak.org\/wp-content\/uploads\/2025\/06\/38eef586-70c7-44e6-a7d3-a1f24aeb4185-1024x576.jpg\" alt=\"\" class=\"wp-image-1926\" srcset=\"https:\/\/izvak.org\/wp-content\/uploads\/2025\/06\/38eef586-70c7-44e6-a7d3-a1f24aeb4185-1024x576.jpg 1024w, https:\/\/izvak.org\/wp-content\/uploads\/2025\/06\/38eef586-70c7-44e6-a7d3-a1f24aeb4185-300x169.jpg 300w, https:\/\/izvak.org\/wp-content\/uploads\/2025\/06\/38eef586-70c7-44e6-a7d3-a1f24aeb4185-768x432.jpg 768w, https:\/\/izvak.org\/wp-content\/uploads\/2025\/06\/38eef586-70c7-44e6-a7d3-a1f24aeb4185-1536x864.jpg 1536w, https:\/\/izvak.org\/wp-content\/uploads\/2025\/06\/38eef586-70c7-44e6-a7d3-a1f24aeb4185.jpg 1600w\" sizes=\"auto, (max-width: 1024px) 100vw, 1024px\" \/><\/figure>\n\n\n\n<figure class=\"wp-block-image size-large\"><img loading=\"lazy\" decoding=\"async\" width=\"1024\" height=\"576\" data-id=\"1929\" src=\"https:\/\/izvak.org\/wp-content\/uploads\/2025\/06\/82eb4661-a9af-41be-ada5-489314f9cede-1024x576.jpg\" alt=\"\" class=\"wp-image-1929\" srcset=\"https:\/\/izvak.org\/wp-content\/uploads\/2025\/06\/82eb4661-a9af-41be-ada5-489314f9cede-1024x576.jpg 1024w, https:\/\/izvak.org\/wp-content\/uploads\/2025\/06\/82eb4661-a9af-41be-ada5-489314f9cede-300x169.jpg 300w, https:\/\/izvak.org\/wp-content\/uploads\/2025\/06\/82eb4661-a9af-41be-ada5-489314f9cede-768x432.jpg 768w, https:\/\/izvak.org\/wp-content\/uploads\/2025\/06\/82eb4661-a9af-41be-ada5-489314f9cede-1536x864.jpg 1536w, https:\/\/izvak.org\/wp-content\/uploads\/2025\/06\/82eb4661-a9af-41be-ada5-489314f9cede.jpg 1600w\" sizes=\"auto, (max-width: 1024px) 100vw, 1024px\" \/><\/figure>\n\n\n\n<figure class=\"wp-block-image size-large\"><img loading=\"lazy\" decoding=\"async\" width=\"1024\" height=\"576\" data-id=\"1928\" src=\"https:\/\/izvak.org\/wp-content\/uploads\/2025\/06\/46887e26-c98a-4262-bcb8-6bb437c19ca2-1024x576.jpg\" alt=\"\" class=\"wp-image-1928\" srcset=\"https:\/\/izvak.org\/wp-content\/uploads\/2025\/06\/46887e26-c98a-4262-bcb8-6bb437c19ca2-1024x576.jpg 1024w, https:\/\/izvak.org\/wp-content\/uploads\/2025\/06\/46887e26-c98a-4262-bcb8-6bb437c19ca2-300x169.jpg 300w, https:\/\/izvak.org\/wp-content\/uploads\/2025\/06\/46887e26-c98a-4262-bcb8-6bb437c19ca2-768x432.jpg 768w, https:\/\/izvak.org\/wp-content\/uploads\/2025\/06\/46887e26-c98a-4262-bcb8-6bb437c19ca2-1536x864.jpg 1536w, https:\/\/izvak.org\/wp-content\/uploads\/2025\/06\/46887e26-c98a-4262-bcb8-6bb437c19ca2.jpg 1600w\" sizes=\"auto, (max-width: 1024px) 100vw, 1024px\" \/><\/figure>\n\n\n\n<figure class=\"wp-block-image size-large\"><img loading=\"lazy\" decoding=\"async\" width=\"1024\" height=\"526\" data-id=\"1927\" src=\"https:\/\/izvak.org\/wp-content\/uploads\/2025\/06\/146608b7-cec0-471a-9b07-24c1a6d50024-1024x526.jpg\" alt=\"\" class=\"wp-image-1927\" srcset=\"https:\/\/izvak.org\/wp-content\/uploads\/2025\/06\/146608b7-cec0-471a-9b07-24c1a6d50024-1024x526.jpg 1024w, https:\/\/izvak.org\/wp-content\/uploads\/2025\/06\/146608b7-cec0-471a-9b07-24c1a6d50024-300x154.jpg 300w, https:\/\/izvak.org\/wp-content\/uploads\/2025\/06\/146608b7-cec0-471a-9b07-24c1a6d50024-768x394.jpg 768w, https:\/\/izvak.org\/wp-content\/uploads\/2025\/06\/146608b7-cec0-471a-9b07-24c1a6d50024.jpg 1392w\" sizes=\"auto, (max-width: 1024px) 100vw, 1024px\" \/><\/figure>\n\n\n\n<figure class=\"wp-block-image size-large\"><img loading=\"lazy\" decoding=\"async\" width=\"1024\" height=\"683\" data-id=\"1931\" src=\"https:\/\/izvak.org\/wp-content\/uploads\/2025\/06\/a874ee25-11bf-487a-b47e-bd5508d6e285-1024x683.jpg\" alt=\"\" class=\"wp-image-1931\" srcset=\"https:\/\/izvak.org\/wp-content\/uploads\/2025\/06\/a874ee25-11bf-487a-b47e-bd5508d6e285-1024x683.jpg 1024w, https:\/\/izvak.org\/wp-content\/uploads\/2025\/06\/a874ee25-11bf-487a-b47e-bd5508d6e285-300x200.jpg 300w, https:\/\/izvak.org\/wp-content\/uploads\/2025\/06\/a874ee25-11bf-487a-b47e-bd5508d6e285-768x512.jpg 768w, https:\/\/izvak.org\/wp-content\/uploads\/2025\/06\/a874ee25-11bf-487a-b47e-bd5508d6e285-1536x1024.jpg 1536w, https:\/\/izvak.org\/wp-content\/uploads\/2025\/06\/a874ee25-11bf-487a-b47e-bd5508d6e285-2048x1365.jpg 2048w\" sizes=\"auto, (max-width: 1024px) 100vw, 1024px\" \/><\/figure>\n\n\n\n<figure class=\"wp-block-image size-large\"><img loading=\"lazy\" decoding=\"async\" width=\"1024\" height=\"779\" data-id=\"1930\" src=\"https:\/\/izvak.org\/wp-content\/uploads\/2025\/06\/IMG_7934-1024x779.jpg\" alt=\"\" class=\"wp-image-1930\" srcset=\"https:\/\/izvak.org\/wp-content\/uploads\/2025\/06\/IMG_7934-1024x779.jpg 1024w, https:\/\/izvak.org\/wp-content\/uploads\/2025\/06\/IMG_7934-300x228.jpg 300w, https:\/\/izvak.org\/wp-content\/uploads\/2025\/06\/IMG_7934-768x584.jpg 768w, https:\/\/izvak.org\/wp-content\/uploads\/2025\/06\/IMG_7934.jpg 1170w\" sizes=\"auto, (max-width: 1024px) 100vw, 1024px\" \/><\/figure>\n<\/figure>\n","protected":false},"excerpt":{"rendered":"<p>\u0130zmir B\u00fcy\u00fck\u015fehir Belediye Ba\u015fkan\u0131 Dr. Cemil Tugay\u2019\u0131n ev sahipli\u011finde Tarihi Havagaz\u0131 Fabrikas\u0131\u2019nda d\u00fczenlenen \u0130zmir Ekonomik Kalk\u0131nma Koordinasyon Kurulu (\u0130EKK) Toplant\u0131s\u0131\u2019da, Y\u00f6netim Kurulu Ba\u015fkan\u0131m\u0131z Ali Erten, \u0130zmir Ekonomi \u00dcniversitesi \u0130leti\u015fim Fak\u00fcltesi Dekan\u0131 Prof. Dr. Burak Do\u011fu ile birlikte, \u201c \u0130zmir Futbol Kul\u00fcplerinin Kent Ekonomisine Etki Ara\u015ft\u0131rmas\u0131\u201d konulu bir \u00e7al\u0131\u015fman\u0131n sunumunu ger\u00e7ekle\u015ftirdi\u2026 \u0130ZVAK &#8211; \u0130zmir Ekonomi \u00dcniversitesi [&hellip;]<\/p>\n","protected":false},"author":1,"featured_media":1924,"comment_status":"open","ping_status":"open","sticky":false,"template":"","format":"standard","meta":{"_uag_custom_page_level_css":"","footnotes":""},"categories":[7],"tags":[],"class_list":["post-1923","post","type-post","status-publish","format-standard","has-post-thumbnail","hentry","category-haberler"],"uagb_featured_image_src":{"full":["https:\/\/izvak.org\/wp-content\/uploads\/2025\/06\/IMG_9987-scaled.jpg",2560,1705,false],"thumbnail":["https:\/\/izvak.org\/wp-content\/uploads\/2025\/06\/IMG_9987-150x150.jpg",150,150,true],"medium":["https:\/\/izvak.org\/wp-content\/uploads\/2025\/06\/IMG_9987-300x200.jpg",300,200,true],"medium_large":["https:\/\/izvak.org\/wp-content\/uploads\/2025\/06\/IMG_9987-768x511.jpg",640,426,true],"large":["https:\/\/izvak.org\/wp-content\/uploads\/2025\/06\/IMG_9987-1024x682.jpg",640,426,true],"1536x1536":["https:\/\/izvak.org\/wp-content\/uploads\/2025\/06\/IMG_9987-1536x1023.jpg",1536,1023,true],"2048x2048":["https:\/\/izvak.org\/wp-content\/uploads\/2025\/06\/IMG_9987-2048x1364.jpg",2048,1364,true]},"uagb_author_info":{"display_name":"izvak","author_link":"https:\/\/izvak.org\/index.php\/author\/izvakorg\/"},"uagb_comment_info":161,"uagb_excerpt":"\u0130zmir B\u00fcy\u00fck\u015fehir Belediye Ba\u015fkan\u0131 Dr. Cemil Tugay\u2019\u0131n ev sahipli\u011finde Tarihi Havagaz\u0131 Fabrikas\u0131\u2019nda d\u00fczenlenen \u0130zmir Ekonomik Kalk\u0131nma Koordinasyon Kurulu (\u0130EKK) Toplant\u0131s\u0131\u2019da, Y\u00f6netim Kurulu Ba\u015fkan\u0131m\u0131z Ali Erten, \u0130zmir Ekonomi \u00dcniversitesi \u0130leti\u015fim Fak\u00fcltesi Dekan\u0131 Prof. Dr. Burak Do\u011fu ile birlikte, \u201c \u0130zmir Futbol Kul\u00fcplerinin Kent Ekonomisine Etki Ara\u015ft\u0131rmas\u0131\u201d konulu bir \u00e7al\u0131\u015fman\u0131n sunumunu ger\u00e7ekle\u015ftirdi\u2026 \u0130ZVAK &#8211; \u0130zmir Ekonomi \u00dcniversitesi&hellip;","_links":{"self":[{"href":"https:\/\/izvak.org\/index.php\/wp-json\/wp\/v2\/posts\/1923","targetHints":{"allow":["GET"]}}],"collection":[{"href":"https:\/\/izvak.org\/index.php\/wp-json\/wp\/v2\/posts"}],"about":[{"href":"https:\/\/izvak.org\/index.php\/wp-json\/wp\/v2\/types\/post"}],"author":[{"embeddable":true,"href":"https:\/\/izvak.org\/index.php\/wp-json\/wp\/v2\/users\/1"}],"replies":[{"embeddable":true,"href":"https:\/\/izvak.org\/index.php\/wp-json\/wp\/v2\/comments?post=1923"}],"version-history":[{"count":1,"href":"https:\/\/izvak.org\/index.php\/wp-json\/wp\/v2\/posts\/1923\/revisions"}],"predecessor-version":[{"id":1932,"href":"https:\/\/izvak.org\/index.php\/wp-json\/wp\/v2\/posts\/1923\/revisions\/1932"}],"wp:featuredmedia":[{"embeddable":true,"href":"https:\/\/izvak.org\/index.php\/wp-json\/wp\/v2\/media\/1924"}],"wp:attachment":[{"href":"https:\/\/izvak.org\/index.php\/wp-json\/wp\/v2\/media?parent=1923"}],"wp:term":[{"taxonomy":"category","embeddable":true,"href":"https:\/\/izvak.org\/index.php\/wp-json\/wp\/v2\/categories?post=1923"},{"taxonomy":"post_tag","embeddable":true,"href":"https:\/\/izvak.org\/index.php\/wp-json\/wp\/v2\/tags?post=1923"}],"curies":[{"name":"wp","href":"https:\/\/api.w.org\/{rel}","templated":true}]}}