{"id":1943,"date":"2025-08-07T18:38:35","date_gmt":"2025-08-07T18:38:35","guid":{"rendered":"https:\/\/izvak.org\/?p=1943"},"modified":"2025-08-07T18:38:35","modified_gmt":"2025-08-07T18:38:35","slug":"yonetim-kurulumuzdan-aciklama-4","status":"publish","type":"post","link":"https:\/\/izvak.org\/index.php\/2025\/08\/07\/yonetim-kurulumuzdan-aciklama-4\/","title":{"rendered":"Y\u00d6NET\u0130M KURULUMUZDAN A\u00c7IKLAMA\u2026"},"content":{"rendered":"\n<p><strong>KENT TUR\u0130ZM\u0130N\u0130N GEL\u0130\u015eT\u0130R\u0130LMES\u0130NDE SPOR\u2026<\/strong><\/p>\n\n\n\n<p>\u201c\u0130zmir Turizmde Potansiyelinin \u00c7ok Az\u0131n\u0131 Kullan\u0131yor\u201d S\u00f6z\u00fc Do\u011frudur. Eksik Olan Sporun G\u00fcc\u00fcn\u00fc yeterince kullanmamakt\u0131r\u2026<\/p>\n\n\n\n<p>\u0130zmir B\u00fcy\u00fck\u015fehir Belediye Ba\u015fkan\u0131 Say\u0131n Dr. Cemil Tugay\u2019\u0131n, Turizm Koordinasyon Kurulu Toplant\u0131s\u0131\u2019nda kentin gelece\u011fi i\u00e7in \u00f6nemli a\u00e7\u0131klamalar yapt\u0131.<\/p>\n\n\n\n<p>Say\u0131n Tugay\u2019\u0131n \u201c\u0130zmir turizm potansiyelinin \u00e7ok az\u0131n\u0131 kullan\u0131yor. Elimizin alt\u0131ndaki hazineleri g\u00f6rmemiz \u00e7ok kritik\u201d \u015feklindeki a\u00e7\u0131klamas\u0131, dikkat ve umutla takip etti\u011fimiz \u00e7ok do\u011fru bir tespittir.<\/p>\n\n\n\n<p>\u0130ZVAK olarak her platformda dile getirdi\u011fimiz gibi, bu potansiyelin \u00f6nemli, ancak hen\u00fcz yeterince g\u00f6r\u00fcnmeyen bir bile\u015fenine tekrar dikkat \u00e7ekmek isteriz.<\/p>\n\n\n\n<p>Spor ve \u00f6zellikle tarihi spor kul\u00fcpleri, kent markala\u015fmas\u0131n\u0131n ve turizmin vazge\u00e7ilmez ara\u00e7lar\u0131ndand\u0131r. 100 y\u0131l\u0131 a\u015fan ge\u00e7mi\u015fe sahip ve kent miras\u0131 olarak korumam\u0131z gereken k\u00f6kl\u00fc kul\u00fcplerimizin bu \u015fehirde yaln\u0131zca sportif birer yap\u0131 olarak g\u00f6r\u00fclmeleri b\u00fcy\u00fck bir stratejik kay\u0131pt\u0131r.<\/p>\n\n\n\n<p>D\u00fcnya turizminden en b\u00fcy\u00fck pay\u0131 alan \u015fehirlere bakt\u0131\u011f\u0131m\u0131zda \u00e7ok farkl\u0131 bir tablo kar\u015f\u0131m\u0131za \u00e7\u0131kmaktad\u0131r.<\/p>\n\n\n\n<p>\u2714\ufe0f Barcelona, sadece mimarisiyle de\u011fil, FC Barcelona ile,<br>\u2714\ufe0f Manchester, end\u00fcstri miras\u0131 kadar United \u2013 City rekabeti ile,<br>\u2714\ufe0f Dortmund, tarihiyle oldu\u011fu kadar Borussia Dortmund ile,<br>\u2714\ufe0f Buenos Aires, tango kadar Boca Juniors ve River Plate ile,<br>\u2714\ufe0f Napoli, belki de yaln\u0131zca Armando Maradona\u2019n\u0131n \u00f6yk\u00fcs\u00fc ile an\u0131lmakta, milyonlarca turist bu kul\u00fcplerin m\u00fczelerini, statlar\u0131n\u0131 ve hik\u00e2yelerini g\u00f6rmek i\u00e7in \u015fehre gelmektedir.<\/p>\n\n\n\n<p>\u00c7\u00fcnk\u00fc turizmde ba\u015far\u0131, sadece kentlerin do\u011fal ve tarihi g\u00fczellikleri ile de\u011fil, kentin insanlara sundu\u011fu hikaye ile de ilintilidir.<\/p>\n\n\n\n<p>\u0130ZM\u0130R\u2019DE NE EKS\u0130K?<\/p>\n\n\n\n<p>\u0130zmir, bu anlamda \u00e7ok de\u011ferli bir mirasa sahiptir.<br>T\u00fcrkiye\u2019de futbolun ilk oynand\u0131\u011f\u0131 \u015fehirdir.<br>Metin Oktay gibi bir efsaneyi yeti\u015ftiren \u015fehirdir.<\/p>\n\n\n\n<p>\u00dclkemizde futbola yap\u0131lm\u0131\u015f ilk Avrupa kaynakl\u0131 yat\u0131r\u0131m\u0131n \u0130zmir\u2019e ve G\u00f6ztepe\u2019ye yap\u0131lm\u0131\u015f olmas\u0131, asla bir tesad\u00fcf de\u011fil, kent olarak elimizdeki g\u00fc\u00e7l\u00fc hikayenin en \u00f6nemli kan\u0131t\u0131d\u0131r.<\/p>\n\n\n\n<p>\u2714\ufe0f G\u00f6ztepe\u2019nin T\u00fcrkiye\u2019nin ilk Avrupa kupas\u0131 yar\u0131 finalisti olmas\u0131,<br>\u2714\ufe0f Kar\u015f\u0131yaka\u2019n\u0131n \u201ckar\u015f\u0131 k\u0131y\u0131da do\u011fmu\u015f\u201d benzersiz kimli\u011fi ve Avrupa genelindeki basketbol a\u011f\u0131rl\u0131kl\u0131 \u00fcst d\u00fczey tan\u0131n\u0131rl\u0131\u011f\u0131,<br>\u2714\ufe0f Altay\u2019\u0131n Milli Tak\u0131m\u2019a kaptanlar yeti\u015ftirmi\u015f gelene\u011fi,<br>\u2714\ufe0f Di\u011fer kul\u00fcplerimizin k\u00f6kl\u00fc tarihleri, yaln\u0131zca trib\u00fcnlerde de\u011fil, kentin haf\u0131zas\u0131nda ve k\u00fclt\u00fcrel miras\u0131nda da ya\u015famaktad\u0131r.<\/p>\n\n\n\n<p>T\u00fcm bunlara kar\u015f\u0131n \u0130zmir\u2019in fark\u0131; bu kadar g\u00fc\u00e7l\u00fc tarihsel spor markalar\u0131na sahip olup, onlar\u0131 turizm stratejisine dahil etmeyen belki de d\u00fcnyadaki tek kent olmas\u0131d\u0131r.<\/p>\n\n\n\n<p>Kul\u00fcplerimizin;<\/p>\n\n\n\n<p>\u2714\ufe0f M\u00fczeleri, belgeselleri, dijital ar\u015fivleri, an\u0131 rotalar\u0131,<br>\u2714\ufe0f Stadyum turlar\u0131, temal\u0131 hediyelik \u00fcr\u00fcnleri,<br>\u2714\ufe0f Spor temal\u0131 \u015fehir festivalleri<br>olu\u015fturularak turizm vizyonunun i\u00e7ine entegre edilmesi; hem kent ekonomisine katk\u0131 sa\u011flar, hem de \u0130zmir\u2019in hik\u00e2yesini d\u00fcnyaya daha etkili bir dille anlat\u0131r. Ayn\u0131 zamanda kul\u00fcplerimizin sponsorluk ili\u015fkilerini g\u00fc\u00e7lendirir.<\/p>\n\n\n\n<p>SPOR TUR\u0130ZM\u0130, SADECE SAHADA DE\u011e\u0130L, KENT HAFIZASINDA\u2026<\/p>\n\n\n\n<p>Spor turizmi, sadece maratonlar ya da turnuvalarla s\u0131n\u0131rl\u0131 de\u011fildir.<\/p>\n\n\n\n<p>Bug\u00fcn M\u00fcnih\u2019te Allianz Arena y\u0131lda 2 milyona yak\u0131n turist a\u011f\u0131rlamaktad\u0131r.<\/p>\n\n\n\n<p>Barselona\u2019n\u0131n evi olan Nou Camp, ma\u00e7 olmad\u0131\u011f\u0131 g\u00fcnlerde bile kent turizminin en \u00f6nemli rotalar\u0131ndan biridir.<\/p>\n\n\n\n<p>Torino\u2019da Juventus M\u00fczesi, her g\u00fcn dolup ta\u015fmaktad\u0131r. Ve daha onlarca ba\u015far\u0131l\u0131 \u00f6rnek\u2026<\/p>\n\n\n\n<p>Futbolun ve sporun tarihini i\u00e7eren yap\u0131lar\u0131n anlat\u0131m\u0131, kentin ruhunu hissettiren bir yolculuk sunar. \u0130zmir\u2019de bu miras fazlas\u0131yla vard\u0131r. Ancak ne yaz\u0131k ki at\u0131l durumdad\u0131r.<\/p>\n\n\n\n<p>\u0130ZVAK OLARAK HAZIRIZ\u2026<\/p>\n\n\n\n<p>\u0130ZVAK olarak, bu kentin spor haf\u0131zas\u0131n\u0131 gelece\u011fe ta\u015f\u0131may\u0131 g\u00f6rev edindik.<\/p>\n\n\n\n<p>Say\u0131n Ba\u015fkan\u2019\u0131n ve \u0130zmir B\u00fcy\u00fck\u015fehir Belediyesi\u2019nin, sporu yaln\u0131zca m\u00fcsabaka alan\u0131 de\u011fil, k\u00fclt\u00fcrel bir de\u011fer, ekonomik bir kald\u0131ra\u00e7 ve turizmi b\u00fcy\u00fctecek stratejik bir alan olarak yeniden de\u011ferlendirmesini bekliyoruz.<\/p>\n\n\n\n<p>Bu \u00e7a\u011fr\u0131m\u0131z bir ele\u015ftiri de\u011fil, bir f\u0131rsat davetidir. \u0130zmir\u2019in potansiyelini t\u00fcm y\u00f6nleriyle kullanmak istiyorsak, \u015fehrin en k\u00f6kl\u00fc markalar\u0131 olan spor kul\u00fcplerimizi art\u0131k g\u00f6z ard\u0131 etmemeliyiz.<\/p>\n\n\n\n<p>\u0130ZVAK Y\u00d6NET\u0130M KURULU<\/p>\n","protected":false},"excerpt":{"rendered":"<p>KENT TUR\u0130ZM\u0130N\u0130N GEL\u0130\u015eT\u0130R\u0130LMES\u0130NDE SPOR\u2026 \u201c\u0130zmir Turizmde Potansiyelinin \u00c7ok Az\u0131n\u0131 Kullan\u0131yor\u201d S\u00f6z\u00fc Do\u011frudur. Eksik Olan Sporun G\u00fcc\u00fcn\u00fc yeterince kullanmamakt\u0131r\u2026 \u0130zmir B\u00fcy\u00fck\u015fehir Belediye Ba\u015fkan\u0131 Say\u0131n Dr. Cemil Tugay\u2019\u0131n, Turizm Koordinasyon Kurulu Toplant\u0131s\u0131\u2019nda kentin gelece\u011fi i\u00e7in \u00f6nemli a\u00e7\u0131klamalar yapt\u0131. Say\u0131n Tugay\u2019\u0131n \u201c\u0130zmir turizm potansiyelinin \u00e7ok az\u0131n\u0131 kullan\u0131yor. Elimizin alt\u0131ndaki hazineleri g\u00f6rmemiz \u00e7ok kritik\u201d \u015feklindeki a\u00e7\u0131klamas\u0131, dikkat ve umutla [&hellip;]<\/p>\n","protected":false},"author":1,"featured_media":1944,"comment_status":"open","ping_status":"open","sticky":false,"template":"","format":"standard","meta":{"_uag_custom_page_level_css":"","footnotes":""},"categories":[7],"tags":[],"class_list":["post-1943","post","type-post","status-publish","format-standard","has-post-thumbnail","hentry","category-haberler"],"uagb_featured_image_src":{"full":["https:\/\/izvak.org\/wp-content\/uploads\/2025\/08\/WhatsApp-Image-2025-08-07-at-21.20.30.jpeg",1440,960,false],"thumbnail":["https:\/\/izvak.org\/wp-content\/uploads\/2025\/08\/WhatsApp-Image-2025-08-07-at-21.20.30-150x150.jpeg",150,150,true],"medium":["https:\/\/izvak.org\/wp-content\/uploads\/2025\/08\/WhatsApp-Image-2025-08-07-at-21.20.30-300x200.jpeg",300,200,true],"medium_large":["https:\/\/izvak.org\/wp-content\/uploads\/2025\/08\/WhatsApp-Image-2025-08-07-at-21.20.30-768x512.jpeg",640,427,true],"large":["https:\/\/izvak.org\/wp-content\/uploads\/2025\/08\/WhatsApp-Image-2025-08-07-at-21.20.30-1024x683.jpeg",640,427,true],"1536x1536":["https:\/\/izvak.org\/wp-content\/uploads\/2025\/08\/WhatsApp-Image-2025-08-07-at-21.20.30.jpeg",1440,960,false],"2048x2048":["https:\/\/izvak.org\/wp-content\/uploads\/2025\/08\/WhatsApp-Image-2025-08-07-at-21.20.30.jpeg",1440,960,false]},"uagb_author_info":{"display_name":"izvak","author_link":"https:\/\/izvak.org\/index.php\/author\/izvakorg\/"},"uagb_comment_info":215,"uagb_excerpt":"KENT TUR\u0130ZM\u0130N\u0130N GEL\u0130\u015eT\u0130R\u0130LMES\u0130NDE SPOR\u2026 \u201c\u0130zmir Turizmde Potansiyelinin \u00c7ok Az\u0131n\u0131 Kullan\u0131yor\u201d S\u00f6z\u00fc Do\u011frudur. Eksik Olan Sporun G\u00fcc\u00fcn\u00fc yeterince kullanmamakt\u0131r\u2026 \u0130zmir B\u00fcy\u00fck\u015fehir Belediye Ba\u015fkan\u0131 Say\u0131n Dr. Cemil Tugay\u2019\u0131n, Turizm Koordinasyon Kurulu Toplant\u0131s\u0131\u2019nda kentin gelece\u011fi i\u00e7in \u00f6nemli a\u00e7\u0131klamalar yapt\u0131. Say\u0131n Tugay\u2019\u0131n \u201c\u0130zmir turizm potansiyelinin \u00e7ok az\u0131n\u0131 kullan\u0131yor. Elimizin alt\u0131ndaki hazineleri g\u00f6rmemiz \u00e7ok kritik\u201d \u015feklindeki a\u00e7\u0131klamas\u0131, dikkat ve umutla&hellip;","_links":{"self":[{"href":"https:\/\/izvak.org\/index.php\/wp-json\/wp\/v2\/posts\/1943","targetHints":{"allow":["GET"]}}],"collection":[{"href":"https:\/\/izvak.org\/index.php\/wp-json\/wp\/v2\/posts"}],"about":[{"href":"https:\/\/izvak.org\/index.php\/wp-json\/wp\/v2\/types\/post"}],"author":[{"embeddable":true,"href":"https:\/\/izvak.org\/index.php\/wp-json\/wp\/v2\/users\/1"}],"replies":[{"embeddable":true,"href":"https:\/\/izvak.org\/index.php\/wp-json\/wp\/v2\/comments?post=1943"}],"version-history":[{"count":1,"href":"https:\/\/izvak.org\/index.php\/wp-json\/wp\/v2\/posts\/1943\/revisions"}],"predecessor-version":[{"id":1945,"href":"https:\/\/izvak.org\/index.php\/wp-json\/wp\/v2\/posts\/1943\/revisions\/1945"}],"wp:featuredmedia":[{"embeddable":true,"href":"https:\/\/izvak.org\/index.php\/wp-json\/wp\/v2\/media\/1944"}],"wp:attachment":[{"href":"https:\/\/izvak.org\/index.php\/wp-json\/wp\/v2\/media?parent=1943"}],"wp:term":[{"taxonomy":"category","embeddable":true,"href":"https:\/\/izvak.org\/index.php\/wp-json\/wp\/v2\/categories?post=1943"},{"taxonomy":"post_tag","embeddable":true,"href":"https:\/\/izvak.org\/index.php\/wp-json\/wp\/v2\/tags?post=1943"}],"curies":[{"name":"wp","href":"https:\/\/api.w.org\/{rel}","templated":true}]}}