{"id":1969,"date":"2025-10-18T08:22:28","date_gmt":"2025-10-18T08:22:28","guid":{"rendered":"https:\/\/izvak.org\/?p=1969"},"modified":"2025-10-22T06:23:19","modified_gmt":"2025-10-22T06:23:19","slug":"yonetim-kurulumuz-izvak-izmir-ekonomi-universitesi-isbirligi-ile-gerceklestirilenizmir-futbol-kuluplerinin-kent-ekonomisine-etkisi-konuluarastirma-raporunun-tam-metnini-y","status":"publish","type":"post","link":"https:\/\/izvak.org\/index.php\/2025\/10\/18\/yonetim-kurulumuz-izvak-izmir-ekonomi-universitesi-isbirligi-ile-gerceklestirilenizmir-futbol-kuluplerinin-kent-ekonomisine-etkisi-konuluarastirma-raporunun-tam-metnini-y\/","title":{"rendered":"Y\u00d6NET\u0130M KURULU\u2019MUZ, \u0130ZVAK- \u0130ZM\u0130R EKONOM\u0130 \u00dcN\u0130VERS\u0130TES\u0130 \u0130\u015eB\u0130RL\u0130\u011e\u0130 \u0130LE GER\u00c7EKLE\u015eT\u0130R\u0130LEN,\u201c\u0130ZM\u0130R FUTBOL KUL\u00dcPLER\u0130N\u0130N KENT EKONOM\u0130S\u0130NE ETK\u0130S\u0130\u201d KONULU ARA\u015eTIRMA RAPORUNUN TAM METN\u0130N\u0130 YAYINLADI\u2026"},"content":{"rendered":"\n<p>De\u011ferli \u0130zmir Dostu\u2026<br><br>\u0130zmir, T\u00fcrkiye\u2019de futbolun ba\u015flad\u0131\u011f\u0131 \u015fehir olmakla birlikte, bu k\u00f6kl\u00fc miras\u0131 gelece\u011fe<br>ta\u015f\u0131yacak bir vizyonu da hak etmektedir.<br><br>\u0130zmir Spor Kul\u00fcpleri Birli\u011fi Vakf\u0131 (\u0130ZVAK) olarak, \u0130zmir Ekonomi \u00dcniversitesi i\u015f birli\u011fiyle<br>y\u00fcr\u00fctt\u00fc\u011f\u00fcm\u00fcz ve elinizdeki bu \u00e7al\u0131\u015fmada sunulan \u201c\u0130zmir Futbol Kul\u00fcplerinin Kent<br>Ekonomisine Etkisi\u201d ara\u015ft\u0131rmas\u0131, kentimizdeki futbol kul\u00fcplerinin sadece sportif de\u011fil;<br>ekonomik, sosyal, k\u00fclt\u00fcrel ve mek\u00e2nsal a\u00e7\u0131dan da ne kadar hayati bir rol \u00fcstlendi\u011fini bilimsel<br>verilerle ortaya koymaktad\u0131r.<br><br>Ekte sundu\u011fumuz ara\u015ft\u0131rma, sporun kent kalk\u0131nmas\u0131ndaki stratejik g\u00fcc\u00fcn\u00fc fark etmemiz ve<br>kul\u00fcplerimizin potansiyelini daha iyi de\u011ferlendirmemiz ad\u0131na g\u00fc\u00e7l\u00fc bir referans kayna\u011f\u0131d\u0131r.<br>Kent y\u00f6neticileri, karar vericiler ve siyasi temsilciler olarak bu verilerin, kamu<br>politikalar\u0131n\u0131zda ve stratejik yat\u0131r\u0131mlar\u0131n\u0131zda yol g\u00f6sterici olaca\u011f\u0131na inan\u0131yoruz.<br>\u0130zmir\u2019in k\u00f6kl\u00fc kul\u00fcplerinin, kentimize olan katk\u0131lar\u0131n\u0131n daha g\u00f6r\u00fcn\u00fcr hale gelmesi ve<br>s\u00fcrd\u00fcr\u00fclebilir destek mekanizmalar\u0131 ile g\u00fc\u00e7lendirilmesi en b\u00fcy\u00fck dile\u011fimizdir.<br>Bilgilerinize sunar, ilginiz ve katk\u0131n\u0131z i\u00e7in \u015fimdiden te\u015fekk\u00fcr ederiz\u2026<br><br>Sayg\u0131lar\u0131m\u0131zla,<\/p>\n\n\n\n<p>\u0130ZVAK Y\u00d6NET\u0130M KURULU ADINA<br>Ali Erten<br>Y\u00f6netim Kurulu Ba\u015fkan\u0131<br>\u201c\u0130zmir Futbol Kul\u00fcplerinin Kent Ekonomisine Etkisi\u201d raporuna buradan ula\u015fabilirsiniz : <a href=\"https:\/\/izvak.org\/index.php\/baskandan-izmir-futbol-kuluplerinin-kent-ekonomisine-etki-arastirmasi\/\" data-type=\"page\" data-id=\"1962\">Ba\u015fkandan-\u0130ZM\u0130R FUTBOL KUL\u00dcPLER\u0130N\u0130N KENT EKONOM\u0130S\u0130NE ETK\u0130 ARA\u015eTIRMASI<\/a><\/p>\n\n\n\n<figure class=\"wp-block-gallery has-nested-images columns-default is-cropped wp-block-gallery-1 is-layout-flex wp-block-gallery-is-layout-flex\">\n<figure class=\"wp-block-image size-large\"><img loading=\"lazy\" decoding=\"async\" width=\"1024\" height=\"682\" data-id=\"1972\" src=\"https:\/\/izvak.org\/wp-content\/uploads\/2025\/10\/c99f71e7-8d0e-4714-8c55-420f69aa4651-1024x682.jpg\" alt=\"\" class=\"wp-image-1972\" srcset=\"https:\/\/izvak.org\/wp-content\/uploads\/2025\/10\/c99f71e7-8d0e-4714-8c55-420f69aa4651-1024x682.jpg 1024w, https:\/\/izvak.org\/wp-content\/uploads\/2025\/10\/c99f71e7-8d0e-4714-8c55-420f69aa4651-300x200.jpg 300w, https:\/\/izvak.org\/wp-content\/uploads\/2025\/10\/c99f71e7-8d0e-4714-8c55-420f69aa4651-768x512.jpg 768w, https:\/\/izvak.org\/wp-content\/uploads\/2025\/10\/c99f71e7-8d0e-4714-8c55-420f69aa4651-1536x1023.jpg 1536w, https:\/\/izvak.org\/wp-content\/uploads\/2025\/10\/c99f71e7-8d0e-4714-8c55-420f69aa4651.jpg 1600w\" sizes=\"auto, (max-width: 1024px) 100vw, 1024px\" \/><\/figure>\n\n\n\n<figure class=\"wp-block-image size-large\"><img loading=\"lazy\" decoding=\"async\" width=\"1024\" height=\"499\" data-id=\"1971\" src=\"https:\/\/izvak.org\/wp-content\/uploads\/2025\/10\/IMG_0469-1024x499.jpg\" alt=\"\" class=\"wp-image-1971\" srcset=\"https:\/\/izvak.org\/wp-content\/uploads\/2025\/10\/IMG_0469-1024x499.jpg 1024w, https:\/\/izvak.org\/wp-content\/uploads\/2025\/10\/IMG_0469-300x146.jpg 300w, https:\/\/izvak.org\/wp-content\/uploads\/2025\/10\/IMG_0469-768x374.jpg 768w, https:\/\/izvak.org\/wp-content\/uploads\/2025\/10\/IMG_0469-1536x748.jpg 1536w, https:\/\/izvak.org\/wp-content\/uploads\/2025\/10\/IMG_0469-2048x998.jpg 2048w\" sizes=\"auto, (max-width: 1024px) 100vw, 1024px\" \/><\/figure>\n<\/figure>\n","protected":false},"excerpt":{"rendered":"<p>De\u011ferli \u0130zmir Dostu\u2026 \u0130zmir, T\u00fcrkiye\u2019de futbolun ba\u015flad\u0131\u011f\u0131 \u015fehir olmakla birlikte, bu k\u00f6kl\u00fc miras\u0131 gelece\u011feta\u015f\u0131yacak bir vizyonu da hak etmektedir. \u0130zmir Spor Kul\u00fcpleri Birli\u011fi Vakf\u0131 (\u0130ZVAK) olarak, \u0130zmir Ekonomi \u00dcniversitesi i\u015f birli\u011fiyley\u00fcr\u00fctt\u00fc\u011f\u00fcm\u00fcz ve elinizdeki bu \u00e7al\u0131\u015fmada sunulan \u201c\u0130zmir Futbol Kul\u00fcplerinin KentEkonomisine Etkisi\u201d ara\u015ft\u0131rmas\u0131, kentimizdeki futbol kul\u00fcplerinin sadece sportif de\u011fil;ekonomik, sosyal, k\u00fclt\u00fcrel ve mek\u00e2nsal a\u00e7\u0131dan da ne [&hellip;]<\/p>\n","protected":false},"author":1,"featured_media":1970,"comment_status":"open","ping_status":"open","sticky":false,"template":"","format":"standard","meta":{"_uag_custom_page_level_css":"","footnotes":""},"categories":[7],"tags":[],"class_list":["post-1969","post","type-post","status-publish","format-standard","has-post-thumbnail","hentry","category-haberler"],"uagb_featured_image_src":{"full":["https:\/\/izvak.org\/wp-content\/uploads\/2025\/10\/c0813b04-d77d-4121-96de-bd69dc2170dd.jpg",1524,1066,false],"thumbnail":["https:\/\/izvak.org\/wp-content\/uploads\/2025\/10\/c0813b04-d77d-4121-96de-bd69dc2170dd-150x150.jpg",150,150,true],"medium":["https:\/\/izvak.org\/wp-content\/uploads\/2025\/10\/c0813b04-d77d-4121-96de-bd69dc2170dd-300x210.jpg",300,210,true],"medium_large":["https:\/\/izvak.org\/wp-content\/uploads\/2025\/10\/c0813b04-d77d-4121-96de-bd69dc2170dd-768x537.jpg",640,448,true],"large":["https:\/\/izvak.org\/wp-content\/uploads\/2025\/10\/c0813b04-d77d-4121-96de-bd69dc2170dd-1024x716.jpg",640,448,true],"1536x1536":["https:\/\/izvak.org\/wp-content\/uploads\/2025\/10\/c0813b04-d77d-4121-96de-bd69dc2170dd.jpg",1524,1066,false],"2048x2048":["https:\/\/izvak.org\/wp-content\/uploads\/2025\/10\/c0813b04-d77d-4121-96de-bd69dc2170dd.jpg",1524,1066,false]},"uagb_author_info":{"display_name":"izvak","author_link":"https:\/\/izvak.org\/index.php\/author\/izvakorg\/"},"uagb_comment_info":42,"uagb_excerpt":"De\u011ferli \u0130zmir Dostu\u2026 \u0130zmir, T\u00fcrkiye\u2019de futbolun ba\u015flad\u0131\u011f\u0131 \u015fehir olmakla birlikte, bu k\u00f6kl\u00fc miras\u0131 gelece\u011feta\u015f\u0131yacak bir vizyonu da hak etmektedir. \u0130zmir Spor Kul\u00fcpleri Birli\u011fi Vakf\u0131 (\u0130ZVAK) olarak, \u0130zmir Ekonomi \u00dcniversitesi i\u015f birli\u011fiyley\u00fcr\u00fctt\u00fc\u011f\u00fcm\u00fcz ve elinizdeki bu \u00e7al\u0131\u015fmada sunulan \u201c\u0130zmir Futbol Kul\u00fcplerinin KentEkonomisine Etkisi\u201d ara\u015ft\u0131rmas\u0131, kentimizdeki futbol kul\u00fcplerinin sadece sportif de\u011fil;ekonomik, sosyal, k\u00fclt\u00fcrel ve mek\u00e2nsal a\u00e7\u0131dan da ne&hellip;","_links":{"self":[{"href":"https:\/\/izvak.org\/index.php\/wp-json\/wp\/v2\/posts\/1969","targetHints":{"allow":["GET"]}}],"collection":[{"href":"https:\/\/izvak.org\/index.php\/wp-json\/wp\/v2\/posts"}],"about":[{"href":"https:\/\/izvak.org\/index.php\/wp-json\/wp\/v2\/types\/post"}],"author":[{"embeddable":true,"href":"https:\/\/izvak.org\/index.php\/wp-json\/wp\/v2\/users\/1"}],"replies":[{"embeddable":true,"href":"https:\/\/izvak.org\/index.php\/wp-json\/wp\/v2\/comments?post=1969"}],"version-history":[{"count":2,"href":"https:\/\/izvak.org\/index.php\/wp-json\/wp\/v2\/posts\/1969\/revisions"}],"predecessor-version":[{"id":1974,"href":"https:\/\/izvak.org\/index.php\/wp-json\/wp\/v2\/posts\/1969\/revisions\/1974"}],"wp:featuredmedia":[{"embeddable":true,"href":"https:\/\/izvak.org\/index.php\/wp-json\/wp\/v2\/media\/1970"}],"wp:attachment":[{"href":"https:\/\/izvak.org\/index.php\/wp-json\/wp\/v2\/media?parent=1969"}],"wp:term":[{"taxonomy":"category","embeddable":true,"href":"https:\/\/izvak.org\/index.php\/wp-json\/wp\/v2\/categories?post=1969"},{"taxonomy":"post_tag","embeddable":true,"href":"https:\/\/izvak.org\/index.php\/wp-json\/wp\/v2\/tags?post=1969"}],"curies":[{"name":"wp","href":"https:\/\/api.w.org\/{rel}","templated":true}]}}