{"id":2014,"date":"2025-12-11T10:05:09","date_gmt":"2025-12-11T10:05:09","guid":{"rendered":"https:\/\/izvak.org\/?p=2014"},"modified":"2025-12-11T10:05:43","modified_gmt":"2025-12-11T10:05:43","slug":"yonetim-kurulumuz-karsiyaka-stad-yapim-surecine-iliskin-kurumsal-degerlendirme-raporu-yayinladi","status":"publish","type":"post","link":"https:\/\/izvak.org\/index.php\/2025\/12\/11\/yonetim-kurulumuz-karsiyaka-stad-yapim-surecine-iliskin-kurumsal-degerlendirme-raporu-yayinladi\/","title":{"rendered":"Y\u00d6NET\u0130M KURULUMUZ, KAR\u015eIYAKA STADI YAPIM S\u00dcREC\u0130NE \u0130L\u0130\u015eK\u0130N \u201cKURUMSAL DE\u011eERLEND\u0130RME RAPORU\u201d YAYINLADI\u2026\u00a0"},"content":{"rendered":"\n<p>\u0130ZVAK Y\u00f6netim Kurulu olarak, Kar\u015f\u0131yaka Stad\u0131\u2019n\u0131n 13 y\u0131l\u0131 a\u015fan yolculu\u011funu, bu s\u00fcre\u00e7te verilen eme\u011fi ve gelinen kritik a\u015famay\u0131, bundan sonraki olas\u0131 riskleri&nbsp;&nbsp;ele alan Kurumsal De\u011ferlendirme Raporu\u2019nu kamuoyu ile payla\u015f\u0131yoruz.<br><br>Bu rapor, ilk ma\u00e7a kadar s\u00fcrecin ayn\u0131 disiplinle s\u00fcrd\u00fcr\u00fclmesi gerekti\u011fini hat\u0131rlatmak amac\u0131yla haz\u0131rlanm\u0131\u015ft\u0131r.<br><br>Modern Kar\u015f\u0131yaka Stadyumu\u2019nun, sadece Kar\u015f\u0131yaka i\u00e7in de\u011fil t\u00fcm \u0130zmir i\u00e7in bir stadyumdan \u00e7ok daha fazlas\u0131 oldu\u011funu bir kez daha vurguluyoruz.<\/p>\n\n\n\n<p>T\u00fcm payda\u015flar\u0131m\u0131za, s\u00fcrece verdikleri katk\u0131 ve g\u00f6sterdikleri kararl\u0131l\u0131k i\u00e7in te\u015fekk\u00fcr ederiz.<\/p>\n\n\n\n<p>Rapora <a href=\"https:\/\/izvak.org\/index.php\/karsiyaka-stadi-yapim-sureci-kurumsal-degerlendirme-raporu\/\" data-type=\"page\" data-id=\"2011\">KAR\u015eIYAKA STADI YAPIM S\u00dcREC\u0130 KURUMSAL DE\u011eERLEND\u0130RME RAPORU<\/a> linkinden ula\u015fabilirsiniz.<\/p>\n","protected":false},"excerpt":{"rendered":"<p>\u0130ZVAK Y\u00f6netim Kurulu olarak, Kar\u015f\u0131yaka Stad\u0131\u2019n\u0131n 13 y\u0131l\u0131 a\u015fan yolculu\u011funu, bu s\u00fcre\u00e7te verilen eme\u011fi ve gelinen kritik a\u015famay\u0131, bundan sonraki olas\u0131 riskleri&nbsp;&nbsp;ele alan Kurumsal De\u011ferlendirme Raporu\u2019nu kamuoyu ile payla\u015f\u0131yoruz. Bu rapor, ilk ma\u00e7a kadar s\u00fcrecin ayn\u0131 disiplinle s\u00fcrd\u00fcr\u00fclmesi gerekti\u011fini hat\u0131rlatmak amac\u0131yla haz\u0131rlanm\u0131\u015ft\u0131r. Modern Kar\u015f\u0131yaka Stadyumu\u2019nun, sadece Kar\u015f\u0131yaka i\u00e7in de\u011fil t\u00fcm \u0130zmir i\u00e7in bir stadyumdan \u00e7ok [&hellip;]<\/p>\n","protected":false},"author":1,"featured_media":2015,"comment_status":"open","ping_status":"open","sticky":false,"template":"","format":"standard","meta":{"_uag_custom_page_level_css":"","footnotes":""},"categories":[7],"tags":[],"class_list":["post-2014","post","type-post","status-publish","format-standard","has-post-thumbnail","hentry","category-haberler"],"uagb_featured_image_src":{"full":["https:\/\/izvak.org\/wp-content\/uploads\/2025\/12\/GO\u0308RSEL-scaled.jpg",2560,1441,false],"thumbnail":["https:\/\/izvak.org\/wp-content\/uploads\/2025\/12\/GO\u0308RSEL-150x150.jpg",150,150,true],"medium":["https:\/\/izvak.org\/wp-content\/uploads\/2025\/12\/GO\u0308RSEL-300x169.jpg",300,169,true],"medium_large":["https:\/\/izvak.org\/wp-content\/uploads\/2025\/12\/GO\u0308RSEL-768x432.jpg",640,360,true],"large":["https:\/\/izvak.org\/wp-content\/uploads\/2025\/12\/GO\u0308RSEL-1024x577.jpg",640,361,true],"1536x1536":["https:\/\/izvak.org\/wp-content\/uploads\/2025\/12\/GO\u0308RSEL-1536x865.jpg",1536,865,true],"2048x2048":["https:\/\/izvak.org\/wp-content\/uploads\/2025\/12\/GO\u0308RSEL-2048x1153.jpg",2048,1153,true]},"uagb_author_info":{"display_name":"izvak","author_link":"https:\/\/izvak.org\/index.php\/author\/izvakorg\/"},"uagb_comment_info":2,"uagb_excerpt":"\u0130ZVAK Y\u00f6netim Kurulu olarak, Kar\u015f\u0131yaka Stad\u0131\u2019n\u0131n 13 y\u0131l\u0131 a\u015fan yolculu\u011funu, bu s\u00fcre\u00e7te verilen eme\u011fi ve gelinen kritik a\u015famay\u0131, bundan sonraki olas\u0131 riskleri&nbsp;&nbsp;ele alan Kurumsal De\u011ferlendirme Raporu\u2019nu kamuoyu ile payla\u015f\u0131yoruz. Bu rapor, ilk ma\u00e7a kadar s\u00fcrecin ayn\u0131 disiplinle s\u00fcrd\u00fcr\u00fclmesi gerekti\u011fini hat\u0131rlatmak amac\u0131yla haz\u0131rlanm\u0131\u015ft\u0131r. Modern Kar\u015f\u0131yaka Stadyumu\u2019nun, sadece Kar\u015f\u0131yaka i\u00e7in de\u011fil t\u00fcm \u0130zmir i\u00e7in bir stadyumdan \u00e7ok&hellip;","_links":{"self":[{"href":"https:\/\/izvak.org\/index.php\/wp-json\/wp\/v2\/posts\/2014","targetHints":{"allow":["GET"]}}],"collection":[{"href":"https:\/\/izvak.org\/index.php\/wp-json\/wp\/v2\/posts"}],"about":[{"href":"https:\/\/izvak.org\/index.php\/wp-json\/wp\/v2\/types\/post"}],"author":[{"embeddable":true,"href":"https:\/\/izvak.org\/index.php\/wp-json\/wp\/v2\/users\/1"}],"replies":[{"embeddable":true,"href":"https:\/\/izvak.org\/index.php\/wp-json\/wp\/v2\/comments?post=2014"}],"version-history":[{"count":2,"href":"https:\/\/izvak.org\/index.php\/wp-json\/wp\/v2\/posts\/2014\/revisions"}],"predecessor-version":[{"id":2017,"href":"https:\/\/izvak.org\/index.php\/wp-json\/wp\/v2\/posts\/2014\/revisions\/2017"}],"wp:featuredmedia":[{"embeddable":true,"href":"https:\/\/izvak.org\/index.php\/wp-json\/wp\/v2\/media\/2015"}],"wp:attachment":[{"href":"https:\/\/izvak.org\/index.php\/wp-json\/wp\/v2\/media?parent=2014"}],"wp:term":[{"taxonomy":"category","embeddable":true,"href":"https:\/\/izvak.org\/index.php\/wp-json\/wp\/v2\/categories?post=2014"},{"taxonomy":"post_tag","embeddable":true,"href":"https:\/\/izvak.org\/index.php\/wp-json\/wp\/v2\/tags?post=2014"}],"curies":[{"name":"wp","href":"https:\/\/api.w.org\/{rel}","templated":true}]}}