{"id":2019,"date":"2026-01-02T17:55:00","date_gmt":"2026-01-02T17:55:00","guid":{"rendered":"https:\/\/izvak.org\/?p=2019"},"modified":"2026-01-02T17:55:24","modified_gmt":"2026-01-02T17:55:24","slug":"yonetim-kurulumuz-yeni-yil-mesaji-yayinladi","status":"publish","type":"post","link":"https:\/\/izvak.org\/index.php\/2026\/01\/02\/yonetim-kurulumuz-yeni-yil-mesaji-yayinladi\/","title":{"rendered":"Y\u00d6NET\u0130M KURULUMUZ, YEN\u0130 YIL MESAJI YAYINLADI\u2026"},"content":{"rendered":"\n<p>2026, \u0130ZM\u0130R\u2019\u0130N YILI OLSUN\u2026<\/p>\n\n\n\n<p>\u0130zmir\u2019imiz; y\u00fczy\u0131llard\u0131r medeniyetlerin bulu\u015fma noktas\u0131, sportif rekabetin dostlukla anlam buldu\u011fu bir \u015fehirdir.<\/p>\n\n\n\n<p>Bu \u015fehrin spora bak\u0131\u015f\u0131, sadece kazanmak \u00fczerine de\u011fildir. Bizlere d\u00fc\u015fen, bu duyguyu ve bu topraklar\u0131n \u00f6z\u00fcnde var olan olimpiyat ruhunu ya\u015fatmak, gen\u00e7lerimizin hayallerine daha geni\u015f ufuklar a\u00e7mak, sporun birle\u015ftirici g\u00fcc\u00fcn\u00fc t\u00fcm \u015fehirde g\u00f6r\u00fcn\u00fcr k\u0131lmak, kentin spordan gelen marka de\u011ferine katk\u0131 koymakt\u0131r.<\/p>\n\n\n\n<p>Hayalleri ve hedefleri b\u00fcy\u00fck gen\u00e7 sporcu karde\u015flerimize, onlar\u0131 yeti\u015ftiren fedakar spor emek\u00e7ilerimize, b\u00fcy\u00fck sorumluluk ta\u015f\u0131yan kul\u00fcp ba\u015fkanlar\u0131m\u0131za ve y\u00f6neticilerimize, renklerine tutkuyla ba\u011fl\u0131 taraftarlar\u0131m\u0131za, b\u00fcy\u00fck camialar\u0131m\u0131za, fair play ruhundan ayr\u0131lmadan, co\u015fku, ba\u015far\u0131 ve gurur dolu unutulmaz bir y\u0131l diliyoruz.<\/p>\n\n\n\n<p>2026, \u0130zmir\u2019in y\u0131l\u0131 olsun\u2026<\/p>\n","protected":false},"excerpt":{"rendered":"<p>2026, \u0130ZM\u0130R\u2019\u0130N YILI OLSUN\u2026 \u0130zmir\u2019imiz; y\u00fczy\u0131llard\u0131r medeniyetlerin bulu\u015fma noktas\u0131, sportif rekabetin dostlukla anlam buldu\u011fu bir \u015fehirdir. Bu \u015fehrin spora bak\u0131\u015f\u0131, sadece kazanmak \u00fczerine de\u011fildir. Bizlere d\u00fc\u015fen, bu duyguyu ve bu topraklar\u0131n \u00f6z\u00fcnde var olan olimpiyat ruhunu ya\u015fatmak, gen\u00e7lerimizin hayallerine daha geni\u015f ufuklar a\u00e7mak, sporun birle\u015ftirici g\u00fcc\u00fcn\u00fc t\u00fcm \u015fehirde g\u00f6r\u00fcn\u00fcr k\u0131lmak, kentin spordan gelen marka de\u011ferine [&hellip;]<\/p>\n","protected":false},"author":1,"featured_media":1672,"comment_status":"open","ping_status":"open","sticky":false,"template":"","format":"standard","meta":{"_uag_custom_page_level_css":"","footnotes":""},"categories":[7],"tags":[],"class_list":["post-2019","post","type-post","status-publish","format-standard","has-post-thumbnail","hentry","category-haberler"],"uagb_featured_image_src":{"full":["https:\/\/izvak.org\/wp-content\/uploads\/2025\/02\/1-12.jpg",960,520,false],"thumbnail":["https:\/\/izvak.org\/wp-content\/uploads\/2025\/02\/1-12-150x150.jpg",150,150,true],"medium":["https:\/\/izvak.org\/wp-content\/uploads\/2025\/02\/1-12-300x163.jpg",300,163,true],"medium_large":["https:\/\/izvak.org\/wp-content\/uploads\/2025\/02\/1-12-768x416.jpg",640,347,true],"large":["https:\/\/izvak.org\/wp-content\/uploads\/2025\/02\/1-12.jpg",640,347,false],"1536x1536":["https:\/\/izvak.org\/wp-content\/uploads\/2025\/02\/1-12.jpg",960,520,false],"2048x2048":["https:\/\/izvak.org\/wp-content\/uploads\/2025\/02\/1-12.jpg",960,520,false]},"uagb_author_info":{"display_name":"izvak","author_link":"https:\/\/izvak.org\/index.php\/author\/izvakorg\/"},"uagb_comment_info":0,"uagb_excerpt":"2026, \u0130ZM\u0130R\u2019\u0130N YILI OLSUN\u2026 \u0130zmir\u2019imiz; y\u00fczy\u0131llard\u0131r medeniyetlerin bulu\u015fma noktas\u0131, sportif rekabetin dostlukla anlam buldu\u011fu bir \u015fehirdir. Bu \u015fehrin spora bak\u0131\u015f\u0131, sadece kazanmak \u00fczerine de\u011fildir. Bizlere d\u00fc\u015fen, bu duyguyu ve bu topraklar\u0131n \u00f6z\u00fcnde var olan olimpiyat ruhunu ya\u015fatmak, gen\u00e7lerimizin hayallerine daha geni\u015f ufuklar a\u00e7mak, sporun birle\u015ftirici g\u00fcc\u00fcn\u00fc t\u00fcm \u015fehirde g\u00f6r\u00fcn\u00fcr k\u0131lmak, kentin spordan gelen marka de\u011ferine&hellip;","_links":{"self":[{"href":"https:\/\/izvak.org\/index.php\/wp-json\/wp\/v2\/posts\/2019","targetHints":{"allow":["GET"]}}],"collection":[{"href":"https:\/\/izvak.org\/index.php\/wp-json\/wp\/v2\/posts"}],"about":[{"href":"https:\/\/izvak.org\/index.php\/wp-json\/wp\/v2\/types\/post"}],"author":[{"embeddable":true,"href":"https:\/\/izvak.org\/index.php\/wp-json\/wp\/v2\/users\/1"}],"replies":[{"embeddable":true,"href":"https:\/\/izvak.org\/index.php\/wp-json\/wp\/v2\/comments?post=2019"}],"version-history":[{"count":1,"href":"https:\/\/izvak.org\/index.php\/wp-json\/wp\/v2\/posts\/2019\/revisions"}],"predecessor-version":[{"id":2020,"href":"https:\/\/izvak.org\/index.php\/wp-json\/wp\/v2\/posts\/2019\/revisions\/2020"}],"wp:featuredmedia":[{"embeddable":true,"href":"https:\/\/izvak.org\/index.php\/wp-json\/wp\/v2\/media\/1672"}],"wp:attachment":[{"href":"https:\/\/izvak.org\/index.php\/wp-json\/wp\/v2\/media?parent=2019"}],"wp:term":[{"taxonomy":"category","embeddable":true,"href":"https:\/\/izvak.org\/index.php\/wp-json\/wp\/v2\/categories?post=2019"},{"taxonomy":"post_tag","embeddable":true,"href":"https:\/\/izvak.org\/index.php\/wp-json\/wp\/v2\/tags?post=2019"}],"curies":[{"name":"wp","href":"https:\/\/api.w.org\/{rel}","templated":true}]}}