{"id":2055,"date":"2026-01-22T17:18:41","date_gmt":"2026-01-22T17:18:41","guid":{"rendered":"https:\/\/izvak.org\/?p=2055"},"modified":"2026-01-22T20:27:38","modified_gmt":"2026-01-22T20:27:38","slug":"yonetim-kurulumuz-2025-yili-faaliyet-raporunu-paylasti","status":"publish","type":"post","link":"https:\/\/izvak.org\/index.php\/2026\/01\/22\/yonetim-kurulumuz-2025-yili-faaliyet-raporunu-paylasti\/","title":{"rendered":"Y\u00d6NET\u0130M KURULUMUZ, 2025 YILI FAAL\u0130YET RAPORUNU PAYLA\u015eTI\u2026"},"content":{"rendered":"\n<p>\u2028\u0130zmir Spor Kul\u00fcpleri Birli\u011fi Vakf\u0131 (\u0130ZVAK) olarak, i\u015f birli\u011fi ve dayan\u0131\u015fman\u0131n getirdi\u011fi dostluk iklimi ile kendi alan\u0131nda \u00fclkemizdeki ilk ve tek \u00f6rnek olmay\u0131 s\u00fcrd\u00fcr\u00fcyoruz. Kul\u00fcplerimiz ve taraftarlar\u0131m\u0131z aras\u0131nda ortak akl\u0131 geli\u015ftirmeyi, fikir ve proje \u00fcretmeyi, bu \u015fekilde \u015fehrimize, kul\u00fcplerimize, sporumuza ve toplumumuza g\u00f6n\u00fcll\u00fcl\u00fck esas\u0131na g\u00f6re hizmet etmeyi ama\u00e7layan bir sivil toplum kurulu\u015fu olarak yolumuza devam\u2028ediyoruz.\u2028\u2028Ortalama y\u00fcz y\u0131ll\u0131k \u015fanl\u0131 tarihleri ile en de\u011ferli markalar\u0131m\u0131z olan spor kul\u00fcplerimizin ya\u015fat\u0131lmas\u0131 ve kentsel miras olarak gelecek nesillere b\u0131rak\u0131lacak \u015fekilde korunmas\u0131 i\u00e7in \u00e7aba\u2028g\u00f6steriyoruz.\u2028\u2028\u0130zmir kul\u00fcpleri ve taraftarlar\u0131 olarak; sahadaki sportif rekabetten ba\u011f\u0131ms\u0131z olarak saha d\u0131\u015f\u0131nda\u2028i\u015fbirli\u011fi ve dayan\u0131\u015fmay\u0131 geli\u015ftiriyor, bunun i\u00e7in futbolun birle\u015ftirici ve bar\u0131\u015f\u00e7\u0131l g\u00fcc\u00fcnden faydalan\u0131yoruz.\u2028\u2028\u201cDostluk \u0130\u00e7inde Rekabet\u201d ilkesi ile t\u00fcm futbol d\u00fcnyas\u0131na \u00f6rnek olmaya ve daima daha iyisi\u2028i\u00e7in \u00e7al\u0131\u015fmaya devam ediyoruz\u2026\u2028\u2028T\u00fcm m\u00fctevelli heyeti \u00fcyelerimize, kul\u00fcp ba\u015fkanlar\u0131m\u0131z ve kul\u00fcp y\u00f6netimlerimize, birbirinden de\u011ferli t\u00fcm y\u00f6netim kurulu \u00fcyelerimize, g\u00f6n\u00fcll\u00fclerimize, t\u00fcm \u0130zmir ve spor dostlar\u0131na, \u00e7al\u0131\u015fmalar\u0131m\u0131za destek olan, emek ve katk\u0131 koyan herkese\u2028te\u015fekk\u00fcrlerimizi sunuyoruz.<br>\u2028Bu faaliyet raporumuzda, g\u00f6reve geldi\u011fimiz g\u00fcnden bu yana yapt\u0131\u011f\u0131m\u0131z \u00e7al\u0131\u015fmalar\u0131n k\u0131sa\u2028bir \u00f6zetini ve 2025 y\u0131l\u0131 faaliyetlerimizi takdir ve de\u011ferlendirmelerinize sunuyoruz.\u2028\u2028<br>\u0130ZVAK \u2028Y\u00f6netim Kurulu<br>\u201c2025 Y\u0131l\u0131 Faaliyet Raporu\u201d tam metnine a\u015fa\u011f\u0131daki linkten ula\u015fabilirsiniz\u2026<br><a href=\"https:\/\/izvak.org\/wp-content\/uploads\/2026\/01\/izvak-2025-faaliyet-raporu.pdf\" data-type=\"attachment\" data-id=\"2050\">izvak-2025-faaliyet-raporu<\/a><br><\/p>\n\n\n\n<p><\/p>\n\n\n\n<p><\/p>\n","protected":false},"excerpt":{"rendered":"<p>\u2028\u0130zmir Spor Kul\u00fcpleri Birli\u011fi Vakf\u0131 (\u0130ZVAK) olarak, i\u015f birli\u011fi ve dayan\u0131\u015fman\u0131n getirdi\u011fi dostluk iklimi ile kendi alan\u0131nda \u00fclkemizdeki ilk ve tek \u00f6rnek olmay\u0131 s\u00fcrd\u00fcr\u00fcyoruz. Kul\u00fcplerimiz ve taraftarlar\u0131m\u0131z aras\u0131nda ortak akl\u0131 geli\u015ftirmeyi, fikir ve proje \u00fcretmeyi, bu \u015fekilde \u015fehrimize, kul\u00fcplerimize, sporumuza ve toplumumuza g\u00f6n\u00fcll\u00fcl\u00fck esas\u0131na g\u00f6re hizmet etmeyi ama\u00e7layan bir sivil toplum kurulu\u015fu olarak yolumuza devam\u2028ediyoruz.\u2028\u2028Ortalama [&hellip;]<\/p>\n","protected":false},"author":1,"featured_media":2056,"comment_status":"open","ping_status":"open","sticky":false,"template":"","format":"standard","meta":{"_uag_custom_page_level_css":"","footnotes":""},"categories":[7],"tags":[],"class_list":["post-2055","post","type-post","status-publish","format-standard","has-post-thumbnail","hentry","category-haberler"],"uagb_featured_image_src":{"full":["https:\/\/izvak.org\/wp-content\/uploads\/2026\/01\/WhatsApp-Image-2026-01-21-at-06.05.45.jpeg",1600,822,false],"thumbnail":["https:\/\/izvak.org\/wp-content\/uploads\/2026\/01\/WhatsApp-Image-2026-01-21-at-06.05.45-150x150.jpeg",150,150,true],"medium":["https:\/\/izvak.org\/wp-content\/uploads\/2026\/01\/WhatsApp-Image-2026-01-21-at-06.05.45-300x154.jpeg",300,154,true],"medium_large":["https:\/\/izvak.org\/wp-content\/uploads\/2026\/01\/WhatsApp-Image-2026-01-21-at-06.05.45-768x395.jpeg",640,329,true],"large":["https:\/\/izvak.org\/wp-content\/uploads\/2026\/01\/WhatsApp-Image-2026-01-21-at-06.05.45-1024x526.jpeg",640,329,true],"1536x1536":["https:\/\/izvak.org\/wp-content\/uploads\/2026\/01\/WhatsApp-Image-2026-01-21-at-06.05.45-1536x789.jpeg",1536,789,true],"2048x2048":["https:\/\/izvak.org\/wp-content\/uploads\/2026\/01\/WhatsApp-Image-2026-01-21-at-06.05.45.jpeg",1600,822,false]},"uagb_author_info":{"display_name":"izvak","author_link":"https:\/\/izvak.org\/index.php\/author\/izvakorg\/"},"uagb_comment_info":3,"uagb_excerpt":"\u2028\u0130zmir Spor Kul\u00fcpleri Birli\u011fi Vakf\u0131 (\u0130ZVAK) olarak, i\u015f birli\u011fi ve dayan\u0131\u015fman\u0131n getirdi\u011fi dostluk iklimi ile kendi alan\u0131nda \u00fclkemizdeki ilk ve tek \u00f6rnek olmay\u0131 s\u00fcrd\u00fcr\u00fcyoruz. Kul\u00fcplerimiz ve taraftarlar\u0131m\u0131z aras\u0131nda ortak akl\u0131 geli\u015ftirmeyi, fikir ve proje \u00fcretmeyi, bu \u015fekilde \u015fehrimize, kul\u00fcplerimize, sporumuza ve toplumumuza g\u00f6n\u00fcll\u00fcl\u00fck esas\u0131na g\u00f6re hizmet etmeyi ama\u00e7layan bir sivil toplum kurulu\u015fu olarak yolumuza devam\u2028ediyoruz.\u2028\u2028Ortalama&hellip;","_links":{"self":[{"href":"https:\/\/izvak.org\/index.php\/wp-json\/wp\/v2\/posts\/2055","targetHints":{"allow":["GET"]}}],"collection":[{"href":"https:\/\/izvak.org\/index.php\/wp-json\/wp\/v2\/posts"}],"about":[{"href":"https:\/\/izvak.org\/index.php\/wp-json\/wp\/v2\/types\/post"}],"author":[{"embeddable":true,"href":"https:\/\/izvak.org\/index.php\/wp-json\/wp\/v2\/users\/1"}],"replies":[{"embeddable":true,"href":"https:\/\/izvak.org\/index.php\/wp-json\/wp\/v2\/comments?post=2055"}],"version-history":[{"count":5,"href":"https:\/\/izvak.org\/index.php\/wp-json\/wp\/v2\/posts\/2055\/revisions"}],"predecessor-version":[{"id":2061,"href":"https:\/\/izvak.org\/index.php\/wp-json\/wp\/v2\/posts\/2055\/revisions\/2061"}],"wp:featuredmedia":[{"embeddable":true,"href":"https:\/\/izvak.org\/index.php\/wp-json\/wp\/v2\/media\/2056"}],"wp:attachment":[{"href":"https:\/\/izvak.org\/index.php\/wp-json\/wp\/v2\/media?parent=2055"}],"wp:term":[{"taxonomy":"category","embeddable":true,"href":"https:\/\/izvak.org\/index.php\/wp-json\/wp\/v2\/categories?post=2055"},{"taxonomy":"post_tag","embeddable":true,"href":"https:\/\/izvak.org\/index.php\/wp-json\/wp\/v2\/tags?post=2055"}],"curies":[{"name":"wp","href":"https:\/\/api.w.org\/{rel}","templated":true}]}}