{"id":2079,"date":"2026-09-02T07:35:26","date_gmt":"2026-09-02T07:35:26","guid":{"rendered":"https:\/\/izvak.org\/?p=2079"},"modified":"2026-09-02T07:38:00","modified_gmt":"2026-09-02T07:38:00","slug":"yonetim-kurulumuz-karsiyaka-stadi-projesindeki-12-yillik-gecikmenin-kulup-ve-kamuda-yarattigi-mali-kayiplari-degerlendiren-bir-rapor-yayinladi","status":"publish","type":"post","link":"https:\/\/izvak.org\/index.php\/2026\/09\/02\/yonetim-kurulumuz-karsiyaka-stadi-projesindeki-12-yillik-gecikmenin-kulup-ve-kamuda-yarattigi-mali-kayiplari-degerlendiren-bir-rapor-yayinladi\/","title":{"rendered":"Y\u00d6NET\u0130M KURULUMUZ,\u00a0KAR\u015eIYAKA STADI PROJES\u0130NDEK\u0130 12 YILLIK GEC\u0130KMEN\u0130N KUL\u00dcP VE KAMUDA YARATTI\u011eI MAL\u0130 KAYIPLARI DE\u011eERLEND\u0130REN B\u0130R RAPOR YAYINLADI\u2026"},"content":{"rendered":"\n<p class=\"wp-block-paragraph\"><strong>Ekonomik Etki Analizi ilk kez gecikmenin kul\u00fcp ve kamu \u00fczerindeki ger\u00e7ek maliyetini ortaya koydu. Toplam fatura, yakla\u015f\u0131k 100 milyon Euroyu a\u015ft\u0131.<\/strong><\/p>\n\n\n\n<p class=\"wp-block-paragraph\">Y\u00f6netim Kurulumuz, Kar\u015f\u0131yaka Stad\u0131 Projesi\u2019nde ya\u015fanan uzun s\u00fcreli gecikmenin ekonomik sonu\u00e7lar\u0131n\u0131 ortaya koyan kapsaml\u0131&nbsp;<strong>\u201cKar\u015f\u0131yaka Stad\u0131 Projesi, Ekonomik Etki Analizi\u201d<\/strong>&nbsp;raporunu kamuoyu ile payla\u015ft\u0131.&nbsp;<\/p>\n\n\n\n<p class=\"wp-block-paragraph\">Raporun amac\u0131, yaln\u0131zca bug\u00fcne kadar ya\u015fanan kay\u0131plar\u0131 ortaya koymak de\u011fil, benzer gecikmelerin bir daha ya\u015fanmamas\u0131 i\u00e7in karar vericilere bilimsel bir de\u011ferlendirme sunmak olarak a\u00e7\u0131kland\u0131.<\/p>\n\n\n\n<p class=\"wp-block-paragraph\">Raporda yer alan analizlere g\u00f6re, 2017 y\u0131l\u0131nda tamamlanmas\u0131 planlanan ancak en iyi ihtimalle 2029 y\u0131l\u0131nda hizmete girebilece\u011fi \u00f6ng\u00f6r\u00fclen Kar\u015f\u0131yaka Stad\u0131\u2019ndaki yakla\u015f\u0131k&nbsp;<strong>12 y\u0131ll\u0131k gecikme<\/strong>, Kar\u015f\u0131yaka Spor Kul\u00fcb\u00fc a\u00e7\u0131s\u0131ndan&nbsp;<strong>75\u201385 milyon Euro<\/strong>&nbsp;d\u00fczeyinde ekonomik kayba yol a\u00e7arken, kamu maliyesinin de yakla\u015f\u0131k&nbsp;<strong>21,2 milyon Euro<\/strong>&nbsp;vergi gelirinden mahrum kald\u0131\u011f\u0131 hesapland\u0131.<\/p>\n\n\n\n<p class=\"wp-block-paragraph\">Kar\u015f\u0131yaka Spor Kul\u00fcb\u00fc\u2019n\u00fcn u\u011frad\u0131\u011f\u0131 ekonomik zarar\u0131n&nbsp;<strong>24 Milyon Eurosu<\/strong>, gecikme nedeniyle ortaya \u00e7\u0131kan ve b\u00fcy\u00fck \u00f6l\u00e7\u00fcde \u00f6nlenebilir nitelikte oldu\u011fu belirtilen finansman y\u00fck\u00fcnden olu\u015fuyor.&nbsp;&nbsp;<\/p>\n\n\n\n<p class=\"wp-block-paragraph\"><strong>\u201cStadyum, yaln\u0131zca trib\u00fcn de\u011fildir\u201d<\/strong><\/p>\n\n\n\n<p class=\"wp-block-paragraph\">Yap\u0131lan de\u011ferlendirmede, modern stadyumlar\u0131n yaln\u0131zca futbol kar\u015f\u0131la\u015fmalar\u0131n\u0131n oynand\u0131\u011f\u0131 tesisler olmad\u0131\u011f\u0131, ticaret, sponsorluk, turizm, istihdam ve kent ekonomisi a\u00e7\u0131s\u0131ndan s\u00fcrekli gelir \u00fcreten ekonomik merkezler haline geldi\u011fi vurguland\u0131. Avrupa ve T\u00fcrkiye\u2019deki \u00f6rneklerin incelendi\u011fi raporda, yeni nesil stadyumlar\u0131n kul\u00fcplerin ekonomik geli\u015fmesinde belirleyici rol oynad\u0131\u011f\u0131 belirtildi.<\/p>\n\n\n\n<p class=\"wp-block-paragraph\">Rapora g\u00f6re Kar\u015f\u0131yaka Stad\u0131\u2019n\u0131n faaliyete ge\u00e7mesi halinde y\u0131ll\u0131k yakla\u015f\u0131k&nbsp;<strong>4,8 milyon Euro br\u00fct<\/strong>,&nbsp;<strong>2,1 milyon Euro net ekonomik de\u011fer<\/strong>&nbsp;olu\u015fturabilecek bir potansiyele sahip oldu\u011fu hesapland\u0131.<\/p>\n\n\n\n<p class=\"wp-block-paragraph\"><strong>Sportif ba\u015far\u0131y\u0131 da olumsuz etkiliyor.<\/strong><\/p>\n\n\n\n<p class=\"wp-block-paragraph\">Raporda stadyum eksikli\u011finin yaln\u0131zca mali sonu\u00e7lar do\u011furmad\u0131\u011f\u0131, ayn\u0131 zamanda kul\u00fcb\u00fcn sportif rekabet g\u00fcc\u00fcn\u00fc de olumsuz etkiledi\u011fi ifade edildi. Modern stadyumlar\u0131n i\u00e7 saha performans\u0131n\u0131, taraftar kat\u0131l\u0131m\u0131n\u0131, sponsorluk gelirlerini ve marka de\u011ferini art\u0131rd\u0131\u011f\u0131, Kar\u015f\u0131yaka\u2019n\u0131n ise bu avantajlardan uzun y\u0131llard\u0131r mahrum kald\u0131\u011f\u0131 belirtildi.<\/p>\n\n\n<div class=\"wp-block-image\">\n<figure class=\"aligncenter size-large is-resized\"><img loading=\"lazy\" decoding=\"async\" width=\"1024\" height=\"641\" src=\"https:\/\/izvak.org\/wp-content\/uploads\/2026\/09\/Picture1-1024x641.png\" alt=\"\" class=\"wp-image-2081\" style=\"aspect-ratio:1.6007604562737643;width:421px;height:auto\" srcset=\"https:\/\/izvak.org\/wp-content\/uploads\/2026\/09\/Picture1-1024x641.png 1024w, https:\/\/izvak.org\/wp-content\/uploads\/2026\/09\/Picture1-300x188.png 300w, https:\/\/izvak.org\/wp-content\/uploads\/2026\/09\/Picture1-768x481.png 768w, https:\/\/izvak.org\/wp-content\/uploads\/2026\/09\/Picture1.png 1292w\" sizes=\"auto, (max-width: 1024px) 100vw, 1024px\" \/><\/figure>\n<\/div>\n\n\n<p class=\"wp-block-paragraph\"><strong>Bu sadece Kar\u015f\u0131yaka\u2019n\u0131n de\u011fil, \u0130zmir\u2019in sorunudur.<\/strong><\/p>\n\n\n\n<p class=\"wp-block-paragraph\">Raporda temel hedefinin kamuoyunda fark\u0131ndal\u0131k olu\u015fturmak ve s\u00fcrecin sa\u011fl\u0131kl\u0131 bi\u00e7imde tamamlanmas\u0131na katk\u0131 sunmak oldu\u011funu belirtildi.<\/p>\n\n\n\n<p class=\"wp-block-paragraph\">Raporun sonu\u00e7 b\u00f6l\u00fcm\u00fcnde ise \u015fu de\u011ferlendirmeye yer verildi: \u201cKar\u015f\u0131yaka Stad\u0131 bir in\u015faat de\u011fil, bir ekonomik modeldir ve kul\u00fcb\u00fcn finansal gelece\u011fidir. Bu proje tamamland\u0131\u011f\u0131nda yaln\u0131zca bir tesis kazan\u0131lmayacak, Kar\u015f\u0131yaka\u2019n\u0131n ekonomik ve kurumsal yap\u0131lanmas\u0131n\u0131 da destekleyecektir.\u201d<\/p>\n\n\n\n<p class=\"wp-block-paragraph\">Y\u00f6netim Kurulumuz ayr\u0131ca, Kar\u015f\u0131yaka\u2019n\u0131n 114 y\u0131ll\u0131k tarihiyle yaln\u0131zca bir spor kul\u00fcb\u00fc olmad\u0131\u011f\u0131na, \u0130zmir\u2019in en \u00f6nemli marka de\u011ferlerinden ve k\u00fclt\u00fcrel miraslar\u0131ndan biri oldu\u011funa, stadyum projesinin tamamlanmas\u0131n\u0131n yaln\u0131zca kul\u00fcp a\u00e7\u0131s\u0131ndan de\u011fil, kent ekonomisi ve kamu yarar\u0131 a\u00e7\u0131s\u0131ndan da stratejik \u00f6nem ta\u015f\u0131d\u0131\u011f\u0131na dikkat \u00e7ekti.<\/p>\n\n\n\n<p class=\"wp-block-paragraph\">Raporun tamam\u0131na a\u015fa\u011f\u0131daki linkten ula\u015fabilirsiniz : <a href=\"https:\/\/izvak.org\/index.php\/yonetim-kurulundan-karsiyaka-stadi-projesi-ekonomik-etki-analizi\/\" data-type=\"page\" data-id=\"2083\">Y\u00d6NET\u0130M KURULUNDAN \u2013 KAR\u015eIYAKA STADI PROJES\u0130 EKONOM\u0130K ETK\u0130 ANAL\u0130Z\u0130<\/a><\/p>\n\n\n\n<p class=\"wp-block-paragraph\"><\/p>\n","protected":false},"excerpt":{"rendered":"<p>Ekonomik Etki Analizi ilk kez gecikmenin kul\u00fcp ve kamu \u00fczerindeki ger\u00e7ek maliyetini ortaya koydu. Toplam fatura, yakla\u015f\u0131k 100 milyon Euroyu a\u015ft\u0131. Y\u00f6netim Kurulumuz, Kar\u015f\u0131yaka Stad\u0131 Projesi\u2019nde ya\u015fanan uzun s\u00fcreli gecikmenin ekonomik sonu\u00e7lar\u0131n\u0131 ortaya koyan kapsaml\u0131&nbsp;\u201cKar\u015f\u0131yaka Stad\u0131 Projesi, Ekonomik Etki Analizi\u201d&nbsp;raporunu kamuoyu ile payla\u015ft\u0131.&nbsp; Raporun amac\u0131, yaln\u0131zca bug\u00fcne kadar ya\u015fanan kay\u0131plar\u0131 ortaya koymak de\u011fil, benzer gecikmelerin [&hellip;]<\/p>\n","protected":false},"author":1,"featured_media":2080,"comment_status":"open","ping_status":"open","sticky":false,"template":"","format":"standard","meta":{"_uag_custom_page_level_css":"","footnotes":""},"categories":[7],"tags":[],"class_list":["post-2079","post","type-post","status-publish","format-standard","has-post-thumbnail","hentry","category-haberler"],"uagb_featured_image_src":{"full":["https:\/\/izvak.org\/wp-content\/uploads\/2026\/09\/GO\u0308RSEL-scaled.jpg",2560,1441,false],"thumbnail":["https:\/\/izvak.org\/wp-content\/uploads\/2026\/09\/GO\u0308RSEL-150x150.jpg",150,150,true],"medium":["https:\/\/izvak.org\/wp-content\/uploads\/2026\/09\/GO\u0308RSEL-300x169.jpg",300,169,true],"medium_large":["https:\/\/izvak.org\/wp-content\/uploads\/2026\/09\/GO\u0308RSEL-768x432.jpg",640,360,true],"large":["https:\/\/izvak.org\/wp-content\/uploads\/2026\/09\/GO\u0308RSEL-1024x577.jpg",640,361,true],"1536x1536":["https:\/\/izvak.org\/wp-content\/uploads\/2026\/09\/GO\u0308RSEL-1536x865.jpg",1536,865,true],"2048x2048":["https:\/\/izvak.org\/wp-content\/uploads\/2026\/09\/GO\u0308RSEL-2048x1153.jpg",2048,1153,true]},"uagb_author_info":{"display_name":"izvak","author_link":"https:\/\/izvak.org\/index.php\/author\/izvakorg\/"},"uagb_comment_info":0,"uagb_excerpt":"Ekonomik Etki Analizi ilk kez gecikmenin kul\u00fcp ve kamu \u00fczerindeki ger\u00e7ek maliyetini ortaya koydu. Toplam fatura, yakla\u015f\u0131k 100 milyon Euroyu a\u015ft\u0131. Y\u00f6netim Kurulumuz, Kar\u015f\u0131yaka Stad\u0131 Projesi\u2019nde ya\u015fanan uzun s\u00fcreli gecikmenin ekonomik sonu\u00e7lar\u0131n\u0131 ortaya koyan kapsaml\u0131&nbsp;\u201cKar\u015f\u0131yaka Stad\u0131 Projesi, Ekonomik Etki Analizi\u201d&nbsp;raporunu kamuoyu ile payla\u015ft\u0131.&nbsp; Raporun amac\u0131, yaln\u0131zca bug\u00fcne kadar ya\u015fanan kay\u0131plar\u0131 ortaya koymak de\u011fil, benzer gecikmelerin&hellip;","_links":{"self":[{"href":"https:\/\/izvak.org\/index.php\/wp-json\/wp\/v2\/posts\/2079","targetHints":{"allow":["GET"]}}],"collection":[{"href":"https:\/\/izvak.org\/index.php\/wp-json\/wp\/v2\/posts"}],"about":[{"href":"https:\/\/izvak.org\/index.php\/wp-json\/wp\/v2\/types\/post"}],"author":[{"embeddable":true,"href":"https:\/\/izvak.org\/index.php\/wp-json\/wp\/v2\/users\/1"}],"replies":[{"embeddable":true,"href":"https:\/\/izvak.org\/index.php\/wp-json\/wp\/v2\/comments?post=2079"}],"version-history":[{"count":2,"href":"https:\/\/izvak.org\/index.php\/wp-json\/wp\/v2\/posts\/2079\/revisions"}],"predecessor-version":[{"id":2086,"href":"https:\/\/izvak.org\/index.php\/wp-json\/wp\/v2\/posts\/2079\/revisions\/2086"}],"wp:featuredmedia":[{"embeddable":true,"href":"https:\/\/izvak.org\/index.php\/wp-json\/wp\/v2\/media\/2080"}],"wp:attachment":[{"href":"https:\/\/izvak.org\/index.php\/wp-json\/wp\/v2\/media?parent=2079"}],"wp:term":[{"taxonomy":"category","embeddable":true,"href":"https:\/\/izvak.org\/index.php\/wp-json\/wp\/v2\/categories?post=2079"},{"taxonomy":"post_tag","embeddable":true,"href":"https:\/\/izvak.org\/index.php\/wp-json\/wp\/v2\/tags?post=2079"}],"curies":[{"name":"wp","href":"https:\/\/api.w.org\/{rel}","templated":true}]}}